{"id":218891,"date":"2015-05-27T00:13:01","date_gmt":"2015-05-27T05:13:01","guid":{"rendered":"http:\/\/www.diarioimagen.net\/?p=218891"},"modified":"2015-05-28T00:21:57","modified_gmt":"2015-05-28T05:21:57","slug":"segunda-cruzada-nacional-de-salud","status":"publish","type":"post","link":"https:\/\/www.diarioimagen.net\/?p=218891","title":{"rendered":"Segunda cruzada nacional de salud"},"content":{"rendered":"<h2>Arco Norte<\/h2>\n<h5>Jos\u00e9 Luis Monta\u00f1ez Aguilar<\/h5>\n<p>&nbsp;<\/p>\n<div id=\"attachment_218977\" style=\"width: 250px\" class=\"wp-caption alignleft\"><a href=\"http:\/\/www.diarioimagen.net\/?attachment_id=218977\" rel=\"attachment wp-att-218977\"><img loading=\"lazy\" decoding=\"async\" aria-describedby=\"caption-attachment-218977\" class=\"size-medium wp-image-218977\" src=\"http:\/\/www.diarioimagen.net\/wp-content\/uploads\/2015\/05\/arco-2619-240x135.jpg\" alt=\"El gobernador del Estado de M\u00e9xico, Eruviel \u00c1vila Villegas, inform\u00f3 que en la Segunda Semana Nacional de Salud en la entidad se realizar\u00e1n m\u00e1s de 9 millones de acciones preventivas y de vacunaci\u00f3n, a fin de proteger la salud de la poblaci\u00f3n mexiquense. Anunci\u00f3 que se destinaron m\u00e1s de 117 millones de pesos para la realizaci\u00f3n de 9 millones de acciones, como la aplicaci\u00f3n de vacunas y entrega de sobres de vida suero oral, entre otras.\" width=\"240\" height=\"135\" srcset=\"https:\/\/www.diarioimagen.net\/wp-content\/uploads\/2015\/05\/arco-2619-240x135.jpg 240w, https:\/\/www.diarioimagen.net\/wp-content\/uploads\/2015\/05\/arco-2619-420x236.jpg 420w, https:\/\/www.diarioimagen.net\/wp-content\/uploads\/2015\/05\/arco-2619-235x132.jpg 235w, https:\/\/www.diarioimagen.net\/wp-content\/uploads\/2015\/05\/arco-2619-202x114.jpg 202w, https:\/\/www.diarioimagen.net\/wp-content\/uploads\/2015\/05\/arco-2619-350x196.jpg 350w, https:\/\/www.diarioimagen.net\/wp-content\/uploads\/2015\/05\/arco-2619-220x123.jpg 220w, https:\/\/www.diarioimagen.net\/wp-content\/uploads\/2015\/05\/arco-2619-237x132.jpg 237w, https:\/\/www.diarioimagen.net\/wp-content\/uploads\/2015\/05\/arco-2619.jpg 480w\" sizes=\"auto, (max-width: 240px) 100vw, 240px\" \/><\/a><p id=\"caption-attachment-218977\" class=\"wp-caption-text\">El gobernador del Estado de M\u00e9xico, Eruviel \u00c1vila Villegas, inform\u00f3 que en la Segunda Semana Nacional de Salud en la entidad se realizar\u00e1n m\u00e1s de 9 millones de acciones preventivas y de vacunaci\u00f3n, a fin de proteger la salud de la poblaci\u00f3n mexiquense. Anunci\u00f3 que se destinaron m\u00e1s de 117 millones de pesos para la realizaci\u00f3n de 9 millones de acciones, como la aplicaci\u00f3n de vacunas y entrega de sobres de vida suero oral, entre otras.<\/p><\/div>\n<p>Al poner en marcha la Segunda Semana Nacional de Salud de este a\u00f1o en territorio mexiquense, el gobernador del Estado de M\u00e9xico inform\u00f3 que a trav\u00e9s de \u00e9sta se realizar\u00e1n m\u00e1s de 9 millones de acciones preventivas y de vacunaci\u00f3n, para lo cual se destinaron m\u00e1s de 117 millones de pesos, con la finalidad de proteger la salud de la poblaci\u00f3n de la entidad.\u00a0\u201cHoy todas las dependencias del gobierno federal que tienen que ver con temas de salud, la Sedena, Marina, Pemex, ISSSTE, IMSS, y desde luego la Secretar\u00eda de Salud del gobierno federal estamos participando, cerrando filas, por la salud de nuestras ni\u00f1as, de nuestros ni\u00f1os y de todos los mexiquenses\u201d, expres\u00f3. Acompa\u00f1ado del subsecretario de Prevenci\u00f3n y Promoci\u00f3n de la Salud del gobierno federal, el titular del Ejecutivo mexiquense se\u00f1al\u00f3 la Segunda Semana Nacional de Salud, es un programa gubernamental que busca proteger la salud de los mexicanos, mediante la aplicaci\u00f3n de vacunas, principalmente, as\u00ed como a trav\u00e9s de dar vitaminas, sueros y material necesario para la prevenci\u00f3n de enfermedades. Precis\u00f3 que esta ocasi\u00f3n participar\u00e1n m\u00e1s de 2 mil 200 trabajadores de la salud de la entidad, as\u00ed como m\u00e1s de 21 mil voluntarios, y la poblaci\u00f3n podr\u00e1 asistir a mil 500 unidades m\u00e9dicas del Edomex, adem\u00e1s estar\u00e1n a su disposici\u00f3n m\u00e1s de 3 mil puntos de vacunaci\u00f3n y colaborar\u00e1n m\u00e1s de 10 mil brigadas de salud. \u201cSe\u00f1oras, se\u00f1ores, padres de familia, por favor vacunen a sus ni\u00f1os porque es obsequiarles prevenci\u00f3n, es darles salud\u201d, apunt\u00f3.\u00a0 Asimismo, manifest\u00f3 que desde hace seis a\u00f1os en la entidad no se ha registrado ning\u00fan nacimiento de beb\u00e9s con VIH, aunque la mam\u00e1 sea portadora de este virus, ya que se aplican tratamientos para evitar que el peque\u00f1o se contagie al nacer.<\/p>\n<p><em><a href=\"mailto:montanezaguilar@gmail.com\" target=\"_blank\">montanezaguilar@gmail.com<\/a><\/em><\/p>\n","protected":false},"excerpt":{"rendered":"<p><span style=\"color: #005497;\"><strong>Jos\u00e9 Luis Monta\u00f1ez Aguilar<\/strong><\/span><br \/>\n<br \/>\nAl poner en marcha la Segunda Semana Nacional de Salud de este a\u00f1o en territorio mexiquense, el gobernador del Estado de M\u00e9xico inform\u00f3 que a trav\u00e9s de \u00e9sta se realizar\u00e1n m\u00e1s de 9 millones de acciones preventivas y de vacunaci\u00f3n, para lo cual se destinaron m\u00e1s de 117 millones de pesos, con la finalidad de proteger la salud de la poblaci\u00f3n de la entidad.<\/p>\n","protected":false},"author":3,"featured_media":218977,"comment_status":"open","ping_status":"open","sticky":false,"template":"","format":"standard","meta":{"_monsterinsights_skip_tracking":false,"_monsterinsights_sitenote_active":false,"_monsterinsights_sitenote_note":"","_monsterinsights_sitenote_category":0,"footnotes":""},"categories":[11622],"tags":[13284,257,952,43704,43674,23578],"class_list":["post-218891","post","type-post","status-publish","format-standard","has-post-thumbnail","hentry","category-jose-luis-montanez-aguilar","tag-arco-norte","tag-imss","tag-issste","tag-jose-luis-montanez-aguilar","tag-opinion","tag-segunda-semana-nacional-de-salud"],"_links":{"self":[{"href":"https:\/\/www.diarioimagen.net\/index.php?rest_route=\/wp\/v2\/posts\/218891","targetHints":{"allow":["GET"]}}],"collection":[{"href":"https:\/\/www.diarioimagen.net\/index.php?rest_route=\/wp\/v2\/posts"}],"about":[{"href":"https:\/\/www.diarioimagen.net\/index.php?rest_route=\/wp\/v2\/types\/post"}],"author":[{"embeddable":true,"href":"https:\/\/www.diarioimagen.net\/index.php?rest_route=\/wp\/v2\/users\/3"}],"replies":[{"embeddable":true,"href":"https:\/\/www.diarioimagen.net\/index.php?rest_route=%2Fwp%2Fv2%2Fcomments&post=218891"}],"version-history":[{"count":0,"href":"https:\/\/www.diarioimagen.net\/index.php?rest_route=\/wp\/v2\/posts\/218891\/revisions"}],"wp:featuredmedia":[{"embeddable":true,"href":"https:\/\/www.diarioimagen.net\/index.php?rest_route=\/wp\/v2\/media\/218977"}],"wp:attachment":[{"href":"https:\/\/www.diarioimagen.net\/index.php?rest_route=%2Fwp%2Fv2%2Fmedia&parent=218891"}],"wp:term":[{"taxonomy":"category","embeddable":true,"href":"https:\/\/www.diarioimagen.net\/index.php?rest_route=%2Fwp%2Fv2%2Fcategories&post=218891"},{"taxonomy":"post_tag","embeddable":true,"href":"https:\/\/www.diarioimagen.net\/index.php?rest_route=%2Fwp%2Fv2%2Ftags&post=218891"}],"curies":[{"name":"wp","href":"https:\/\/api.w.org\/{rel}","templated":true}]}}