{"id":218893,"date":"2015-05-27T00:09:03","date_gmt":"2015-05-27T05:09:03","guid":{"rendered":"http:\/\/www.diarioimagen.net\/?p=218893"},"modified":"2015-05-27T06:20:19","modified_gmt":"2015-05-27T11:20:19","slug":"programa-de-vales-para-utiles-pasara-a-150-pesos-por-alumno","status":"publish","type":"post","link":"https:\/\/www.diarioimagen.net\/?p=218893","title":{"rendered":"Programa de vales para \u00fatiles pasar\u00e1 a 150 pesos por alumno"},"content":{"rendered":"<ul>\n<li><strong><em>Plan piloto de entrega de zapatos para escolares en tres municipios<\/em><\/strong><\/li>\n<\/ul>\n<h6>Redacci\u00f3n<\/h6>\n<p>E<\/p>\n<div id=\"attachment_218992\" style=\"width: 250px\" class=\"wp-caption alignleft\"><a href=\"http:\/\/www.diarioimagen.net\/?attachment_id=218992\" rel=\"attachment wp-att-218992\"><img loading=\"lazy\" decoding=\"async\" aria-describedby=\"caption-attachment-218992\" class=\"size-medium wp-image-218992\" src=\"http:\/\/www.diarioimagen.net\/wp-content\/uploads\/2015\/05\/eruviel-edomex-2619-240x135.jpg\" alt=\"El gobernador mexiquense indic\u00f3 que desde el 8 de junio tambi\u00e9n se pondr\u00e1 en marcha un programa piloto para entregar vales a estudiantes mexiquenses de tres municipios de la entidad para la adquisici\u00f3n de zapatos.\" width=\"240\" height=\"135\" srcset=\"https:\/\/www.diarioimagen.net\/wp-content\/uploads\/2015\/05\/eruviel-edomex-2619-240x135.jpg 240w, https:\/\/www.diarioimagen.net\/wp-content\/uploads\/2015\/05\/eruviel-edomex-2619-420x236.jpg 420w, https:\/\/www.diarioimagen.net\/wp-content\/uploads\/2015\/05\/eruviel-edomex-2619-235x132.jpg 235w, https:\/\/www.diarioimagen.net\/wp-content\/uploads\/2015\/05\/eruviel-edomex-2619-202x114.jpg 202w, https:\/\/www.diarioimagen.net\/wp-content\/uploads\/2015\/05\/eruviel-edomex-2619-350x196.jpg 350w, https:\/\/www.diarioimagen.net\/wp-content\/uploads\/2015\/05\/eruviel-edomex-2619-220x123.jpg 220w, https:\/\/www.diarioimagen.net\/wp-content\/uploads\/2015\/05\/eruviel-edomex-2619-237x132.jpg 237w, https:\/\/www.diarioimagen.net\/wp-content\/uploads\/2015\/05\/eruviel-edomex-2619.jpg 480w\" sizes=\"auto, (max-width: 240px) 100vw, 240px\" \/><\/a><p id=\"caption-attachment-218992\" class=\"wp-caption-text\">El gobernador mexiquense indic\u00f3 que desde el 8 de junio tambi\u00e9n se pondr\u00e1 en marcha un programa piloto para entregar vales a estudiantes mexiquenses de tres municipios de la entidad para la adquisici\u00f3n de zapatos.<\/p><\/div>\n<p>l gobernador del Estado de M\u00e9xico inform\u00f3 que gracias al apoyo del gobierno federal, los vales del programa de entrega gratuita de \u00fatiles escolares para alumnos de nivel b\u00e1sico, los cuales se otorgar\u00e1n a partir del 8 de junio, tendr\u00e1n un valor de 150 pesos por ni\u00f1o y ya no de 130 como se program\u00f3 en un principio.<\/p>\n<p>Adem\u00e1s, dio a conocer que desde el 8 de junio tambi\u00e9n se pondr\u00e1 en marcha un programa piloto para entregar vales a estudiantes mexiquenses de tres municipios de la entidad para la adquisici\u00f3n de zapatos.<\/p>\n<p>\u201cGracias al apoyo del gobierno federal, en lugar de ser 130 pesos por alumno, van a ser 150 pesos por estudiante en vales para que los puedan canjear en las diferentes tiendas departamentales, papeler\u00edas, que forman parte de este programa.<\/p>\n<p>\u201cEstoy cierto que estos programas ser\u00e1n para bien de la econom\u00eda familiar, pero especialmente ser\u00e1n para bien de nuestras ni\u00f1as, de nuestros ni\u00f1os que son lo m\u00e1s importante y lo m\u00e1s valioso que tenemos\u201d, se\u00f1al\u00f3.<\/p>\n<p>El titular del Ejecutivo estatal record\u00f3 que a inicios de este a\u00f1o se entreg\u00f3 a los alumnos mexiquenses su tarjeta La Efectiva, a trav\u00e9s de la cual a partir del 8 de junio y hasta el 8 julio podr\u00e1n recoger sus vales de \u00fatiles escolares, y manifest\u00f3 que se informar\u00e1 a trav\u00e9s de los planteles educativos cu\u00e1ndo podr\u00e1n realizar esta acci\u00f3n.<\/p>\n<p>Asimismo, el gobernador mexiquense indic\u00f3 que en los municipios de Ecatepec, Huixquilucan, y Naucalpan, se pondr\u00e1 en marcha un programa piloto de entrega de zapatos para los alumnos mexiquenses de estos municipios, a quienes se les otorgar\u00e1 un vale equivalente a 400 pesos.<\/p>\n<p>\u201cEstas acciones, estos programas se suman a una serie de acciones que impulsamos a favor de la educaci\u00f3n de nuestras ni\u00f1as, de nuestros ni\u00f1os en el Estado de M\u00e9xico\u201d.<\/p>\n<p>&nbsp;<\/p>\n","protected":false},"excerpt":{"rendered":"<p>El gobernador del Estado de M\u00e9xico inform\u00f3 que gracias al apoyo del gobierno federal, los vales del programa de entrega gratuita de \u00fatiles escolares para alumnos de nivel b\u00e1sico, los cuales se otorgar\u00e1n a partir del 8 de junio, tendr\u00e1n un valor de 150 pesos por ni\u00f1o y ya no de 130 como se program\u00f3 en un principio.<\/p>\n","protected":false},"author":3,"featured_media":218992,"comment_status":"open","ping_status":"open","sticky":false,"template":"","format":"standard","meta":{"_monsterinsights_skip_tracking":false,"_monsterinsights_sitenote_active":false,"_monsterinsights_sitenote_note":"","_monsterinsights_sitenote_category":0,"footnotes":""},"categories":[5],"tags":[21667,5828,43675],"class_list":["post-218893","post","type-post","status-publish","format-standard","has-post-thumbnail","hentry","category-estado-de-mexico","tag-ayuda","tag-eruviel-avila-villegas","tag-estado-de-mexico"],"_links":{"self":[{"href":"https:\/\/www.diarioimagen.net\/index.php?rest_route=\/wp\/v2\/posts\/218893","targetHints":{"allow":["GET"]}}],"collection":[{"href":"https:\/\/www.diarioimagen.net\/index.php?rest_route=\/wp\/v2\/posts"}],"about":[{"href":"https:\/\/www.diarioimagen.net\/index.php?rest_route=\/wp\/v2\/types\/post"}],"author":[{"embeddable":true,"href":"https:\/\/www.diarioimagen.net\/index.php?rest_route=\/wp\/v2\/users\/3"}],"replies":[{"embeddable":true,"href":"https:\/\/www.diarioimagen.net\/index.php?rest_route=%2Fwp%2Fv2%2Fcomments&post=218893"}],"version-history":[{"count":0,"href":"https:\/\/www.diarioimagen.net\/index.php?rest_route=\/wp\/v2\/posts\/218893\/revisions"}],"wp:featuredmedia":[{"embeddable":true,"href":"https:\/\/www.diarioimagen.net\/index.php?rest_route=\/wp\/v2\/media\/218992"}],"wp:attachment":[{"href":"https:\/\/www.diarioimagen.net\/index.php?rest_route=%2Fwp%2Fv2%2Fmedia&parent=218893"}],"wp:term":[{"taxonomy":"category","embeddable":true,"href":"https:\/\/www.diarioimagen.net\/index.php?rest_route=%2Fwp%2Fv2%2Fcategories&post=218893"},{"taxonomy":"post_tag","embeddable":true,"href":"https:\/\/www.diarioimagen.net\/index.php?rest_route=%2Fwp%2Fv2%2Ftags&post=218893"}],"curies":[{"name":"wp","href":"https:\/\/api.w.org\/{rel}","templated":true}]}}