{"id":218919,"date":"2015-05-27T00:03:06","date_gmt":"2015-05-27T05:03:06","guid":{"rendered":"http:\/\/www.diarioimagen.net\/?p=218919"},"modified":"2015-05-27T06:37:11","modified_gmt":"2015-05-27T11:37:11","slug":"lozano-rechaza-irregularidades-en-la-federacion-de-atletismo","status":"publish","type":"post","link":"https:\/\/www.diarioimagen.net\/?p=218919","title":{"rendered":"Lozano rechaza irregularidades en la Federaci\u00f3n de Atletismo"},"content":{"rendered":"<ul>\n<li><strong><em>Se revisar\u00e1n denuncias: Castillo<\/em><\/strong><\/li>\n<\/ul>\n<div id=\"attachment_219014\" style=\"width: 250px\" class=\"wp-caption alignleft\"><a href=\"http:\/\/www.diarioimagen.net\/?attachment_id=219014\" rel=\"attachment wp-att-219014\"><img loading=\"lazy\" decoding=\"async\" aria-describedby=\"caption-attachment-219014\" class=\"size-medium wp-image-219014\" src=\"http:\/\/www.diarioimagen.net\/wp-content\/uploads\/2015\/05\/lozano-2619-240x135.jpg\" alt=\"Antonio Lozano desconoce denuncias de presuntas irregularidades en la Federaci\u00f3n Mexicana de Atletismo.\" width=\"240\" height=\"135\" srcset=\"https:\/\/www.diarioimagen.net\/wp-content\/uploads\/2015\/05\/lozano-2619-240x135.jpg 240w, https:\/\/www.diarioimagen.net\/wp-content\/uploads\/2015\/05\/lozano-2619-420x236.jpg 420w, https:\/\/www.diarioimagen.net\/wp-content\/uploads\/2015\/05\/lozano-2619-235x132.jpg 235w, https:\/\/www.diarioimagen.net\/wp-content\/uploads\/2015\/05\/lozano-2619-202x114.jpg 202w, https:\/\/www.diarioimagen.net\/wp-content\/uploads\/2015\/05\/lozano-2619-350x196.jpg 350w, https:\/\/www.diarioimagen.net\/wp-content\/uploads\/2015\/05\/lozano-2619-220x123.jpg 220w, https:\/\/www.diarioimagen.net\/wp-content\/uploads\/2015\/05\/lozano-2619-237x132.jpg 237w, https:\/\/www.diarioimagen.net\/wp-content\/uploads\/2015\/05\/lozano-2619.jpg 480w\" sizes=\"auto, (max-width: 240px) 100vw, 240px\" \/><\/a><p id=\"caption-attachment-219014\" class=\"wp-caption-text\">Antonio Lozano desconoce denuncias de presuntas irregularidades en la Federaci\u00f3n Mexicana de Atletismo.<\/p><\/div>\n<p>El presidente de la Federaci\u00f3n Mexicana de Asociaciones de Atletismo (FMAA), Antonio Lozano, manifest\u00f3 desconocer denuncias de presuntas irregularidades en el organismo.<\/p>\n<p>Alfredo Castillo, director general de la Comisi\u00f3n Nacional de Cultura F\u00edsica y Deporte (Conade), expuso, en un comunicado, que \u201chabr\u00e1n de revisarse denuncias de presuntas irregularidades en la Federaci\u00f3n Mexicana de Asociaciones de Atletismo\u201d.<\/p>\n<p>Luego de una reuni\u00f3n con el medallista ol\u00edmpico y ahora entrenador de caminata atl\u00e9tica, Bernardo Segura, Castillo Cervantes indic\u00f3 que con el objetivo de resurgir esta modalidad \u201cdeben erradicarse vicios impuestos por la gente de pantal\u00f3n largo y que han causado un severo da\u00f1o a esta disciplina deportiva\u201d.<\/p>\n<p>\u201cNo conozco esas denuncias, tendr\u00eda que saber de qu\u00e9 est\u00e1 hablando. Me imagino que son las supuestas irregularidades de la gente que no est\u00e1 a favor de la federaci\u00f3n, pero eso se ha venido ventilando desde hace mucho tiempo y no tengo nada que ocultar en ese sentido\u201d, expres\u00f3 Lozano.<\/p>\n<p>Indic\u00f3 que ante la postura de Conade \u201cme siento tranquilo, en la federaci\u00f3n hemos sido muy cuidadosos respecto a la forma en que opera la instituci\u00f3n y la gente que ha estado inconforme lo ha hecho ante la Comisi\u00f3n de Apelaci\u00f3n y Arbitraje del Deporte y en ese organismo se contestan las posiciones en ese sentido\u201d.<\/p>\n<p>Resalt\u00f3 que tuvo una reuni\u00f3n muy breve con Alfredo Castillo, en las instalaciones del Comit\u00e9 Ol\u00edmpico Mexicano, y cuestionado de c\u00f3mo fueron los t\u00e9rminos de dicho encuentro, explic\u00f3 que \u201cnada m\u00e1s de saludarnos y de comentar algunas cosas muy superficiales y no ha habido una reuni\u00f3n como tal\u201d.<\/p>\n<p>Cuestionado de si urge una reuni\u00f3n entre ambos, respondi\u00f3 que \u201crealmente nosotros estamos trabajando, este es el mes de m\u00e1s operaci\u00f3n en la federaci\u00f3n y no s\u00e9, me imagino que \u00e9l tambi\u00e9n ha de estar muy ocupado, no s\u00e9, la verdad que no tenemos nada urgente que atender, porque no hay ninguna emergencia en el atletismo\u201d.<\/p>\n<p>Inform\u00f3 que el organismo le pag\u00f3 el a\u00f1o pasado a Bernardo Segura como entrenador y \u201cno s\u00e9 cu\u00e1les sean sus pretensiones en relaci\u00f3n a la federaci\u00f3n, pero es alguien que estuvo en la n\u00f3mina el a\u00f1o pasado en la instituci\u00f3n\u201d.<\/p>\n<p>A pregunta de por qu\u00e9 sali\u00f3 de la n\u00f3mina, explic\u00f3 que \u201cporque los atletas que entrenaba cambiaron de entrenador y eso es ajeno a la federaci\u00f3n, y si a un entrenador se le paga por entrenar a un determinado grupo de atletas y deja de ser entrenador de ellos, pues es obvio que se le debe dejar de pagar\u201d.<\/p>\n<p>&nbsp;<\/p>\n","protected":false},"excerpt":{"rendered":"<p>El presidente de la Federaci\u00f3n Mexicana de Asociaciones de Atletismo (FMAA), Antonio Lozano, manifest\u00f3 desconocer denuncias de presuntas irregularidades en el organismo.<\/p>\n","protected":false},"author":3,"featured_media":219014,"comment_status":"open","ping_status":"open","sticky":false,"template":"","format":"standard","meta":{"_monsterinsights_skip_tracking":false,"_monsterinsights_sitenote_active":false,"_monsterinsights_sitenote_note":"","_monsterinsights_sitenote_category":0,"footnotes":""},"categories":[10],"tags":[7564,4389],"class_list":["post-218919","post","type-post","status-publish","format-standard","has-post-thumbnail","hentry","category-deportes","tag-alfredo-castillo-cervantes","tag-comision-nacional-de-cultura-fisica-y-deporte"],"_links":{"self":[{"href":"https:\/\/www.diarioimagen.net\/index.php?rest_route=\/wp\/v2\/posts\/218919","targetHints":{"allow":["GET"]}}],"collection":[{"href":"https:\/\/www.diarioimagen.net\/index.php?rest_route=\/wp\/v2\/posts"}],"about":[{"href":"https:\/\/www.diarioimagen.net\/index.php?rest_route=\/wp\/v2\/types\/post"}],"author":[{"embeddable":true,"href":"https:\/\/www.diarioimagen.net\/index.php?rest_route=\/wp\/v2\/users\/3"}],"replies":[{"embeddable":true,"href":"https:\/\/www.diarioimagen.net\/index.php?rest_route=%2Fwp%2Fv2%2Fcomments&post=218919"}],"version-history":[{"count":0,"href":"https:\/\/www.diarioimagen.net\/index.php?rest_route=\/wp\/v2\/posts\/218919\/revisions"}],"wp:featuredmedia":[{"embeddable":true,"href":"https:\/\/www.diarioimagen.net\/index.php?rest_route=\/wp\/v2\/media\/219014"}],"wp:attachment":[{"href":"https:\/\/www.diarioimagen.net\/index.php?rest_route=%2Fwp%2Fv2%2Fmedia&parent=218919"}],"wp:term":[{"taxonomy":"category","embeddable":true,"href":"https:\/\/www.diarioimagen.net\/index.php?rest_route=%2Fwp%2Fv2%2Fcategories&post=218919"},{"taxonomy":"post_tag","embeddable":true,"href":"https:\/\/www.diarioimagen.net\/index.php?rest_route=%2Fwp%2Fv2%2Ftags&post=218919"}],"curies":[{"name":"wp","href":"https:\/\/api.w.org\/{rel}","templated":true}]}}