{"id":219067,"date":"2015-05-28T00:05:33","date_gmt":"2015-05-28T05:05:33","guid":{"rendered":"http:\/\/www.diarioimagen.net\/?p=219067"},"modified":"2015-05-29T06:30:10","modified_gmt":"2015-05-29T11:30:10","slug":"evaluacion-de-avances-en-cuidado-de-bosques","status":"publish","type":"post","link":"https:\/\/www.diarioimagen.net\/?p=219067","title":{"rendered":"Evaluaci\u00f3n de avances en cuidado de bosques"},"content":{"rendered":"<h2>Arco Norte<\/h2>\n<h5>Jos\u00e9 Luis Monta\u00f1ez Aguilar<\/h5>\n<p>&nbsp;<\/p>\n<div id=\"attachment_219159\" style=\"width: 250px\" class=\"wp-caption alignleft\"><a href=\"http:\/\/www.diarioimagen.net\/?attachment_id=219159\" rel=\"attachment wp-att-219159\"><img loading=\"lazy\" decoding=\"async\" aria-describedby=\"caption-attachment-219159\" class=\"size-medium wp-image-219159\" src=\"http:\/\/www.diarioimagen.net\/wp-content\/uploads\/2015\/05\/arco-2620-240x135.jpg\" alt=\"Al encabezar, junto con el secretario federal del Medio Ambiente, la reuni\u00f3n de evaluaci\u00f3n y seguimiento en materia de inspecci\u00f3n y vigilancia forestal, el gobernador mexiquense destac\u00f3 las\u00a0 acciones que el gobierno estatal impulsa, a fin de preservar las zonas forestales, como operativos contra la tala clandestina, campa\u00f1as de reforestaci\u00f3n, reformas legales que establecen multas y sentencias m\u00e1s severas a quienes da\u00f1en los bosques, entre otras.\" width=\"240\" height=\"135\" srcset=\"https:\/\/www.diarioimagen.net\/wp-content\/uploads\/2015\/05\/arco-2620-240x135.jpg 240w, https:\/\/www.diarioimagen.net\/wp-content\/uploads\/2015\/05\/arco-2620-420x236.jpg 420w, https:\/\/www.diarioimagen.net\/wp-content\/uploads\/2015\/05\/arco-2620-235x132.jpg 235w, https:\/\/www.diarioimagen.net\/wp-content\/uploads\/2015\/05\/arco-2620-202x114.jpg 202w, https:\/\/www.diarioimagen.net\/wp-content\/uploads\/2015\/05\/arco-2620-350x196.jpg 350w, https:\/\/www.diarioimagen.net\/wp-content\/uploads\/2015\/05\/arco-2620-220x123.jpg 220w, https:\/\/www.diarioimagen.net\/wp-content\/uploads\/2015\/05\/arco-2620-237x132.jpg 237w, https:\/\/www.diarioimagen.net\/wp-content\/uploads\/2015\/05\/arco-2620.jpg 480w\" sizes=\"auto, (max-width: 240px) 100vw, 240px\" \/><\/a><p id=\"caption-attachment-219159\" class=\"wp-caption-text\">Al encabezar, junto con el secretario federal del Medio Ambiente, la reuni\u00f3n de evaluaci\u00f3n y seguimiento en materia de inspecci\u00f3n y vigilancia forestal, el gobernador mexiquense destac\u00f3 las\u00a0 acciones que el gobierno estatal impulsa, a fin de preservar las zonas forestales, como operativos contra la tala clandestina, campa\u00f1as de reforestaci\u00f3n, reformas legales que establecen multas y sentencias m\u00e1s severas a quienes da\u00f1en los bosques, entre otras.<\/p><\/div>\n<p>El gobernador Eruviel \u00c1vila destac\u00f3 las acciones que el gobierno estatal impulsa, a fin de preservar las zonas forestales, como operativos contra la tala clandestina, campa\u00f1as de reforestaci\u00f3n, reformas legales que establecen multas y sentencias m\u00e1s severas a quienes da\u00f1en los bosques, entre otras, e indic\u00f3 que gracias a la coordinaci\u00f3n con autoridades federales, en el Estado de M\u00e9xico ha mejorado la sustentabilidad y el cuidado de importantes \u00e1reas naturales, como lo es el Nevado de Toluca. Al encabezar, junto con el secretario federal del Medio Ambiente, la reuni\u00f3n de evaluaci\u00f3n y seguimiento en materia de inspecci\u00f3n y vigilancia forestal en el sal\u00f3n Gobernadores de Palacio de Gobierno, el titular del Ejecutivo estatal reconoci\u00f3 a la Procuradur\u00eda Federal de Protecci\u00f3n al Ambiente (Profepa), por la pr\u00f3xima instalaci\u00f3n de una subdelegaci\u00f3n de esta dependencia en la regi\u00f3n de Valle de Bravo, ya que su presencia permitir\u00e1 tener un mayor cuidado de los recursos naturales de esa zona. Asimismo, reiter\u00f3 que producto del convenio para combatir la tala clandestina en el Estado de M\u00e9xico, entre la Protectora de Bosques (Probosque) e instituciones de seguridad federal y estatal, as\u00ed como la Profepa, de agosto de 2013 a mayo de este a\u00f1o, se han realizado 917 operativos; 360 filtros de revisi\u00f3n al transporte; m\u00e1s de 510 inspecciones a industrias forestales; se han asegurado 201 personas, 195 veh\u00edculos y 382 herramientas; se han clausurado 56 aserraderos o maderer\u00edas y se han decomisado m\u00e1s de 5 mil 600 metros c\u00fabicos de madera, equivalentes a 600 camiones de 10 toneladas. En su intervenci\u00f3n, el secretario federal del Medio Ambiente destac\u00f3 que la meta sexenal del gobierno de la Rep\u00fablica es la reforestaci\u00f3n de un mill\u00f3n de hect\u00e1reas, cerca de 170 mil por a\u00f1o, y detall\u00f3 que gracias al trabajo de diversas dependencias y a la colaboraci\u00f3n de gobiernos estatales, a la fecha se ha cumplido m\u00e1s de 50% de este objetivo.<\/p>\n<p><em><a href=\"mailto:montanezaguilar@gmail.com\" target=\"_blank\">montanezaguilar@gmail.com<\/a><\/em><\/p>\n<p>&nbsp;<\/p>\n","protected":false},"excerpt":{"rendered":"<p><span style=\"color: #005497;\"><strong>Jos\u00e9 Luis Monta\u00f1ez Aguilar<\/strong><\/span><br \/>\n<br \/>\nEl gobernador Eruviel \u00c1vila destac\u00f3 las acciones que el gobierno estatal impulsa, a fin de preservar las zonas forestales, como operativos contra la tala clandestina, campa\u00f1as de reforestaci\u00f3n, reformas legales que establecen multas y sentencias m\u00e1s severas a quienes da\u00f1en los bosques, entre otras, e indic\u00f3 que gracias a la coordinaci\u00f3n con autoridades federales, en el Estado de M\u00e9xico ha mejorado la sustentabilidad y el cuidado de importantes \u00e1reas naturales, como lo es el Nevado de Toluca.<\/p>\n","protected":false},"author":3,"featured_media":219159,"comment_status":"open","ping_status":"open","sticky":false,"template":"","format":"standard","meta":{"_monsterinsights_skip_tracking":false,"_monsterinsights_sitenote_active":false,"_monsterinsights_sitenote_note":"","_monsterinsights_sitenote_category":0,"footnotes":""},"categories":[5],"tags":[13284,43704,6072,43674],"class_list":["post-219067","post","type-post","status-publish","format-standard","has-post-thumbnail","hentry","category-estado-de-mexico","tag-arco-norte","tag-jose-luis-montanez-aguilar","tag-nevado-de-toluca","tag-opinion"],"_links":{"self":[{"href":"https:\/\/www.diarioimagen.net\/index.php?rest_route=\/wp\/v2\/posts\/219067","targetHints":{"allow":["GET"]}}],"collection":[{"href":"https:\/\/www.diarioimagen.net\/index.php?rest_route=\/wp\/v2\/posts"}],"about":[{"href":"https:\/\/www.diarioimagen.net\/index.php?rest_route=\/wp\/v2\/types\/post"}],"author":[{"embeddable":true,"href":"https:\/\/www.diarioimagen.net\/index.php?rest_route=\/wp\/v2\/users\/3"}],"replies":[{"embeddable":true,"href":"https:\/\/www.diarioimagen.net\/index.php?rest_route=%2Fwp%2Fv2%2Fcomments&post=219067"}],"version-history":[{"count":0,"href":"https:\/\/www.diarioimagen.net\/index.php?rest_route=\/wp\/v2\/posts\/219067\/revisions"}],"wp:featuredmedia":[{"embeddable":true,"href":"https:\/\/www.diarioimagen.net\/index.php?rest_route=\/wp\/v2\/media\/219159"}],"wp:attachment":[{"href":"https:\/\/www.diarioimagen.net\/index.php?rest_route=%2Fwp%2Fv2%2Fmedia&parent=219067"}],"wp:term":[{"taxonomy":"category","embeddable":true,"href":"https:\/\/www.diarioimagen.net\/index.php?rest_route=%2Fwp%2Fv2%2Fcategories&post=219067"},{"taxonomy":"post_tag","embeddable":true,"href":"https:\/\/www.diarioimagen.net\/index.php?rest_route=%2Fwp%2Fv2%2Ftags&post=219067"}],"curies":[{"name":"wp","href":"https:\/\/api.w.org\/{rel}","templated":true}]}}