{"id":219266,"date":"2015-05-29T00:06:53","date_gmt":"2015-05-29T05:06:53","guid":{"rendered":"http:\/\/www.diarioimagen.net\/?p=219266"},"modified":"2015-06-01T03:41:34","modified_gmt":"2015-06-01T08:41:34","slug":"unidad-de-estudios-superiores-para-los-jovenes-de-ecatepec","status":"publish","type":"post","link":"https:\/\/www.diarioimagen.net\/?p=219266","title":{"rendered":"Unidad de Estudios Superiores para los j\u00f3venes de Ecatepec"},"content":{"rendered":"<h2>Arco Norte<\/h2>\n<h5>Jos\u00e9 Luis Monta\u00f1ez Aguilar<\/h5>\n<p>&nbsp;<\/p>\n<div id=\"attachment_219352\" style=\"width: 250px\" class=\"wp-caption alignleft\"><a href=\"http:\/\/www.diarioimagen.net\/?attachment_id=219352\" rel=\"attachment wp-att-219352\"><img loading=\"lazy\" decoding=\"async\" aria-describedby=\"caption-attachment-219352\" class=\"size-medium wp-image-219352\" src=\"http:\/\/www.diarioimagen.net\/wp-content\/uploads\/2015\/05\/arco-2621-240x135.jpg\" alt=\"El gobernador del Estado de M\u00e9xico, Eruviel \u00c1vila, inaugur\u00f3 ayer la Unidad de Estudios Superiores de Ecatepec, de la Universidad Mexiquense del Bicentenario, que atender\u00e1 una matr\u00edcula de m\u00e1s de 500 alumnos y en donde se ofrecer\u00e1n carreras como Ingenier\u00eda en Gesti\u00f3n Empresarial, Ingenier\u00eda en Log\u00edstica y Distribuci\u00f3n, as\u00ed como la Licenciatura en Criminolog\u00eda y en Inform\u00e1tica Administrativa y Financiera.\" width=\"240\" height=\"135\" srcset=\"https:\/\/www.diarioimagen.net\/wp-content\/uploads\/2015\/05\/arco-2621-240x135.jpg 240w, https:\/\/www.diarioimagen.net\/wp-content\/uploads\/2015\/05\/arco-2621-420x236.jpg 420w, https:\/\/www.diarioimagen.net\/wp-content\/uploads\/2015\/05\/arco-2621-235x132.jpg 235w, https:\/\/www.diarioimagen.net\/wp-content\/uploads\/2015\/05\/arco-2621-202x114.jpg 202w, https:\/\/www.diarioimagen.net\/wp-content\/uploads\/2015\/05\/arco-2621-350x196.jpg 350w, https:\/\/www.diarioimagen.net\/wp-content\/uploads\/2015\/05\/arco-2621-220x123.jpg 220w, https:\/\/www.diarioimagen.net\/wp-content\/uploads\/2015\/05\/arco-2621-237x132.jpg 237w, https:\/\/www.diarioimagen.net\/wp-content\/uploads\/2015\/05\/arco-2621.jpg 480w\" sizes=\"auto, (max-width: 240px) 100vw, 240px\" \/><\/a><p id=\"caption-attachment-219352\" class=\"wp-caption-text\">El gobernador del Estado de M\u00e9xico, Eruviel \u00c1vila, inaugur\u00f3 ayer la Unidad de Estudios Superiores de Ecatepec, de la Universidad Mexiquense del Bicentenario, que atender\u00e1 una matr\u00edcula de m\u00e1s de 500 alumnos y en donde se ofrecer\u00e1n carreras como Ingenier\u00eda en Gesti\u00f3n Empresarial, Ingenier\u00eda en Log\u00edstica y Distribuci\u00f3n, as\u00ed como la Licenciatura en Criminolog\u00eda y en Inform\u00e1tica Administrativa y Financiera.<\/p><\/div>\n<p>El gobernador Eruviel \u00c1vila puso en marcha la Unidad de Estudios Superiores de Ecatepec, de la Universidad Mexiquense del Bicentenario, que atender\u00e1 una matr\u00edcula de m\u00e1s de 500 alumnos. \u201cHoy les vengo a entregar con mucho gusto esta universidad, este campus universitario de la Universidad Mexiquense del Bicentenario, a los ecatepequenses. Esta universidad ya forma parte del patrimonio cultural y educativo de Ecatepec. Es suya, cu\u00eddenla, ap\u00f3yenla, f\u00f3rmense, por favor; alumnas y alumnos de esta escuela, prep\u00e1rense como sus pap\u00e1s, como su familia, como yo quiero que se preparen: muy, pero muy bien\u201d, afirm\u00f3. Este plantel est\u00e1 construido en unidad habitacional Las Am\u00e9ricas, en una superficie de 49 mil metros cuadrados y requiri\u00f3 una inversi\u00f3n de 47 millones de pesos. Cuenta con 12 aulas, \u00e1rea administrativa, laboratorio de c\u00f3mputo, sanitarios y estacionamiento. El Ejecutivo estatal aclar\u00f3 que cuando se trata de temas educativos, el gobierno mexiquense no escatima recursos, y reconoci\u00f3 que fue el Presidente de M\u00e9xico, quien tuvo la visi\u00f3n de impulsar el sistema de la Universidad Mexiquense.<\/p>\n<p style=\"text-align: center;\"><strong>Quien est\u00e1 educando no est\u00e1 deseducando<\/strong><strong> y viceversa: Raymundo Mart\u00ednez<\/strong>.<\/p>\n<p>El candidato Raymundo Mart\u00ednez propone pol\u00edticas p\u00fablicas orientadas al buen desarrollo de los menores de manera que no sean presa de los grupos delincuenciales. De manera respetuosa y convincente, es como Mart\u00ednez Carbajal, quien es abanderado de la coalici\u00f3n parcial conformada por el PRI-PVEM, recorre casa por casa las delegaciones del distrito I, el cual busca representar en la C\u00e1mara local, durante su visita a la demarcaci\u00f3n de Cacalomac\u00e1n, resalt\u00f3 que habr\u00e1 de proponer diversas iniciativas, las que tienen, como motivo principal, prevenir el delito a trav\u00e9s de pol\u00edticas p\u00fablicas eficientes, como lo es la convivencia arm\u00f3nica y la educaci\u00f3n cercana a los valores en las escuelas y en los hogares. Mart\u00ednez Carbajal apunt\u00f3 que es importante poner atenci\u00f3n en la formaci\u00f3n de ni\u00f1os y j\u00f3venes para prevenir que caigan en las filas de grupos delictivos y sean, posteriormente, quienes perpetren fechor\u00edas en las calles de la capital mexiquense, en este sentido coment\u00f3 que \u201cquien est\u00e1 educando no est\u00e1 deseducando y viceversa, por lo que invito a padres de familia y profesores a trabajar juntos y as\u00ed evitar que nuestros hijos sean parte de la estad\u00edstica negativa, sino al contrario, que resalten por ser los mejores en su ramo, ya sea en las artes o el deporte, por ello, me pronunciar\u00e9 a favor de que se desarrollen pol\u00edticas p\u00fablicas que permitan el sano esparcimiento de ni\u00f1os, adolescentes y j\u00f3venes alej\u00e1ndolos de los vicios y poni\u00e9ndolos en el camino de la superaci\u00f3n\u201d, resalt\u00f3. Finalmente, agreg\u00f3 que su proyecto es integral y que prefiere que todos prevengan antes de que sea demasiado tarde y se tenga que reaccionar a trav\u00e9s de otras instancias.<\/p>\n<p><em><a href=\"mailto:montanezaguilar@gmail.com\" target=\"_blank\">montanezaguilar@gmail.com<\/a><\/em><\/p>\n<p>&nbsp;<\/p>\n","protected":false},"excerpt":{"rendered":"<p><span style=\"color: #005497;\"><strong>Jos\u00e9 Luis Monta\u00f1ez Aguilar<\/strong><\/span><br \/>\n<br \/>\nEl gobernador Eruviel \u00c1vila puso en marcha la Unidad de Estudios Superiores de Ecatepec, de la Universidad Mexiquense del Bicentenario, que atender\u00e1 una matr\u00edcula de m\u00e1s de 500 alumnos.<\/p>\n","protected":false},"author":3,"featured_media":219352,"comment_status":"open","ping_status":"open","sticky":false,"template":"","format":"standard","meta":{"_monsterinsights_skip_tracking":false,"_monsterinsights_sitenote_active":false,"_monsterinsights_sitenote_note":"","_monsterinsights_sitenote_category":0,"footnotes":""},"categories":[5],"tags":[13284,43675,43704,43674],"class_list":["post-219266","post","type-post","status-publish","format-standard","has-post-thumbnail","hentry","category-estado-de-mexico","tag-arco-norte","tag-estado-de-mexico","tag-jose-luis-montanez-aguilar","tag-opinion"],"_links":{"self":[{"href":"https:\/\/www.diarioimagen.net\/index.php?rest_route=\/wp\/v2\/posts\/219266","targetHints":{"allow":["GET"]}}],"collection":[{"href":"https:\/\/www.diarioimagen.net\/index.php?rest_route=\/wp\/v2\/posts"}],"about":[{"href":"https:\/\/www.diarioimagen.net\/index.php?rest_route=\/wp\/v2\/types\/post"}],"author":[{"embeddable":true,"href":"https:\/\/www.diarioimagen.net\/index.php?rest_route=\/wp\/v2\/users\/3"}],"replies":[{"embeddable":true,"href":"https:\/\/www.diarioimagen.net\/index.php?rest_route=%2Fwp%2Fv2%2Fcomments&post=219266"}],"version-history":[{"count":0,"href":"https:\/\/www.diarioimagen.net\/index.php?rest_route=\/wp\/v2\/posts\/219266\/revisions"}],"wp:featuredmedia":[{"embeddable":true,"href":"https:\/\/www.diarioimagen.net\/index.php?rest_route=\/wp\/v2\/media\/219352"}],"wp:attachment":[{"href":"https:\/\/www.diarioimagen.net\/index.php?rest_route=%2Fwp%2Fv2%2Fmedia&parent=219266"}],"wp:term":[{"taxonomy":"category","embeddable":true,"href":"https:\/\/www.diarioimagen.net\/index.php?rest_route=%2Fwp%2Fv2%2Fcategories&post=219266"},{"taxonomy":"post_tag","embeddable":true,"href":"https:\/\/www.diarioimagen.net\/index.php?rest_route=%2Fwp%2Fv2%2Ftags&post=219266"}],"curies":[{"name":"wp","href":"https:\/\/api.w.org\/{rel}","templated":true}]}}