{"id":220033,"date":"2015-06-04T00:07:19","date_gmt":"2015-06-04T05:07:19","guid":{"rendered":"http:\/\/www.diarioimagen.net\/?p=220033"},"modified":"2015-06-04T07:50:39","modified_gmt":"2015-06-04T12:50:39","slug":"cabify-ampliara-operaciones-a-mas-ciudades-de-mexico","status":"publish","type":"post","link":"https:\/\/www.diarioimagen.net\/?p=220033","title":{"rendered":"Cabify ampliar\u00e1 operaciones a m\u00e1s ciudades de M\u00e9xico"},"content":{"rendered":"<ul>\n<li><strong><em>Servicio de autos con chofer<\/em><\/strong><\/li>\n<\/ul>\n<p><a href=\"http:\/\/www.diarioimagen.net\/?attachment_id=220160\" rel=\"attachment wp-att-220160\"><img loading=\"lazy\" decoding=\"async\" class=\"alignleft size-medium wp-image-220160\" src=\"http:\/\/www.diarioimagen.net\/wp-content\/uploads\/2015\/06\/Cabify-2625-240x135.jpg\" alt=\"Cabify-2625\" width=\"240\" height=\"135\" srcset=\"https:\/\/www.diarioimagen.net\/wp-content\/uploads\/2015\/06\/Cabify-2625-240x135.jpg 240w, https:\/\/www.diarioimagen.net\/wp-content\/uploads\/2015\/06\/Cabify-2625-420x236.jpg 420w, https:\/\/www.diarioimagen.net\/wp-content\/uploads\/2015\/06\/Cabify-2625-235x132.jpg 235w, https:\/\/www.diarioimagen.net\/wp-content\/uploads\/2015\/06\/Cabify-2625-202x114.jpg 202w, https:\/\/www.diarioimagen.net\/wp-content\/uploads\/2015\/06\/Cabify-2625-350x196.jpg 350w, https:\/\/www.diarioimagen.net\/wp-content\/uploads\/2015\/06\/Cabify-2625-220x123.jpg 220w, https:\/\/www.diarioimagen.net\/wp-content\/uploads\/2015\/06\/Cabify-2625-237x132.jpg 237w, https:\/\/www.diarioimagen.net\/wp-content\/uploads\/2015\/06\/Cabify-2625.jpg 480w\" sizes=\"auto, (max-width: 240px) 100vw, 240px\" \/><\/a>La plataforma de transporte Cabify dio a conocer que buscar\u00e1 expandir sus operaciones este a\u00f1o a Guadalajara, Monterrey y al Estado de M\u00e9xico, ante la aceptaci\u00f3n que ha tenido en la ciudad de M\u00e9xico.<\/p>\n<p>El CEO de la compa\u00f1\u00eda en el pa\u00eds, Ricardo Weder, dijo que est\u00e1n en la mejor disposici\u00f3n de platicar con las autoridades correspondientes, para exponer cu\u00e1l es su objetivo y de qu\u00e9 forma se puede trabajar en conjunto.<\/p>\n<p>\u201cEn Cabify cumplimos con todas las normas establecidas en el marco jur\u00eddico, ya que somos una empresa constituida legalmente en M\u00e9xico y que paga los impuestos correspondientes\u201d, expuso en un comunicado.<\/p>\n<p>De acuerdo con el directivo, la compa\u00f1\u00eda busca adem\u00e1s que el vac\u00edo legal sea regulado de manera equitativa, para lograr un cambio en materia de movilidad y sobre todo una regulaci\u00f3n enfocada al beneficio de los ciudadanos.<\/p>\n<p>\u201cComo lo hemos mencionado, el objetivo de Cabify es reducir la flota vehicular actual en la ciudad de M\u00e9xico, y lo estamos logrando gracias a que los usuarios se empiezan a dar cuenta de que es m\u00e1s eficiente y accesible viajar con nosotros y que no es necesario contar con un autom\u00f3vil propio\u201d, argumenta.<\/p>\n<p>Seg\u00fan el directivo, este tipo de servicio genera un nuevo mercado de usuarios que por razones de seguridad, confort y cobro claro de tarifas, prefieren utilizar Cabify y otras alternativas de movilidad impulsadas por la tecnolog\u00eda.<\/p>\n<p style=\"text-align: center;\"><strong>Instalar\u00e1n mesas de trabajo<\/strong><\/p>\n<p>La ALDF instalar\u00e1 mesas de trabajo para crear una normatividad y resolver el diferendo de taxistas y empresas que operan servicio de transporte por aplicaciones de tel\u00e9fonos m\u00f3viles.<\/p>\n<p>En sesi\u00f3n, la Diputaci\u00f3n Permanente exhort\u00f3 a las comisiones de Gobierno; Movilidad, y de Seguridad P\u00fablica a convocar a la brevedad a la Secretar\u00eda de Movilidad, la Consejer\u00eda Jur\u00eddica y de Servicios Legales, concesionarios y dichas empresas a elaborar la normatividad que regir\u00e1 el servicio.<\/p>\n","protected":false},"excerpt":{"rendered":"<p>La plataforma de transporte Cabify dio a conocer que buscar\u00e1 expandir sus operaciones este a\u00f1o a Guadalajara, Monterrey y al Estado de M\u00e9xico, ante la aceptaci\u00f3n que ha tenido en la ciudad de M\u00e9xico.<\/p>\n","protected":false},"author":3,"featured_media":220160,"comment_status":"open","ping_status":"open","sticky":false,"template":"","format":"standard","meta":{"_monsterinsights_skip_tracking":false,"_monsterinsights_sitenote_active":false,"_monsterinsights_sitenote_note":"","_monsterinsights_sitenote_category":0,"footnotes":""},"categories":[6],"tags":[5249,40962,2821,44,2015,43673],"class_list":["post-220033","post","type-post","status-publish","format-standard","has-post-thumbnail","hentry","category-cd-de-mexico","tag-autos","tag-cabify","tag-guadalajara","tag-mexico","tag-monterrey","tag-nacional"],"_links":{"self":[{"href":"https:\/\/www.diarioimagen.net\/index.php?rest_route=\/wp\/v2\/posts\/220033","targetHints":{"allow":["GET"]}}],"collection":[{"href":"https:\/\/www.diarioimagen.net\/index.php?rest_route=\/wp\/v2\/posts"}],"about":[{"href":"https:\/\/www.diarioimagen.net\/index.php?rest_route=\/wp\/v2\/types\/post"}],"author":[{"embeddable":true,"href":"https:\/\/www.diarioimagen.net\/index.php?rest_route=\/wp\/v2\/users\/3"}],"replies":[{"embeddable":true,"href":"https:\/\/www.diarioimagen.net\/index.php?rest_route=%2Fwp%2Fv2%2Fcomments&post=220033"}],"version-history":[{"count":0,"href":"https:\/\/www.diarioimagen.net\/index.php?rest_route=\/wp\/v2\/posts\/220033\/revisions"}],"wp:featuredmedia":[{"embeddable":true,"href":"https:\/\/www.diarioimagen.net\/index.php?rest_route=\/wp\/v2\/media\/220160"}],"wp:attachment":[{"href":"https:\/\/www.diarioimagen.net\/index.php?rest_route=%2Fwp%2Fv2%2Fmedia&parent=220033"}],"wp:term":[{"taxonomy":"category","embeddable":true,"href":"https:\/\/www.diarioimagen.net\/index.php?rest_route=%2Fwp%2Fv2%2Fcategories&post=220033"},{"taxonomy":"post_tag","embeddable":true,"href":"https:\/\/www.diarioimagen.net\/index.php?rest_route=%2Fwp%2Fv2%2Ftags&post=220033"}],"curies":[{"name":"wp","href":"https:\/\/api.w.org\/{rel}","templated":true}]}}