{"id":221086,"date":"2015-06-11T00:13:15","date_gmt":"2015-06-11T05:13:15","guid":{"rendered":"http:\/\/www.diarioimagen.net\/?p=221086"},"modified":"2015-06-14T23:58:34","modified_gmt":"2015-06-15T04:58:34","slug":"evaluaran-a-mas-de-400-mil-alumnos","status":"publish","type":"post","link":"https:\/\/www.diarioimagen.net\/?p=221086","title":{"rendered":"Evaluar\u00e1n a m\u00e1s de 400 mil alumnos"},"content":{"rendered":"<h2>Arco Norte<\/h2>\n<h5>Jos\u00e9 Luis Monta\u00f1ez Aguilar<\/h5>\n<p>&nbsp;<\/p>\n<div id=\"attachment_221180\" style=\"width: 250px\" class=\"wp-caption alignleft\"><a href=\"http:\/\/www.diarioimagen.net\/?attachment_id=221180\" rel=\"attachment wp-att-221180\"><img loading=\"lazy\" decoding=\"async\" aria-describedby=\"caption-attachment-221180\" class=\"size-medium wp-image-221180\" src=\"http:\/\/www.diarioimagen.net\/wp-content\/uploads\/2015\/06\/arco-2630-240x135.jpg\" alt=\"Eruviel \u00c1vila Villegas, gobernador del Estado de M\u00e9xico, anunci\u00f3 en Ecatepec de Morelos la aplicaci\u00f3n de prueba PLANEA a m\u00e1s de 400 mil alumnos mexiquenses. Se llevar\u00e1 a cabo los d\u00edas 10 y 11 de junio para los escolares de sexto de primaria, en tanto que el 17 y 18 de junio ser\u00e1 para los de tercero de secundaria. El mandatario estatal tambi\u00e9n entreg\u00f3 vales para \u00fatiles escolares, apoyos para la adquisici\u00f3n de zapatos, en beneficio de estudiantes de nivel b\u00e1sico de Ecatepec, as\u00ed como laptops a alumnos de excelencia acad\u00e9mica.\" width=\"240\" height=\"135\" srcset=\"https:\/\/www.diarioimagen.net\/wp-content\/uploads\/2015\/06\/arco-2630-240x135.jpg 240w, https:\/\/www.diarioimagen.net\/wp-content\/uploads\/2015\/06\/arco-2630-420x236.jpg 420w, https:\/\/www.diarioimagen.net\/wp-content\/uploads\/2015\/06\/arco-2630-235x132.jpg 235w, https:\/\/www.diarioimagen.net\/wp-content\/uploads\/2015\/06\/arco-2630-202x114.jpg 202w, https:\/\/www.diarioimagen.net\/wp-content\/uploads\/2015\/06\/arco-2630-350x196.jpg 350w, https:\/\/www.diarioimagen.net\/wp-content\/uploads\/2015\/06\/arco-2630-220x123.jpg 220w, https:\/\/www.diarioimagen.net\/wp-content\/uploads\/2015\/06\/arco-2630-237x132.jpg 237w, https:\/\/www.diarioimagen.net\/wp-content\/uploads\/2015\/06\/arco-2630.jpg 480w\" sizes=\"auto, (max-width: 240px) 100vw, 240px\" \/><\/a><p id=\"caption-attachment-221180\" class=\"wp-caption-text\">Eruviel \u00c1vila Villegas, gobernador del Estado de M\u00e9xico, anunci\u00f3 en Ecatepec de Morelos la aplicaci\u00f3n de prueba PLANEA a m\u00e1s de 400 mil alumnos mexiquenses. Se llevar\u00e1 a cabo los d\u00edas 10 y 11 de junio para los escolares de sexto de primaria, en tanto que el 17 y 18 de junio ser\u00e1 para los de tercero de secundaria. El mandatario estatal tambi\u00e9n entreg\u00f3 vales para \u00fatiles escolares, apoyos para la adquisici\u00f3n de zapatos, en beneficio de estudiantes de nivel b\u00e1sico de Ecatepec, as\u00ed como laptops a alumnos de excelencia acad\u00e9mica.<\/p><\/div>\n<p>El gobernador Eruviel \u00c1vila Villegas anunci\u00f3 que m\u00e1s de 400 mil alumnos mexiquenses de sexto de primaria y tercero de secundaria de 11 mil planteles, ser\u00e1n evaluados mediante la prueba Plan Nacional para las Evaluaciones de los Aprendizajes (PLANEA), que sustituye al examen ENLACE, y tiene como finalidad mantener las fortalezas de los estudiantes, evaluar su nivel acad\u00e9mico y superar sus limitaciones.<\/p>\n<p>\u201cVale la pena referir, amigas, amigos, que esta prueba PLANEA 2015 no pretende ni premiar, mucho menos castigar a ning\u00fan estudiante, simplemente es una evaluaci\u00f3n para saber c\u00f3mo vamos y qu\u00e9 podemos y debemos mejorar en los temas educativos\u201d, afirm\u00f3.\u2028Durante la entrega de laptops a estudiantes de excelencia del ciclo escolar 2014-2015, Eruviel \u00c1vila precis\u00f3 que PLANEA se llevar\u00e1 a cabo los d\u00edas 10 y 11 de junio para los escolares de sexto de primaria, en tanto que el 17 y 18 de junio ser\u00e1 para los de tercero de secundaria.<\/p>\n<p>Explic\u00f3 que esta evaluaci\u00f3n estar\u00e1 enfocada en materias relacionadas con el lenguaje, comunicaci\u00f3n y matem\u00e1ticas, as\u00ed como en habilidades relacionadas con la convivencia escolar. Adem\u00e1s, plantea la aplicaci\u00f3n de cuestionarios a alumnos, maestros y directivos, para conocer las circunstancias familiares y sociales en las que se desarrollan los aprendizajes.<\/p>\n<p>En este acto, en el que tambi\u00e9n entreg\u00f3 vales para \u00fatiles escolares y recursos para la adquisici\u00f3n de zapatos, en beneficio de estudiantes de nivel b\u00e1sico de Ecatepec, el gobernador refiri\u00f3 que la aplicaci\u00f3n de esta evaluaci\u00f3n comienza este 10 de junio a nivel nacional, y destac\u00f3 que es una medici\u00f3n m\u00e1s din\u00e1mica, robusta y permitir\u00e1 crear un punto de referencia.<\/p>\n<p><em><a href=\"mailto:montanezaguilar@gmail.com\" target=\"_blank\">montanezaguilar@gmail.com<\/a><\/em><\/p>\n","protected":false},"excerpt":{"rendered":"<p><span style=\"color: #005497;\"><strong>Jos\u00e9 Luis Monta\u00f1ez Aguilar<\/strong><\/span><br \/>\n<br \/>\nEl gobernador Eruviel \u00c1vila Villegas anunci\u00f3 que m\u00e1s de 400 mil alumnos mexiquenses de sexto de primaria y tercero de secundaria de 11 mil planteles, ser\u00e1n evaluados mediante la prueba Plan Nacional para las Evaluaciones de los Aprendizajes (PLANEA), que sustituye al examen ENLACE, y tiene como finalidad mantener las fortalezas de los estudiantes, evaluar su nivel acad\u00e9mico y superar sus limitaciones.<\/p>\n","protected":false},"author":3,"featured_media":221180,"comment_status":"open","ping_status":"open","sticky":false,"template":"","format":"standard","meta":{"_monsterinsights_skip_tracking":false,"_monsterinsights_sitenote_active":false,"_monsterinsights_sitenote_note":"","_monsterinsights_sitenote_category":0,"footnotes":""},"categories":[11622],"tags":[13284,5730,43704,43674],"class_list":["post-221086","post","type-post","status-publish","format-standard","has-post-thumbnail","hentry","category-jose-luis-montanez-aguilar","tag-arco-norte","tag-enlace","tag-jose-luis-montanez-aguilar","tag-opinion"],"_links":{"self":[{"href":"https:\/\/www.diarioimagen.net\/index.php?rest_route=\/wp\/v2\/posts\/221086","targetHints":{"allow":["GET"]}}],"collection":[{"href":"https:\/\/www.diarioimagen.net\/index.php?rest_route=\/wp\/v2\/posts"}],"about":[{"href":"https:\/\/www.diarioimagen.net\/index.php?rest_route=\/wp\/v2\/types\/post"}],"author":[{"embeddable":true,"href":"https:\/\/www.diarioimagen.net\/index.php?rest_route=\/wp\/v2\/users\/3"}],"replies":[{"embeddable":true,"href":"https:\/\/www.diarioimagen.net\/index.php?rest_route=%2Fwp%2Fv2%2Fcomments&post=221086"}],"version-history":[{"count":0,"href":"https:\/\/www.diarioimagen.net\/index.php?rest_route=\/wp\/v2\/posts\/221086\/revisions"}],"wp:featuredmedia":[{"embeddable":true,"href":"https:\/\/www.diarioimagen.net\/index.php?rest_route=\/wp\/v2\/media\/221180"}],"wp:attachment":[{"href":"https:\/\/www.diarioimagen.net\/index.php?rest_route=%2Fwp%2Fv2%2Fmedia&parent=221086"}],"wp:term":[{"taxonomy":"category","embeddable":true,"href":"https:\/\/www.diarioimagen.net\/index.php?rest_route=%2Fwp%2Fv2%2Fcategories&post=221086"},{"taxonomy":"post_tag","embeddable":true,"href":"https:\/\/www.diarioimagen.net\/index.php?rest_route=%2Fwp%2Fv2%2Ftags&post=221086"}],"curies":[{"name":"wp","href":"https:\/\/api.w.org\/{rel}","templated":true}]}}