{"id":221269,"date":"2015-06-12T00:09:04","date_gmt":"2015-06-12T05:09:04","guid":{"rendered":"http:\/\/www.diarioimagen.net\/?p=221269"},"modified":"2015-06-12T04:48:36","modified_gmt":"2015-06-12T09:48:36","slug":"incorporan-a-mujeres-indigenas-en-posgrados","status":"publish","type":"post","link":"https:\/\/www.diarioimagen.net\/?p=221269","title":{"rendered":"Incorporan a mujeres ind\u00edgenas en posgrados"},"content":{"rendered":"<ul>\n<li><strong><em>Consejo Mexiquense de Ciencia y Tecnolog\u00eda<\/em><\/strong><\/li>\n<\/ul>\n<div id=\"attachment_221366\" style=\"width: 250px\" class=\"wp-caption alignleft\"><a href=\"http:\/\/www.diarioimagen.net\/?attachment_id=221366\" rel=\"attachment wp-att-221366\"><img loading=\"lazy\" decoding=\"async\" aria-describedby=\"caption-attachment-221366\" class=\"size-medium wp-image-221366\" src=\"http:\/\/www.diarioimagen.net\/wp-content\/uploads\/2015\/06\/indigenas-2631-240x135.jpg\" alt=\"Cada programa de Incorporaci\u00f3n de Mujeres Ind\u00edgenas en Posgrados es una iniciativa del gobierno federal.\" width=\"240\" height=\"135\" srcset=\"https:\/\/www.diarioimagen.net\/wp-content\/uploads\/2015\/06\/indigenas-2631-240x135.jpg 240w, https:\/\/www.diarioimagen.net\/wp-content\/uploads\/2015\/06\/indigenas-2631-420x236.jpg 420w, https:\/\/www.diarioimagen.net\/wp-content\/uploads\/2015\/06\/indigenas-2631-235x132.jpg 235w, https:\/\/www.diarioimagen.net\/wp-content\/uploads\/2015\/06\/indigenas-2631-202x114.jpg 202w, https:\/\/www.diarioimagen.net\/wp-content\/uploads\/2015\/06\/indigenas-2631-350x196.jpg 350w, https:\/\/www.diarioimagen.net\/wp-content\/uploads\/2015\/06\/indigenas-2631-220x123.jpg 220w, https:\/\/www.diarioimagen.net\/wp-content\/uploads\/2015\/06\/indigenas-2631-237x132.jpg 237w, https:\/\/www.diarioimagen.net\/wp-content\/uploads\/2015\/06\/indigenas-2631.jpg 480w\" sizes=\"auto, (max-width: 240px) 100vw, 240px\" \/><\/a><p id=\"caption-attachment-221366\" class=\"wp-caption-text\">Cada programa de Incorporaci\u00f3n de Mujeres Ind\u00edgenas en Posgrados es una iniciativa del gobierno federal.<\/p><\/div>\n<p><strong>San Mateo Atenco, Estado de M\u00e9xico<\/strong>.- El Consejo Mexiquense de Ciencia y Tecnolog\u00eda (Comecyt) clausur\u00f3 el curso de inducci\u00f3n del Programa de Incorporaci\u00f3n de Mujeres Ind\u00edgenas en Posgrados para el Fortalecimiento Regional del Estado de M\u00e9xico; entre las beneficiadas hay 12 mujeres originarias de la entidad, una de Veracruz y una m\u00e1s del Distrito Federal, y los programas de maestr\u00eda elegidos est\u00e1n orientados a diferentes \u00e1reas del conocimiento, como Ciencias Qu\u00edmicas, Finanzas, Ciencias Agropecuarias, Ecolog\u00eda Tropical, entre otros.<\/p>\n<p>\u201cSon 14 mujeres las que concluyeron exitosamente la primera fase del programa que promueve la formaci\u00f3n de j\u00f3venes mexicanas de origen ind\u00edgena en estudios de maestr\u00eda con registro en el Programa Nacional de Posgrados de Calidad (PNPC)\u201d, se\u00f1al\u00f3 la directora general del Comecyt, Cristina Manzur Quiroga.<\/p>\n<p>La funcionaria inform\u00f3 que la segunda etapa del programa consistir\u00e1 en una estancia de cuatro semanas en Canad\u00e1, con todos los gastos pagados, para que las beneficiadas perfeccionen el dominio del idioma ingl\u00e9s e intercambien experiencias culturales en el extranjero.<\/p>\n<p>Cada programa de Incorporaci\u00f3n de Mujeres Ind\u00edgenas en Posgrados es una iniciativa del gobierno federal, a trav\u00e9s del Consejo Nacional de Ciencia y Tecnolog\u00eda (Conacyt) y los consejos estatales de ciencia y tecnolog\u00eda, para fortalecer a los grupos ind\u00edgenas del pa\u00eds, favoreciendo su inserci\u00f3n en el mercado laboral nacional.<\/p>\n","protected":false},"excerpt":{"rendered":"<p>El Consejo Mexiquense de Ciencia y Tecnolog\u00eda (Comecyt) clausur\u00f3 el curso de inducci\u00f3n del Programa de Incorporaci\u00f3n de Mujeres Ind\u00edgenas en Posgrados para el Fortalecimiento Regional del Estado de M\u00e9xico; entre las beneficiadas hay 12 mujeres originarias de la entidad, una de Veracruz y una m\u00e1s del Distrito Federal, y los programas de maestr\u00eda elegidos est\u00e1n orientados a diferentes \u00e1reas del conocimiento, como Ciencias Qu\u00edmicas, Finanzas, Ciencias Agropecuarias, Ecolog\u00eda Tropical, entre otros.<\/p>\n","protected":false},"author":3,"featured_media":221366,"comment_status":"open","ping_status":"open","sticky":false,"template":"","format":"standard","meta":{"_monsterinsights_skip_tracking":false,"_monsterinsights_sitenote_active":false,"_monsterinsights_sitenote_note":"","_monsterinsights_sitenote_category":0,"footnotes":""},"categories":[5],"tags":[772,771,43675,6776],"class_list":["post-221269","post","type-post","status-publish","format-standard","has-post-thumbnail","hentry","category-estado-de-mexico","tag-comecyt","tag-consejo-mexiquense-de-ciencia-y-tecnologia","tag-estado-de-mexico","tag-san-mateo-atenco"],"_links":{"self":[{"href":"https:\/\/www.diarioimagen.net\/index.php?rest_route=\/wp\/v2\/posts\/221269","targetHints":{"allow":["GET"]}}],"collection":[{"href":"https:\/\/www.diarioimagen.net\/index.php?rest_route=\/wp\/v2\/posts"}],"about":[{"href":"https:\/\/www.diarioimagen.net\/index.php?rest_route=\/wp\/v2\/types\/post"}],"author":[{"embeddable":true,"href":"https:\/\/www.diarioimagen.net\/index.php?rest_route=\/wp\/v2\/users\/3"}],"replies":[{"embeddable":true,"href":"https:\/\/www.diarioimagen.net\/index.php?rest_route=%2Fwp%2Fv2%2Fcomments&post=221269"}],"version-history":[{"count":0,"href":"https:\/\/www.diarioimagen.net\/index.php?rest_route=\/wp\/v2\/posts\/221269\/revisions"}],"wp:featuredmedia":[{"embeddable":true,"href":"https:\/\/www.diarioimagen.net\/index.php?rest_route=\/wp\/v2\/media\/221366"}],"wp:attachment":[{"href":"https:\/\/www.diarioimagen.net\/index.php?rest_route=%2Fwp%2Fv2%2Fmedia&parent=221269"}],"wp:term":[{"taxonomy":"category","embeddable":true,"href":"https:\/\/www.diarioimagen.net\/index.php?rest_route=%2Fwp%2Fv2%2Fcategories&post=221269"},{"taxonomy":"post_tag","embeddable":true,"href":"https:\/\/www.diarioimagen.net\/index.php?rest_route=%2Fwp%2Fv2%2Ftags&post=221269"}],"curies":[{"name":"wp","href":"https:\/\/api.w.org\/{rel}","templated":true}]}}