{"id":221800,"date":"2015-06-17T00:07:13","date_gmt":"2015-06-17T05:07:13","guid":{"rendered":"http:\/\/www.diarioimagen.net\/?p=221800"},"modified":"2015-06-18T03:15:26","modified_gmt":"2015-06-18T08:15:26","slug":"llueve-o-truene-habra-evaluacion-magisterial-asegura-chuayffet","status":"publish","type":"post","link":"https:\/\/www.diarioimagen.net\/?p=221800","title":{"rendered":"Habr\u00e1 evaluaci\u00f3n docente: \u201cllueva o truene\u201d: Chuayffet"},"content":{"rendered":"<ul>\n<li><strong><em>Listos, m\u00e1s de 500 mil profesores para presentar examen<\/em><\/strong><\/li>\n<\/ul>\n<div id=\"attachment_221801\" style=\"width: 250px\" class=\"wp-caption alignleft\"><a href=\"http:\/\/www.diarioimagen.net\/?attachment_id=221801\" rel=\"attachment wp-att-221801\"><img loading=\"lazy\" decoding=\"async\" aria-describedby=\"caption-attachment-221801\" class=\"wp-image-221801 size-medium\" src=\"http:\/\/www.diarioimagen.net\/wp-content\/uploads\/2015\/06\/CHUAYFFET-PORTAL-240x140.jpg\" alt=\"El titular de la SEP, Emilio Chuyaffet, se\u00f1al\u00f3 que la reforma educativa no es ni nunca pretendi\u00f3 ser una reforma contra los maestros o una reforma que se agote en este sexenio.\" width=\"240\" height=\"140\" srcset=\"https:\/\/www.diarioimagen.net\/wp-content\/uploads\/2015\/06\/CHUAYFFET-PORTAL-240x140.jpg 240w, https:\/\/www.diarioimagen.net\/wp-content\/uploads\/2015\/06\/CHUAYFFET-PORTAL-420x245.jpg 420w, https:\/\/www.diarioimagen.net\/wp-content\/uploads\/2015\/06\/CHUAYFFET-PORTAL.jpg 480w\" sizes=\"auto, (max-width: 240px) 100vw, 240px\" \/><\/a><p id=\"caption-attachment-221801\" class=\"wp-caption-text\">El titular de la SEP, Emilio Chuayffet, se\u00f1al\u00f3 que la reforma educativa no es ni nunca pretendi\u00f3 ser una reforma contra los maestros o una reforma que se agote en este sexenio.<\/p><\/div>\n<p>Habr\u00e1 evaluaci\u00f3n docente \u201cllueva o truene\u201d, subray\u00f3 el secretario de Educaci\u00f3n P\u00fablica, Emilio Chuayffet Chemor.<\/p>\n<p>Al dictar la conferencia \u201cDi\u00e1logo sobre la reforma educativa\u201d, record\u00f3 que desde su discurso inicial el Ejecutivo federal se pronunci\u00f3 contra las plazas vendidas o heredadas y, en cambio, ha impulsado que quien desee convertirse en maestro debe someterse a concurso y a una evaluaci\u00f3n profesional.<\/p>\n<p>En el Club de Industriales, abund\u00f3 que el mandatario federal ha se\u00f1alado que las plazas pasar\u00e1n por un concurso y una evaluaci\u00f3n que habilite al maestro.<\/p>\n<p>\u201cNo hay soluciones fuera de la ley ni podemos aceptar pol\u00edticas contra el Derecho\u201d, destac\u00f3 Chuayffet Chemor, al recordar que en los \u00faltimos d\u00edas, han tratado de explicar la suspensi\u00f3n de las evaluaciones a los maestros.<\/p>\n<p>Se\u00f1al\u00f3 que fueron dos elementos que se tomaron en cuenta en este tema: \u201clos estados no nos mandaron los domicilios ni aseguraron los equipos para la respuesta del examen y el de car\u00e1cter pol\u00edtico, que no se pod\u00eda tratar de entrar a defender la aparente suspensi\u00f3n porque hab\u00eda veda electoral\u201d.<\/p>\n<p>Respecto a los maestros que han declarado que no ir\u00e1n a la evaluaci\u00f3n y tratar\u00e1n de evitar que se realicen los ex\u00e1menes, el funcionario federal sostuvo que \u201ces su decisi\u00f3n (de los docentes), nosotros cumpliremos la ley\u201d.<\/p>\n<p>En ese sentido record\u00f3 que el a\u00f1o pasado algunos grupos tambi\u00e9n trataron de evitar esta actividad, \u201cpero fueron tra\u00eddos los estudiantes a la capital para hacer el examen\u201d.<\/p>\n<p>Por lo que ahora se podr\u00e1 evaluar a \u201ctodos los que quieran venir a examinarse, si no al Distrito Federal a los estados circunvecinos, pero nadie puede obligar a otro por la fuerza a no asumir su responsabilidad de tomar el examen de desempe\u00f1o\u201d, subray\u00f3.<\/p>\n<p>Al cuestionamiento \u201c\u00bfest\u00e1 muerta la reforma educativa? \u00bfEs verdad que los maestros fueron ahuyentados por ella?\u201d, el funcionario respondi\u00f3 que est\u00e1n listos m\u00e1s de 500 mil profesores para presentar examen, mismos que quieren plazas y ascensos, a trav\u00e9s del m\u00e9rito digno y el de ser mejores por la v\u00eda del estudio y de la pr\u00e1ctica.<\/p>\n<p>\u201cLa reforma educativa no es, ni nunca ha pretendi\u00f3, ser una reforma contra los maestros, o una reforma que se agote en este sexenio. El que est\u00e9 en esos dos pensamientos est\u00e1 fuera de base, pues la reforma se hizo para servir al magisterio mexicano.<\/p>\n<p>Al preguntarle sobre si se pagar\u00e1 a los maestros que no imparten clases, como en Oaxaca, Michoac\u00e1n y Guerrero, expuso que s\u00f3lo \u201ccuando no los reporten las autoridades educativas locales, para que no haya ni sesgos ni equivocaciones. La SEP no puede cargar con los defectos de los estados\u201d.<\/p>\n<p>\u201c\u00bfPor qu\u00e9 no hace nada la SEP? Porque hay que leer el acuerdo de 1992, que contiene todas y cada una de las competencias que en los tres niveles de gobierno existen\u201d, a\u00f1adi\u00f3.<\/p>\n<p>Sobre cu\u00e1ndo estar\u00e1 lista la reforma que permitir\u00e1 a las autoridades federales intervenir en estos casos, indic\u00f3 que \u201ces una reforma dif\u00edcil\u201d y que incluso ser\u00eda necesaria una modificaci\u00f3n a la Ley de Coordinaci\u00f3n Fiscal; \u201cson varias leyes\u201d.<\/p>\n<p>Queremos, subray\u00f3, estar dotados de instrumentos para que podamos suplir las deficiencias, cuando las haya, de tal magnitud, que dejen a ni\u00f1os -un mill\u00f3n 300 mil- sin clases por un periodo inaudito de d\u00edas.<\/p>\n<p>\u201cEsas son las cosas que necesitamos y las que estamos buscando; esas son las que no son sencillas de llevar a cabo\u201d, apunt\u00f3 el secretario de Educaci\u00f3n P\u00fablica.<\/p>\n<p>Indic\u00f3 que en las 29 entidades donde se cumple la reforma educativa no hay problemas y s\u00ed se han hecho descuentos que representan ahorros hasta de 10 mil millones de pesos, derivado de los reportes que hacen los estados no s\u00f3lo de faltas sino de las plazas que no se ejercen.<\/p>\n","protected":false},"excerpt":{"rendered":"<p><span style=\"color: #005497;\"><strong>Jos\u00e9 Luis Monta\u00f1ez Aguilar<\/strong><\/span><br \/>\n<br \/>\nHabr\u00e1 evaluaci\u00f3n docente \u201cllueva o truene\u201d, subray\u00f3 el secretario de Educaci\u00f3n P\u00fablica, Emilio Chuayffet Chemor.<\/p>\n","protected":false},"author":5,"featured_media":221801,"comment_status":"open","ping_status":"open","sticky":false,"template":"","format":"standard","meta":{"_monsterinsights_skip_tracking":false,"_monsterinsights_sitenote_active":false,"_monsterinsights_sitenote_note":"","_monsterinsights_sitenote_category":0,"footnotes":""},"categories":[3],"tags":[41448,3183,18,1058],"class_list":["post-221800","post","type-post","status-publish","format-standard","has-post-thumbnail","hentry","category-nacional","tag-docente","tag-emilio-chuayffet-chemor","tag-enrique-pena-nieto","tag-secretaria-de-educacion-publica"],"_links":{"self":[{"href":"https:\/\/www.diarioimagen.net\/index.php?rest_route=\/wp\/v2\/posts\/221800","targetHints":{"allow":["GET"]}}],"collection":[{"href":"https:\/\/www.diarioimagen.net\/index.php?rest_route=\/wp\/v2\/posts"}],"about":[{"href":"https:\/\/www.diarioimagen.net\/index.php?rest_route=\/wp\/v2\/types\/post"}],"author":[{"embeddable":true,"href":"https:\/\/www.diarioimagen.net\/index.php?rest_route=\/wp\/v2\/users\/5"}],"replies":[{"embeddable":true,"href":"https:\/\/www.diarioimagen.net\/index.php?rest_route=%2Fwp%2Fv2%2Fcomments&post=221800"}],"version-history":[{"count":0,"href":"https:\/\/www.diarioimagen.net\/index.php?rest_route=\/wp\/v2\/posts\/221800\/revisions"}],"wp:featuredmedia":[{"embeddable":true,"href":"https:\/\/www.diarioimagen.net\/index.php?rest_route=\/wp\/v2\/media\/221801"}],"wp:attachment":[{"href":"https:\/\/www.diarioimagen.net\/index.php?rest_route=%2Fwp%2Fv2%2Fmedia&parent=221800"}],"wp:term":[{"taxonomy":"category","embeddable":true,"href":"https:\/\/www.diarioimagen.net\/index.php?rest_route=%2Fwp%2Fv2%2Fcategories&post=221800"},{"taxonomy":"post_tag","embeddable":true,"href":"https:\/\/www.diarioimagen.net\/index.php?rest_route=%2Fwp%2Fv2%2Ftags&post=221800"}],"curies":[{"name":"wp","href":"https:\/\/api.w.org\/{rel}","templated":true}]}}