{"id":222048,"date":"2015-06-18T00:08:34","date_gmt":"2015-06-18T05:08:34","guid":{"rendered":"http:\/\/www.diarioimagen.net\/?p=222048"},"modified":"2015-06-18T02:06:26","modified_gmt":"2015-06-18T07:06:26","slug":"con-exito-estudiantes-de-gastronomia-de-uaem-realizaron-estancias-profesionales-en-el-extranjero","status":"publish","type":"post","link":"https:\/\/www.diarioimagen.net\/?p=222048","title":{"rendered":"Alumnos de la UAEM realizaron estancias profesionales"},"content":{"rendered":"<p><a href=\"http:\/\/www.diarioimagen.net\/?attachment_id=222069\" rel=\"attachment wp-att-222069\"><img loading=\"lazy\" decoding=\"async\" class=\"alignleft size-medium wp-image-222069\" src=\"http:\/\/www.diarioimagen.net\/wp-content\/uploads\/2015\/06\/UAEM-2635-240x148.jpg\" alt=\"UAEM-2635\" width=\"240\" height=\"148\" srcset=\"https:\/\/www.diarioimagen.net\/wp-content\/uploads\/2015\/06\/UAEM-2635-240x148.jpg 240w, https:\/\/www.diarioimagen.net\/wp-content\/uploads\/2015\/06\/UAEM-2635-420x259.jpg 420w, https:\/\/www.diarioimagen.net\/wp-content\/uploads\/2015\/06\/UAEM-2635.jpg 700w\" sizes=\"auto, (max-width: 240px) 100vw, 240px\" \/><\/a>Al realizar sus estancias profesionales en el extranjero, estudiantes de la primera generaci\u00f3n de la Licenciatura en Gastronom\u00eda que oferta el Centro Universitario Tenancingo de la Universidad Aut\u00f3noma del Estado de M\u00e9xico demostraron la capacidad, responsabilidad, conocimiento y disponibilidad de los alumnos y egresados de esta casa de estudios para trabajar en cualquier parte del mundo.<\/p>\n<p>En entrevista, Areli Moci\u00f1o Mill\u00e1n, Fabiola Ju\u00e1rez Mill\u00e1n, Estephania \u00c1vila Mart\u00ednez, Helen Alejandrina Guti\u00e9rrez Ramos, Juan Daniel Pastrana Bobadilla y Pablo Eduardo Garc\u00eda P\u00e9rez puntualizaron que 18 de los 29 alumnos que conforman su generaci\u00f3n fueron invitados para realizar estancias profesionales en hoteles y restaurantes de Lyon y Marsella, Francia, como VTF \u201cLe Dou de la Ramaz\u201d, en Ar\u00e9ches-Beaufort y en La Plagne Montalber.<\/p>\n<p>&nbsp;<\/p>\n","protected":false},"excerpt":{"rendered":"<p>Al realizar sus estancias profesionales en el extranjero, estudiantes de la primera<\/p>\n","protected":false},"author":3,"featured_media":222069,"comment_status":"open","ping_status":"open","sticky":false,"template":"","format":"standard","meta":{"_monsterinsights_skip_tracking":false,"_monsterinsights_sitenote_active":false,"_monsterinsights_sitenote_note":"","_monsterinsights_sitenote_category":0,"footnotes":""},"categories":[5],"tags":[43675,36734,1491],"class_list":["post-222048","post","type-post","status-publish","format-standard","has-post-thumbnail","hentry","category-estado-de-mexico","tag-estado-de-mexico","tag-extranjero","tag-uaem"],"_links":{"self":[{"href":"https:\/\/www.diarioimagen.net\/index.php?rest_route=\/wp\/v2\/posts\/222048","targetHints":{"allow":["GET"]}}],"collection":[{"href":"https:\/\/www.diarioimagen.net\/index.php?rest_route=\/wp\/v2\/posts"}],"about":[{"href":"https:\/\/www.diarioimagen.net\/index.php?rest_route=\/wp\/v2\/types\/post"}],"author":[{"embeddable":true,"href":"https:\/\/www.diarioimagen.net\/index.php?rest_route=\/wp\/v2\/users\/3"}],"replies":[{"embeddable":true,"href":"https:\/\/www.diarioimagen.net\/index.php?rest_route=%2Fwp%2Fv2%2Fcomments&post=222048"}],"version-history":[{"count":0,"href":"https:\/\/www.diarioimagen.net\/index.php?rest_route=\/wp\/v2\/posts\/222048\/revisions"}],"wp:featuredmedia":[{"embeddable":true,"href":"https:\/\/www.diarioimagen.net\/index.php?rest_route=\/wp\/v2\/media\/222069"}],"wp:attachment":[{"href":"https:\/\/www.diarioimagen.net\/index.php?rest_route=%2Fwp%2Fv2%2Fmedia&parent=222048"}],"wp:term":[{"taxonomy":"category","embeddable":true,"href":"https:\/\/www.diarioimagen.net\/index.php?rest_route=%2Fwp%2Fv2%2Fcategories&post=222048"},{"taxonomy":"post_tag","embeddable":true,"href":"https:\/\/www.diarioimagen.net\/index.php?rest_route=%2Fwp%2Fv2%2Ftags&post=222048"}],"curies":[{"name":"wp","href":"https:\/\/api.w.org\/{rel}","templated":true}]}}