{"id":222785,"date":"2015-06-24T00:04:33","date_gmt":"2015-06-24T05:04:33","guid":{"rendered":"http:\/\/www.diarioimagen.net\/?p=222785"},"modified":"2015-06-24T02:44:20","modified_gmt":"2015-06-24T07:44:20","slug":"se-incendia-asilo-en-mexicali-hay-al-menos-15-muertos","status":"publish","type":"post","link":"https:\/\/www.diarioimagen.net\/?p=222785","title":{"rendered":"Se incendia asilo en Mexicali; hay al menos 16 muertos"},"content":{"rendered":"<ul>\n<li><strong><em>Poblaci\u00f3n rescatada de la calle<\/em><\/strong><\/li>\n<\/ul>\n<div id=\"attachment_222786\" style=\"width: 250px\" class=\"wp-caption alignleft\"><a href=\"http:\/\/www.diarioimagen.net\/?attachment_id=222786\" rel=\"attachment wp-att-222786\"><img loading=\"lazy\" decoding=\"async\" aria-describedby=\"caption-attachment-222786\" class=\"wp-image-222786 size-medium\" src=\"http:\/\/www.diarioimagen.net\/wp-content\/uploads\/2015\/06\/ASILO-PORTAL-240x140.jpg\" alt=\"Al menos 30 lesionados fueron trasladados al Hospital General  de la capital de Baja California.\" width=\"240\" height=\"140\" srcset=\"https:\/\/www.diarioimagen.net\/wp-content\/uploads\/2015\/06\/ASILO-PORTAL-240x140.jpg 240w, https:\/\/www.diarioimagen.net\/wp-content\/uploads\/2015\/06\/ASILO-PORTAL-420x245.jpg 420w, https:\/\/www.diarioimagen.net\/wp-content\/uploads\/2015\/06\/ASILO-PORTAL.jpg 480w\" sizes=\"auto, (max-width: 240px) 100vw, 240px\" \/><\/a><p id=\"caption-attachment-222786\" class=\"wp-caption-text\">Al menos 30 lesionados fueron trasladados al Hospital General de la capital de Baja California.<\/p><\/div>\n<p>Un incendio en un asilo para personas de la tercera edad en el Valle de Mexicali, dej\u00f3 al menos 16 muertos.<\/p>\n<p>El siniestro ocurri\u00f3 a las 04:00 horas de ayer martes, en el albergue Hermoso Atardecer.<\/p>\n<p>El asilo del Ejido Quer\u00e9taro, ubicado en el valle de la capital de Baja California, albergaba a casi 50 adultos mayores, en su mayor\u00eda rescatados de condiciones de calle, de acuerdo a informaci\u00f3n preliminar brindada por el alcalde Jaime D\u00edaz Ochoa.<\/p>\n<p>Bomberos, cuerpos de seguridad y elementos de la Procuradur\u00eda de Baja California atendieron la emergencia ocurrida y acordonaron la zona. Los lesionados fueron trasladados al Hospital General de la capital de Baja California.<\/p>\n<p>Un total de cinco ancianos lesionados fueron trasladados al Hospital General, en tanto que otros 23, que resultaron ilesos, fueron enviados al Sal\u00f3n Ejidal del vecino Ejido Janitizio.<\/p>\n<p>A\u00fan se desconoce la causa de la conflagraci\u00f3n que inici\u00f3 aproximadamente a las 4:00 horas, de ayer, tiempo local.<\/p>\n<p>El asilo llevaba 10 a\u00f1os funcionando y contaba con los permisos de operaci\u00f3n.<\/p>\n","protected":false},"excerpt":{"rendered":"<p>Un incendio en un asilo para personas de la tercera edad en el Valle de Mexicali, dej\u00f3 al menos 16 muertos.<\/p>\n","protected":false},"author":5,"featured_media":222786,"comment_status":"open","ping_status":"open","sticky":false,"template":"","format":"standard","meta":{"_monsterinsights_skip_tracking":false,"_monsterinsights_sitenote_active":false,"_monsterinsights_sitenote_note":"","_monsterinsights_sitenote_category":0,"footnotes":""},"categories":[7],"tags":[8065,4259,2135,43677],"class_list":["post-222785","post","type-post","status-publish","format-standard","has-post-thumbnail","hentry","category-seguridad","tag-incendio","tag-mexicali","tag-muertos","tag-seguridad"],"_links":{"self":[{"href":"https:\/\/www.diarioimagen.net\/index.php?rest_route=\/wp\/v2\/posts\/222785","targetHints":{"allow":["GET"]}}],"collection":[{"href":"https:\/\/www.diarioimagen.net\/index.php?rest_route=\/wp\/v2\/posts"}],"about":[{"href":"https:\/\/www.diarioimagen.net\/index.php?rest_route=\/wp\/v2\/types\/post"}],"author":[{"embeddable":true,"href":"https:\/\/www.diarioimagen.net\/index.php?rest_route=\/wp\/v2\/users\/5"}],"replies":[{"embeddable":true,"href":"https:\/\/www.diarioimagen.net\/index.php?rest_route=%2Fwp%2Fv2%2Fcomments&post=222785"}],"version-history":[{"count":0,"href":"https:\/\/www.diarioimagen.net\/index.php?rest_route=\/wp\/v2\/posts\/222785\/revisions"}],"wp:featuredmedia":[{"embeddable":true,"href":"https:\/\/www.diarioimagen.net\/index.php?rest_route=\/wp\/v2\/media\/222786"}],"wp:attachment":[{"href":"https:\/\/www.diarioimagen.net\/index.php?rest_route=%2Fwp%2Fv2%2Fmedia&parent=222785"}],"wp:term":[{"taxonomy":"category","embeddable":true,"href":"https:\/\/www.diarioimagen.net\/index.php?rest_route=%2Fwp%2Fv2%2Fcategories&post=222785"},{"taxonomy":"post_tag","embeddable":true,"href":"https:\/\/www.diarioimagen.net\/index.php?rest_route=%2Fwp%2Fv2%2Ftags&post=222785"}],"curies":[{"name":"wp","href":"https:\/\/api.w.org\/{rel}","templated":true}]}}