{"id":223091,"date":"2015-06-25T00:01:48","date_gmt":"2015-06-25T05:01:48","guid":{"rendered":"http:\/\/www.diarioimagen.net\/?p=223091"},"modified":"2015-06-26T01:53:43","modified_gmt":"2015-06-26T06:53:43","slug":"en-la-conferencia-anual-internacional-de-car-rental-show-susan-lombardo-con-otros-panelistas-hablaron-de-la-industria-de-alquiler","status":"publish","type":"post","link":"https:\/\/www.diarioimagen.net\/?p=223091","title":{"rendered":"En la conferencia anual internacional de <em>Car Rental Show<\/em>, Susan Lombardo, con otros panelistas, hablaron de la industria de alquiler"},"content":{"rendered":"<h2>De cinco estrellas<\/h2>\n<h5>Victoria Gonz\u00e1lez Prado<\/h5>\n<p>&nbsp;<\/p>\n<ul>\n<li><strong><em>Chiapas y Argentina, invitados de honor en la Feria Internacional Tamaulipas 2015, del 24 de septiembre al 4 de octubre<\/em><\/strong><\/li>\n<\/ul>\n<div id=\"attachment_223165\" style=\"width: 250px\" class=\"wp-caption alignleft\"><a href=\"http:\/\/www.diarioimagen.net\/?attachment_id=223165\" rel=\"attachment wp-att-223165\"><img loading=\"lazy\" decoding=\"async\" aria-describedby=\"caption-attachment-223165\" class=\"size-medium wp-image-223165\" src=\"http:\/\/www.diarioimagen.net\/wp-content\/uploads\/2015\/06\/turismo-2640-240x135.jpg\" alt=\"En la conferencia anual internacional de Car Rental Show.\" width=\"240\" height=\"135\" srcset=\"https:\/\/www.diarioimagen.net\/wp-content\/uploads\/2015\/06\/turismo-2640-240x135.jpg 240w, https:\/\/www.diarioimagen.net\/wp-content\/uploads\/2015\/06\/turismo-2640-420x236.jpg 420w, https:\/\/www.diarioimagen.net\/wp-content\/uploads\/2015\/06\/turismo-2640-235x132.jpg 235w, https:\/\/www.diarioimagen.net\/wp-content\/uploads\/2015\/06\/turismo-2640-202x114.jpg 202w, https:\/\/www.diarioimagen.net\/wp-content\/uploads\/2015\/06\/turismo-2640-350x196.jpg 350w, https:\/\/www.diarioimagen.net\/wp-content\/uploads\/2015\/06\/turismo-2640-220x123.jpg 220w, https:\/\/www.diarioimagen.net\/wp-content\/uploads\/2015\/06\/turismo-2640-237x132.jpg 237w, https:\/\/www.diarioimagen.net\/wp-content\/uploads\/2015\/06\/turismo-2640.jpg 480w\" sizes=\"auto, (max-width: 240px) 100vw, 240px\" \/><\/a><p id=\"caption-attachment-223165\" class=\"wp-caption-text\">En la conferencia anual internacional de Car Rental Show.<\/p><\/div>\n<p>Durante la reciente conferencia anual internacional de Car Rental Show, <strong>Susan Lombardo<\/strong>, vicepresidente de adquisici\u00f3n de veh\u00edculos de <em>Enterprise Holdings<\/em>, se uni\u00f3 a otros cuatro panelistas en la sesi\u00f3n inaugural de apertura. Durante el panel, los participantes ofrecieron una visi\u00f3n integral de la industria de alquiler de autom\u00f3viles en Estados Unidos y destacaron temas esenciales en el mercado competitivo de hoy, incluyendo adquisiciones y disposici\u00f3n de flotas, cuestiones operativas, relaciones con franquicias y fabricantes y retos legislativos. <strong>Chris Brown<\/strong>, editor de la revista\u00a0<em>Auto Rental News<\/em>\u00a0moder\u00f3 la discusi\u00f3n.<\/p>\n<p><strong>Lombardo<\/strong> supervisa la adquisici\u00f3n de m\u00e1s de un mill\u00f3n de veh\u00edculos al a\u00f1o para <em>Enterprise Holdings,<\/em> la empresa de alquiler de veh\u00edculos m\u00e1s grande del mundo. En este rol, <strong>Lombardo<\/strong> es responsable de suministrar toda la flota estadounidense de la compa\u00f1\u00eda en nombre de las marcas de veh\u00edculos <em>Enterprise Rent-A-Car, National Car Rental<\/em> y <em>Alamo Rent A Car.<\/em><\/p>\n<p><em>Enterprise Holdings,<\/em> que sigue siendo una empresa familiar, opera una red de m\u00e1s de 6 mil oficinas con personal completo en vecindarios locales y en aeropuertos de costa a costa -casi el 70 por ciento m\u00e1s que su competidor m\u00e1s cercano de Estados Unidos-, y todas situadas a menos de 15 millas de un 90 por ciento de la poblaci\u00f3n de EU.\u00a0Esta extensa red de la compa\u00f1\u00eda est\u00e1 en una posici\u00f3n \u00fanica para poder ofrecerles a sus consumidores un acceso sin precedente a nuevas tecnolog\u00edas automotriz y proporcionar aproximadamente un mill\u00f3n de \u201cveh\u00edculos de prueba extendida\u201d con autos de \u00faltimo modelo todas las semanas.<\/p>\n<p>En total, los ingresos anuales de <em>Enterprise Holdings<\/em> y su filial Enterprise Fleet Management se ubican cerca de la punta dentro de la industria de viajes, por delante de muchas l\u00edneas a\u00e9reas y la mayor\u00eda de las l\u00edneas de cruceros, hoteles, operadores de turismo y agencias de viajes <em>online.<\/em>\u00a0 Adem\u00e1s tambi\u00e9n tiene la mayor participaci\u00f3n de mercado en los aeropuertos de los EU.<\/p>\n<p>La flota dom\u00e9stica tiene m\u00e1s de la mitad de todos los veh\u00edculos de alquiler de los EU. \u201cEso incluye tanto el alquiler de veh\u00edculos como de autos compartidos\u201d, se\u00f1al\u00f3 <strong>Lombardo<\/strong>, cuya carrera de 29 a\u00f1os fue puesta en relieve en <em>Fortune <\/em>el a\u00f1o pasado. \u201cCreemos que nuestra flota es una de las m\u00e1s nuevas en la industria, con una lectura promedia de od\u00f3metro de menos de 16 mil millas, y una edad promedio de los autos de ocho meses. Es de vital importancia cuando se trata de entregar nuestro galardonado servicio al cliente y lograr la satisfacci\u00f3n y el cumplimiento de las expectativas de los consumidores y de nuestros socios corporativos\u201d.<\/p>\n<p>Otra prioridad fundamental para la empresa es el mantenimiento de s\u00f3lidas asociaciones con los fabricantes de autom\u00f3viles.\u00a0\u201cMientras que la industria del alquiler de veh\u00edculos en los Estados Unidos crece a un ritmo de m\u00e1s del 5 por ciento al a\u00f1o, el alquiler de veh\u00edculos representa un canal estrat\u00e9gico para exponer los consumidores a los mejores modelos y a la mejor tecnolog\u00eda por medio del tiempo\u201d.<\/p>\n<p>\u201cLos fabricantes han descubierto que el alquiler de veh\u00edculos -si es por una hora, d\u00eda, semana o m\u00e1s-, es un enlace importante en la cadena de valores dentro de la industria automotriz\u201d, subraya <strong>Lombardo<\/strong>.\u00a0\u201cEso significa que podemos apoyar a los fabricantes de autom\u00f3viles a mantener e incluso aumentar su cuota de mercado.\u00a0Como resultado, continuamos buscando maneras de colaborar y de comunicarnos con nuestros socios fabricantes de autom\u00f3viles todos los d\u00edas\u201d.<\/p>\n<p><strong>Susan<\/strong> hace hincapi\u00e9 en que la relaci\u00f3n de <em>Enterprise Holdings<\/em> con los fabricantes de autom\u00f3viles siempre ha sido y siempre ser\u00e1 de beneficio mutuo: \u201cNuestra asociaci\u00f3n con los fabricantes se basa en un inter\u00e9s compartido y en el compromiso de ofrecer las mejores opciones posibles de transporte a los consumidores estadounidenses a largo plazo\u201d. M\u00e1s informaci\u00f3n\u00a0www.enterpriseholdings.com.<\/p>\n<p>\u2730\u2730\u2730\u2730\u2730 <strong>Mario Uvence Rojas<\/strong>, secretario de Turismo de Chiapas en representaci\u00f3n del gobernador <strong>Manuel Velasco Coello<\/strong>, asisti\u00f3 a la Feria Internacional Tamaulipas 2015 (FIT), donde Chiapas y Argentina son los invitados de honor.<\/p>\n<p>Ante la presencia del gobernador del estado de Tamaulipas, \u00a0<strong>Egidio Torre Cant\u00fa<\/strong>, la embajadora de Argentina en M\u00e9xico, <strong>Patricia Vaca Narvaja<\/strong>, de la primera dama del estado, <strong>Mar\u00eda del Pilar Gonz\u00e1lez de Torre<\/strong>, <strong>Libertad Garc\u00eda Cabriales<\/strong>, titular del Instituto Tamaulipeco de la Cultura y las Artes (ITCA) y miembros de la comunidad art\u00edstica, Mario Uvence \u00a0agradeci\u00f3 la invitaci\u00f3n que se le hizo a Chiapas para estar presente en la FIT:\u00a0\u201cme ha pedido el se\u00f1or gobernador d\u00e9 un saludo muy cordial y fraterno a las y los tamaulipecos y a su gobierno, que les exprese de manera muy personal su sincero agradecimiento por honrar a nuestra entidad como invitada especial al Festival Internacional Tamaulipas 2015, uno de los m\u00e1s prestigiados eventos del arte y la cultura en todo nuestro pa\u00eds e incluso allende de nuestras fronteras. Es una distinci\u00f3n que mucho agradecemos los chiapanecos porque es una espl\u00e9ndida ocasi\u00f3n para darle un mayor impulso al di\u00e1logo entre dos de las fronteras m\u00e1s importantes de todo M\u00e9xico, el norte y el sur. Tamaulipas y Chiapas, Chiapas y Tamaulipas.<\/p>\n<p><strong>Mario Uvence<\/strong> asegur\u00f3 que entre ambos estados \u00a0existen temas que los unen y los impulsa para fortalecer esos v\u00ednculos que los enriquecen mutuamente con la historia y tradici\u00f3n, \u201cnos une, por ejemplo la generosidad y diversidad de recursos y atractivos con los que la naturaleza nos dot\u00f3, y por eso mismo, la responsabilidad de conservarlos para las futuras generaciones\u201d.<\/p>\n<p>Asimismo, <strong>Uvence Rojas<\/strong> dijo que hoy en d\u00eda la cultura no es un gasto, es una inversi\u00f3n social muy importante para el desarrollo de los pueblos.<\/p>\n<p>Del 24 de septiembre al 4 de octubre, los tamaulipecos podr\u00e1n conocer y disfrutar de las diversas expresiones culturales y art\u00edsticas de Chiapas, podr\u00e1n degustar de su gastronom\u00eda, conocer su folclor,\u00a0la diversidad de su artesan\u00eda y habr\u00e1n actos representativos de su tradiciones. En el evento protocolario se present\u00f3 un video promocional de Chiapas. Con esta importante exhibici\u00f3n de la riqueza cultural de Chiapas en la FIT se abre la posibilidad de fomentar el turismo de Tamaulipas hacia la entidad.<\/p>\n<p>Durante su discurso, el secretario de Turismo de Chiapas, a nombre del gobernador <strong>Velasco Coello<\/strong>, invit\u00f3 al mandatario <strong>Torre Cant\u00fa<\/strong> para que Tamaulipas participe en la pr\u00f3xima edici\u00f3n de la Feria Internacional de Tapachula: \u201cquiero hacer una muy cordial invitaci\u00f3n al gobierno de Tamaulipas, me ha pedido su amigo <strong>Manuel Velasco Coello<\/strong> que junto con la comunidad empresarial, tur\u00edstica, comercial y productiva de Chiapas le extienda en su nombre la invitaci\u00f3n para que Tamaulipas sea en el 2016 el invitado de honor de la Feria Internacional de Tapachula, la m\u00e1s importante de la frontera sur de M\u00e9xico\u201d.<\/p>\n<p>Por su parte, el gobernador <strong>Egidio Torre Cant\u00fa,<\/strong> le agradeci\u00f3 a Chiapas por tan importante contribuci\u00f3n en la FIT 2015.<\/p>\n<p>Durante el acto protocolario, la embajadora de Argentina, <strong>Patricia Vaca Narvaja<\/strong> destac\u00f3 que mediante el FIT se conocer\u00e1 todas las expresiones culturales de su pa\u00eds. Al final de sus respectivos discursos, ambos mandatarios exhortaron a los asistentes a que se \u2018chiapasionen\u2019.<\/p>\n<p>Por su parte, la directora del ITCA, <strong>Libertad Garc\u00eda Cabriales<\/strong> se\u00f1al\u00f3 que el Festival Internacional Tamaulipas es un factor de identidad y de orgullo para los tamaulipecos, as\u00ed como un elemento de integraci\u00f3n social, \u201c\u00a0en ese sentido y por quinto a\u00f1o consecutivo, tenemos como eje articulador la unidad, que es motivo de inspiraci\u00f3n\u00a0 para que las artes provoquen el f\u00e9rtil di\u00e1logo entre culturas y as\u00ed mostrar, que m\u00e1s all\u00e1 de las diferencias, todos compartimos el privilegio de formar parte de la humanidad\u201d.<\/p>\n<p>Es importante mencionar que la Feria Internacional de Tamaulipas se llevar\u00e1 a cabo en los 43 municipios del estado, por lo que todos los tamaulipecos conocer\u00e1n los atractivos de Chiapas.<\/p>\n<p><em><i><a href=\"mailto:victoriagprado@gmail.com\" target=\"_blank\">victoriagprado@gmail.com<\/a><\/i><\/em><\/p>\n","protected":false},"excerpt":{"rendered":"<p>Durante la reciente conferencia anual internacional de Car Rental Show, <strong>Susan Lombardo<\/strong>, vicepresidente de adquisici\u00f3n de veh\u00edculos de <em>Enterprise Holdings<\/em>, se uni\u00f3 a otros cuatro panelistas en la sesi\u00f3n inaugural de apertura. Durante el panel, los participantes ofrecieron una visi\u00f3n integral de la industria de alquiler de autom\u00f3viles en Estados Unidos y destacaron temas esenciales en el mercado competitivo de hoy, incluyendo adquisiciones y disposici\u00f3n de flotas, cuestiones operativas, relaciones con franquicias y fabricantes y retos legislativos. <strong>Chris Brown<\/strong>, editor de la revista <em>Auto Rental News<\/em> moder\u00f3 la discusi\u00f3n.<\/p>\n","protected":false},"author":3,"featured_media":223165,"comment_status":"open","ping_status":"open","sticky":false,"template":"","format":"standard","meta":{"_monsterinsights_skip_tracking":false,"_monsterinsights_sitenote_active":false,"_monsterinsights_sitenote_note":"","_monsterinsights_sitenote_category":0,"footnotes":""},"categories":[11],"tags":[107,43674,43681,106],"class_list":["post-223091","post","type-post","status-publish","format-standard","has-post-thumbnail","hentry","category-turismo","tag-de-cinco-estrellas","tag-opinion","tag-turismo","tag-victoria-gonzalez-prado"],"_links":{"self":[{"href":"https:\/\/www.diarioimagen.net\/index.php?rest_route=\/wp\/v2\/posts\/223091","targetHints":{"allow":["GET"]}}],"collection":[{"href":"https:\/\/www.diarioimagen.net\/index.php?rest_route=\/wp\/v2\/posts"}],"about":[{"href":"https:\/\/www.diarioimagen.net\/index.php?rest_route=\/wp\/v2\/types\/post"}],"author":[{"embeddable":true,"href":"https:\/\/www.diarioimagen.net\/index.php?rest_route=\/wp\/v2\/users\/3"}],"replies":[{"embeddable":true,"href":"https:\/\/www.diarioimagen.net\/index.php?rest_route=%2Fwp%2Fv2%2Fcomments&post=223091"}],"version-history":[{"count":0,"href":"https:\/\/www.diarioimagen.net\/index.php?rest_route=\/wp\/v2\/posts\/223091\/revisions"}],"wp:featuredmedia":[{"embeddable":true,"href":"https:\/\/www.diarioimagen.net\/index.php?rest_route=\/wp\/v2\/media\/223165"}],"wp:attachment":[{"href":"https:\/\/www.diarioimagen.net\/index.php?rest_route=%2Fwp%2Fv2%2Fmedia&parent=223091"}],"wp:term":[{"taxonomy":"category","embeddable":true,"href":"https:\/\/www.diarioimagen.net\/index.php?rest_route=%2Fwp%2Fv2%2Fcategories&post=223091"},{"taxonomy":"post_tag","embeddable":true,"href":"https:\/\/www.diarioimagen.net\/index.php?rest_route=%2Fwp%2Fv2%2Ftags&post=223091"}],"curies":[{"name":"wp","href":"https:\/\/api.w.org\/{rel}","templated":true}]}}