{"id":223219,"date":"2015-06-26T00:05:32","date_gmt":"2015-06-26T05:05:32","guid":{"rendered":"http:\/\/www.diarioimagen.net\/?p=223219"},"modified":"2015-06-28T23:18:18","modified_gmt":"2015-06-29T04:18:18","slug":"avalaran-la-capacidad-de-maestros-mexiquenses","status":"publish","type":"post","link":"https:\/\/www.diarioimagen.net\/?p=223219","title":{"rendered":"Avalar\u00e1n la capacidad de maestros mexiquenses"},"content":{"rendered":"<h2>Arco Norte<\/h2>\n<h5>Jos\u00e9 Luis Monta\u00f1ez Aguilar<\/h5>\n<p>&nbsp;<\/p>\n<div id=\"attachment_223288\" style=\"width: 250px\" class=\"wp-caption alignleft\"><a href=\"http:\/\/www.diarioimagen.net\/?attachment_id=223288\" rel=\"attachment wp-att-223288\"><img loading=\"lazy\" decoding=\"async\" aria-describedby=\"caption-attachment-223288\" class=\"size-medium wp-image-223288\" src=\"http:\/\/www.diarioimagen.net\/wp-content\/uploads\/2015\/06\/arco-2641-240x160.jpg\" alt=\"El gobernador del Estado de M\u00e9xico, Eruviel \u00c1vila Villegas, entregando Acciones por la Educaci\u00f3n.\" width=\"240\" height=\"160\" srcset=\"https:\/\/www.diarioimagen.net\/wp-content\/uploads\/2015\/06\/arco-2641-240x160.jpg 240w, https:\/\/www.diarioimagen.net\/wp-content\/uploads\/2015\/06\/arco-2641-420x280.jpg 420w, https:\/\/www.diarioimagen.net\/wp-content\/uploads\/2015\/06\/arco-2641.jpg 640w\" sizes=\"auto, (max-width: 240px) 100vw, 240px\" \/><\/a><p id=\"caption-attachment-223288\" class=\"wp-caption-text\">El gobernador del Estado de M\u00e9xico, Eruviel \u00c1vila Villegas, entregando Acciones por la Educaci\u00f3n.<\/p><\/div>\n<p>Al entregar apoyos de las Acciones por la Educaci\u00f3n, que recibieron cerca de 10 mil estudiantes de la Regi\u00f3n de los Volcanes, el gobernador Eruviel \u00c1vila Villegas indic\u00f3 que el Estado de M\u00e9xico est\u00e1 listo para que m\u00e1s de 15 mil 200 maestros sean evaluados, a fin de lograr ingresar al servicio de educaci\u00f3n b\u00e1sica estatal, e inform\u00f3 que el 15 y 16 de agosto pr\u00f3ximo, todos los docentes mexiquenses presentar\u00e1n un examen de conocimientos y competencias did\u00e1cticas, con el cual se avalar\u00e1 su capacidad profesional en la ense\u00f1anza.<\/p>\n<p>Afirm\u00f3 que la aplicaci\u00f3n de estas pruebas es una muestra de que la reforma educativa impulsada por el gobierno federal, est\u00e1 en marcha y cobra vigencia en la entidad.<\/p>\n<p>Expres\u00f3 que habr\u00e1n de presentar su examen 15 mil 200 maestros para poder ingresar al servicio de educaci\u00f3n b\u00e1sica del estado, les deseo el mayor de los \u00e9xitos, y desde luego con esto demostramos que\u00a0 la reforma educativa est\u00e1 en marcha, est\u00e1 por muy buen camino que el presidente Pe\u00f1a Nieto impuls\u00f3, aqu\u00ed en el Estado de M\u00e9xico cobra vigencia y vamos con todo para que sea una realidad.<\/p>\n<p>Eruviel \u00c1vila indic\u00f3 que estas evaluaciones permiten que los maestros mejor preparados puedan conseguir un ascenso gracias a su preparaci\u00f3n y dedicaci\u00f3n, adem\u00e1s, fomentan el mejoramiento de la calidad del sistema educativo. En la Unidad Deportiva de Amecameca, el gobernador mexiquense refiri\u00f3 que el pasado fin de semana, 3 mil 500 profesores del Estado de M\u00e9xico presentaron un examen para la promoci\u00f3n a cargos directivos, y subray\u00f3 que la aplicaci\u00f3n de esta prueba se efectu\u00f3 en paz y orden, por lo que confi\u00f3 que este mismo clima\u00a0 de tranquilidad impere en la aplicaci\u00f3n de las pr\u00f3ximas evaluaciones.<\/p>\n<p><em><a href=\"mailto:montanezaguilar@gmail.com\" target=\"_blank\">montanezaguilar@gmail.com<\/a><\/em><\/p>\n","protected":false},"excerpt":{"rendered":"<p><span style=\"color: #005497;\"><strong>Jos\u00e9 Luis Monta\u00f1ez Aguilar<\/strong><\/span><br \/>\n<br \/>\nAl entregar apoyos de las Acciones por la Educaci\u00f3n, que recibieron cerca de 10 mil estudiantes de la Regi\u00f3n de los Volcanes, el gobernador Eruviel \u00c1vila Villegas indic\u00f3 que el Estado de M\u00e9xico est\u00e1 listo para que m\u00e1s de 15 mil 200 maestros sean evaluados, a fin de lograr ingresar al servicio de educaci\u00f3n b\u00e1sica estatal, e inform\u00f3 que el 15 y 16 de agosto pr\u00f3ximo, todos los docentes mexiquenses presentar\u00e1n un examen de conocimientos y competencias did\u00e1cticas, con el cual se avalar\u00e1 su capacidad profesional en la ense\u00f1anza.<\/p>\n","protected":false},"author":3,"featured_media":223288,"comment_status":"open","ping_status":"open","sticky":false,"template":"","format":"standard","meta":{"_monsterinsights_skip_tracking":false,"_monsterinsights_sitenote_active":false,"_monsterinsights_sitenote_note":"","_monsterinsights_sitenote_category":0,"footnotes":""},"categories":[5],"tags":[13284,5828,43704,2574,43674],"class_list":["post-223219","post","type-post","status-publish","format-standard","has-post-thumbnail","hentry","category-estado-de-mexico","tag-arco-norte","tag-eruviel-avila-villegas","tag-jose-luis-montanez-aguilar","tag-maestros","tag-opinion"],"_links":{"self":[{"href":"https:\/\/www.diarioimagen.net\/index.php?rest_route=\/wp\/v2\/posts\/223219","targetHints":{"allow":["GET"]}}],"collection":[{"href":"https:\/\/www.diarioimagen.net\/index.php?rest_route=\/wp\/v2\/posts"}],"about":[{"href":"https:\/\/www.diarioimagen.net\/index.php?rest_route=\/wp\/v2\/types\/post"}],"author":[{"embeddable":true,"href":"https:\/\/www.diarioimagen.net\/index.php?rest_route=\/wp\/v2\/users\/3"}],"replies":[{"embeddable":true,"href":"https:\/\/www.diarioimagen.net\/index.php?rest_route=%2Fwp%2Fv2%2Fcomments&post=223219"}],"version-history":[{"count":0,"href":"https:\/\/www.diarioimagen.net\/index.php?rest_route=\/wp\/v2\/posts\/223219\/revisions"}],"wp:featuredmedia":[{"embeddable":true,"href":"https:\/\/www.diarioimagen.net\/index.php?rest_route=\/wp\/v2\/media\/223288"}],"wp:attachment":[{"href":"https:\/\/www.diarioimagen.net\/index.php?rest_route=%2Fwp%2Fv2%2Fmedia&parent=223219"}],"wp:term":[{"taxonomy":"category","embeddable":true,"href":"https:\/\/www.diarioimagen.net\/index.php?rest_route=%2Fwp%2Fv2%2Fcategories&post=223219"},{"taxonomy":"post_tag","embeddable":true,"href":"https:\/\/www.diarioimagen.net\/index.php?rest_route=%2Fwp%2Fv2%2Ftags&post=223219"}],"curies":[{"name":"wp","href":"https:\/\/api.w.org\/{rel}","templated":true}]}}