{"id":223242,"date":"2015-06-26T00:08:12","date_gmt":"2015-06-26T05:08:12","guid":{"rendered":"http:\/\/www.diarioimagen.net\/?p=223242"},"modified":"2015-06-26T04:42:50","modified_gmt":"2015-06-26T09:42:50","slug":"exponen-artesanos-en-el-museo-nacional-de-culturas-populares","status":"publish","type":"post","link":"https:\/\/www.diarioimagen.net\/?p=223242","title":{"rendered":"Exponen artesanos en el Museo Nacional de Culturas Populares"},"content":{"rendered":"<ul>\n<li><strong><em>Espacios de exposici\u00f3n para los artistas mexiquenses<\/em><\/strong><\/li>\n<\/ul>\n<div id=\"attachment_223306\" style=\"width: 250px\" class=\"wp-caption alignleft\"><a href=\"http:\/\/www.diarioimagen.net\/?attachment_id=223306\" rel=\"attachment wp-att-223306\"><img loading=\"lazy\" decoding=\"async\" aria-describedby=\"caption-attachment-223306\" class=\"size-medium wp-image-223306\" src=\"http:\/\/www.diarioimagen.net\/wp-content\/uploads\/2015\/06\/artesanos-2641-240x122.jpg\" alt=\"El gobierno estatal impulsa las artesan\u00edas mexiquenses, con el objetivo de fortalecer la identidad cultural.\" width=\"240\" height=\"122\" srcset=\"https:\/\/www.diarioimagen.net\/wp-content\/uploads\/2015\/06\/artesanos-2641-240x122.jpg 240w, https:\/\/www.diarioimagen.net\/wp-content\/uploads\/2015\/06\/artesanos-2641-420x213.jpg 420w, https:\/\/www.diarioimagen.net\/wp-content\/uploads\/2015\/06\/artesanos-2641.jpg 630w\" sizes=\"auto, (max-width: 240px) 100vw, 240px\" \/><\/a><p id=\"caption-attachment-223306\" class=\"wp-caption-text\">El gobierno estatal impulsa las artesan\u00edas mexiquenses, con el objetivo de fortalecer la identidad cultural.<\/p><\/div>\n<p>Del 25 al 28 de junio, productos de artesanos mexiquenses son exhibidos y puestos a la venta en el Museo Nacional de Culturas Populares, como parte de las acciones que realiza el gobierno del Estado de M\u00e9xico, a trav\u00e9s de la Secretaria de Turismo para impulsar nuevos espacios de exposici\u00f3n para los artistas mexiquenses, gestionada ante el Consejo Nacional de Culturas y las Artes (Conaculta).<\/p>\n<p>La secretaria de Turismo, Rosalinda Elizabeth Ben\u00edtez Gonz\u00e1lez, detall\u00f3 que ser\u00e1n 39 artesanos mexiquenses provenientes de 20 municipios los que expondr\u00e1n sus productos.<\/p>\n<p>\u201cEl gobierno estatal seguir\u00e1 buscando los canales para que los artesanos puedan seguir exhibiendo la riqueza popular que el Estado de M\u00e9xico tiene para ofrecerle al mundo\u201d, destac\u00f3 al inaugurar la exposici\u00f3n en instalaciones del museo.<\/p>\n<p>El director general del IIFAEM, Adalberto Fuguemman y L\u00f3pez, dio a conocer que durante esta expo-venta artesanal se podr\u00e1n encontrar 26 piezas que han sido galardonadas en cert\u00e1menes nacionales, mismas que han tendido presencia internacional a trav\u00e9s de varias exposiciones.<\/p>\n<p>De esta forma, el gobierno estatal impulsa las artesan\u00edas mexiquenses, con el objetivo de fortalecer la identidad cultural y contribuir a una mejor calidad de vida de las familias que dependen de esta actividad.<\/p>\n","protected":false},"excerpt":{"rendered":"<p>Del 25 al 28 de junio, productos de artesanos mexiquenses son exhibidos y puestos a la venta en el Museo Nacional de Culturas Populares, como parte de las acciones que realiza el gobierno del Estado de M\u00e9xico, a trav\u00e9s de la Secretaria de Turismo para impulsar nuevos espacios de exposici\u00f3n para los artistas mexiquenses, gestionada ante el Consejo Nacional de Culturas y las Artes (Conaculta).<\/p>\n","protected":false},"author":3,"featured_media":223306,"comment_status":"open","ping_status":"open","sticky":false,"template":"","format":"standard","meta":{"_monsterinsights_skip_tracking":false,"_monsterinsights_sitenote_active":false,"_monsterinsights_sitenote_note":"","_monsterinsights_sitenote_category":0,"footnotes":""},"categories":[5],"tags":[20668,8803,43675],"class_list":["post-223242","post","type-post","status-publish","format-standard","has-post-thumbnail","hentry","category-estado-de-mexico","tag-artesanos","tag-conaculta","tag-estado-de-mexico"],"_links":{"self":[{"href":"https:\/\/www.diarioimagen.net\/index.php?rest_route=\/wp\/v2\/posts\/223242","targetHints":{"allow":["GET"]}}],"collection":[{"href":"https:\/\/www.diarioimagen.net\/index.php?rest_route=\/wp\/v2\/posts"}],"about":[{"href":"https:\/\/www.diarioimagen.net\/index.php?rest_route=\/wp\/v2\/types\/post"}],"author":[{"embeddable":true,"href":"https:\/\/www.diarioimagen.net\/index.php?rest_route=\/wp\/v2\/users\/3"}],"replies":[{"embeddable":true,"href":"https:\/\/www.diarioimagen.net\/index.php?rest_route=%2Fwp%2Fv2%2Fcomments&post=223242"}],"version-history":[{"count":0,"href":"https:\/\/www.diarioimagen.net\/index.php?rest_route=\/wp\/v2\/posts\/223242\/revisions"}],"wp:featuredmedia":[{"embeddable":true,"href":"https:\/\/www.diarioimagen.net\/index.php?rest_route=\/wp\/v2\/media\/223306"}],"wp:attachment":[{"href":"https:\/\/www.diarioimagen.net\/index.php?rest_route=%2Fwp%2Fv2%2Fmedia&parent=223242"}],"wp:term":[{"taxonomy":"category","embeddable":true,"href":"https:\/\/www.diarioimagen.net\/index.php?rest_route=%2Fwp%2Fv2%2Fcategories&post=223242"},{"taxonomy":"post_tag","embeddable":true,"href":"https:\/\/www.diarioimagen.net\/index.php?rest_route=%2Fwp%2Fv2%2Ftags&post=223242"}],"curies":[{"name":"wp","href":"https:\/\/api.w.org\/{rel}","templated":true}]}}