{"id":223621,"date":"2015-06-30T00:01:13","date_gmt":"2015-06-30T05:01:13","guid":{"rendered":"http:\/\/www.diarioimagen.net\/?p=223621"},"modified":"2015-07-01T01:18:42","modified_gmt":"2015-07-01T06:18:42","slug":"el-festival-de-la-cerveza-mx-los-proximos-4-y-5-de-julio-con-un-gran-numero-de-productores-y-distribuidores-de-cerveza-artesanal","status":"publish","type":"post","link":"https:\/\/www.diarioimagen.net\/?p=223621","title":{"rendered":"El Festival de la Cerveza MX, los pr\u00f3ximos 4 y 5 de julio, con un gran n\u00famero de productores y distribuidores de cerveza artesanal"},"content":{"rendered":"<h2>De cinco estrellas<\/h2>\n<h5>Victoria Gonz\u00e1lez Prado<\/h5>\n<p>&nbsp;<\/p>\n<ul>\n<li><strong><em>Simon y Refinery29 presentan Style Festival, una gira de eventos de moda y entretenimiento<\/em><\/strong><\/li>\n<\/ul>\n<div id=\"attachment_223721\" style=\"width: 250px\" class=\"wp-caption alignleft\"><a href=\"http:\/\/www.diarioimagen.net\/?attachment_id=223721\" rel=\"attachment wp-att-223721\"><img loading=\"lazy\" decoding=\"async\" aria-describedby=\"caption-attachment-223721\" class=\"size-medium wp-image-223721\" src=\"http:\/\/www.diarioimagen.net\/wp-content\/uploads\/2015\/06\/turismo-2643-240x135.jpg\" alt=\"El 4 y 5 de julio, Festival de la Cerveza.\" width=\"240\" height=\"135\" srcset=\"https:\/\/www.diarioimagen.net\/wp-content\/uploads\/2015\/06\/turismo-2643-240x135.jpg 240w, https:\/\/www.diarioimagen.net\/wp-content\/uploads\/2015\/06\/turismo-2643-420x236.jpg 420w, https:\/\/www.diarioimagen.net\/wp-content\/uploads\/2015\/06\/turismo-2643-235x132.jpg 235w, https:\/\/www.diarioimagen.net\/wp-content\/uploads\/2015\/06\/turismo-2643-202x114.jpg 202w, https:\/\/www.diarioimagen.net\/wp-content\/uploads\/2015\/06\/turismo-2643-350x196.jpg 350w, https:\/\/www.diarioimagen.net\/wp-content\/uploads\/2015\/06\/turismo-2643-220x123.jpg 220w, https:\/\/www.diarioimagen.net\/wp-content\/uploads\/2015\/06\/turismo-2643-237x132.jpg 237w, https:\/\/www.diarioimagen.net\/wp-content\/uploads\/2015\/06\/turismo-2643.jpg 480w\" sizes=\"auto, (max-width: 240px) 100vw, 240px\" \/><\/a><p id=\"caption-attachment-223721\" class=\"wp-caption-text\">El 4 y 5 de julio, Festival de la Cerveza.<\/p><\/div>\n<p>Actualmente se ha dado un auge en la cultura artesanal por un aumento en su mercado. No obstante, pese al tratado de la Comisi\u00f3n Federal de Competencia para abolir los contratos de exclusividad de las grandes empresas comerciales con distintos establecimientos, los productores y distribuidores independientes a\u00fan deben lidiar con esta situaci\u00f3n. As\u00ed, se manejan en plataformas en l\u00ednea, sobre pedido, por recomendaci\u00f3n o en expos, como el Festival de la Cerveza MX. En esta primera edici\u00f3n, organizada por Proexpo, la Casa de Cultura Jaime Sabines fue elegida para ser la sede este 4 y 5 de julio, pues San \u00c1ngel es considerada una zona rica en tradici\u00f3n. La creaci\u00f3n de este espacio tiene como finalidad promover y apoyar a los productores de cerveza artesanal e impulsar los productos nacionales como una alternativa para hacer crecer la econom\u00eda mexicana. Para los aproximadamente 10 mil visitantes que esperan, habr\u00e1 m\u00e1s de 40 expositores de entre los cuales a elegir muestras de sus el\u00edxires de cebada, as\u00ed como diferentes actividades culturales. Charlas, catas y talleres para aprender a hacer cerveza en casa ser\u00e1n musicalizados por el cuarteto de brit pop en espa\u00f1ol, Los Caverns. En un ambiente familiar se pretende difundir, en especial a los j\u00f3venes, acerca de la cultura de la cerveza artesanal y el consumo inteligente y responsable. Cinco de los cerveceros que estar\u00e1 presentes en el festival son: Bebe Como Vikingo, una alianza de tiendas en l\u00ednea v\u00eda <em>Facebook<\/em> que comenzaron con la venta de ropa, accesorios y cuernos cerveceros con motivos mitol\u00f3gicos vikingos y desde hace tres a\u00f1os se dedican a la venta de la bebida m\u00e1s antigua de la historia: el hidromiel. Cuentan tambi\u00e9n con 20 estilos de cerveza distintos y trabajan con cervecer\u00edas como Ulfur, At\u00f3mica, Mithos, entre otras. Desde Morelia, Michoac\u00e1n, en manos de Matthew Hikory, llegar\u00e1 la cerveza La Br\u00fc, con siete variedades a escoger, de las cuales la novedad es la hecha de ma\u00edz azul, todas elaboradas con t\u00e9cnicas inglesas, sin pasteurizar. Tambi\u00e9n, con el lanzamiento de su cerveza \u201cCaravana\u201d, estar\u00e1 Mi otro amor. Para acompa\u00f1arlos, Cervecer\u00eda Gauss y sus ocho estilos, siendo el de chocolate de los m\u00e1s ricos. Por \u00faltimo, la distribuidora e importadora que reta paladares y lleva cervezas hasta la puerta de tu casa, Retos Cheleros. Al igual que abundante cerveza, habr\u00e1 comida para llenar el est\u00f3mago. Contar\u00e1n con especialidades argentinas, carnes, pizza, choripanes y otros snacks. Adem\u00e1s, hay una promoci\u00f3n especial, al hacer un pre-registro a trav\u00e9s de Eventbrite, compuesta por la entrada, un vaso conmemorativo y un boleto para la rifa de un viaje en helic\u00f3ptero, todo ello por un precio de 120 pesos. La entrada general ser\u00e1 de 50 pesos. Nada como una buena cerveza para dar inicio a las vacaciones de verano. M\u00e1s informaci\u00f3n: https:\/\/festivaldelacervezamx.eventbrite.com<\/p>\n<p>\u2730\u2730\u2730\u2730\u2730 <em>Simon <\/em>y<em> Refinery29<\/em> anuncian el <em>Style Festival, <\/em>una gira nacional por seis ciudades que transformar\u00e1 las compras en el mall en un festival de verano con escenarios para m\u00fasica en vivo, moda y belleza. Este es el segundo a\u00f1o de colaboraci\u00f3n entre las dos marcas, que lanzaron su asociaci\u00f3n en el oto\u00f1o del 2014 con <em>The Shopping Block<\/em>.\u00a0 <em>Style Festival<\/em> destacar\u00e1 la alegr\u00eda de la moda, el descubrimiento, y la comunidad, con lo que <em>Refinery29<\/em> -la empresa virtual\u00a0 medi\u00e1tica l\u00edder para el estilo de vida de los <em>millennials<\/em>\u2013, junto con la vida \u2018real\u2019 en el mundo de la venta al por menor, d\u00e1ndoles a los compradores del centro comercial nuevas formas de comprar grandes marcas, junto a dise\u00f1adores emergentes locales. <em>Stye Festival<\/em> se inspira en la cultura de los festivales de m\u00fasica que se ha convertido en un rito de pasaje para los <em>millennials. <\/em>Este festival interactivo contar\u00e1 con un artista o grupo musical principal en cada ciudad, y actividades personalizadas que fomentan el deseo de los compradores de crear su propio estilo individual y descubrir moda local. El 70% de las mujeres <em>millennials<\/em> ven las compras como una forma de entretenimiento<sup>1<\/sup>. Como tal, <em>Simon<\/em> y <em>Refinery29<\/em> est\u00e1n creando destinos de entretenimiento \u00fanicos, reuniendo a los mejores m\u00fasicos, marcas nacionales e internacionales, dise\u00f1adores independientes, y experiencias creativas personales para sorprender y deleitar a los compradores con una nueva experiencia dentro del centro comercial. Cada evento incluir\u00e1: Actuaciones Musicales<em> \u201cSound Stage\u201d:<\/em> La m\u00fasica es el elemento m\u00e1s reciente de la colaboraci\u00f3n entre <em>Refinery29<\/em> y <em>Simon<\/em> que aspira a fusionar las compras y el entretenimiento. Los asistentes al <em>Style Festival <\/em> tendr\u00e1n una experiencia \u00fanica de descubrir nuevos artistas musicales, desde los principales cantantes de cada festival hasta los m\u00e1s conocidos DJ\u2019s en un ambiente m\u00e1s \u00edntimo que dentro de un estadio o una sala de conciertos. Actos musicales incluyen: M<em>S MR, Twin Shadow, Austra, Cults,<\/em> y m\u00e1s. Escenarios del estilo <em>Style Stage<\/em> con indie boutiques y marcas nacionales: <em>Refinery29<\/em> y <em>Simon<\/em> han invitado a sus tiendas y creadores de moda independientes favoritos para participar en el <em>Style Festival<\/em>, creando una interacci\u00f3n entre el talento local y las marcas nacionales, en el escenario del centro comercial.\u00a0Este escenario \u201ccomprable\u201d se inspira en las tendencias de verano respaldadas por los editores de <em>Refinery29,<\/em> como <em>Jean Scene<\/em> y <em>Fringed Benefits<\/em>, y cuentan con art\u00edculos selectos de las tiendas locales, tales como <em>Style Mafia, Bear Cat Vintage, Beehive, I Shine 365,<\/em> <em>Supra Endura<\/em>, y <em>Violet Boutique. <\/em>Escenarios de Belleza <em>\u201cBeauty Stage\u201d<\/em>: Los <em>Style Festivals<\/em> tendr\u00e1n equipos de belleza a la mano en los \u2018bares de belleza\u2019 para ofrecerles a los compradores las tendencias en peinados que han sido seleccionados por los editores <em>Refinery29. <\/em>Tambi\u00e9n tendr\u00e1n la oportunidad de elegir entre una amplia gama de tatuajes met\u00e1licos temporales en el sal\u00f3n de tatuajes. Escenarios para la creatividad personal <em>\u201cDIY Stage\u201d:<\/em> Podr\u00e1n personalizar camisetas inspiradas en las bandas musicales del festival, llev\u00e1ndose a casa un recuerdo de la experiencia. Sedes de los eventos Style Festival y fechas por venir en 2015: <em>Dadeland Mall,<\/em> Miami, Florida 11 de julio; <em>King of Prussia Mall,<\/em> PA, julio 25; Burlington Mall Burlington, MA, 1 de agosto y <em>Fashion Centre at Pentagon City<\/em>, Washington, DC, el 8 de agosto. \u201cEn este segundo a\u00f1o de colaboraci\u00f3n, <em>Refinery29 <\/em>y <em>Simon<\/em> contin\u00faan buscando maneras de atraer y acertar las preferencias de estilo, los gustos y el sentido de individualismo que define el comprador <em>millennial<\/em>\u201d, dijo <strong>Chidi Achara<\/strong>, director creativo global de <em>Simon<\/em>. \u201cEventos como el <em>Style Festival<\/em> ayudan a redefinir la experiencia dentro del centro comercial en nuevas, modernas e innovadoras formas.\u201d Adem\u00e1s el festival se ampliar\u00e1 digitalmente por medio de mensajes de redacci\u00f3n de Refinery29.com, incluyendo una serie de fotos enfocadas en el\u00a0<em>street style<\/em>\u00a0&#8211; estilo de la calle de cada evento y estos ser\u00e1n apoyados mediante comunicaci\u00f3n de alto impacto en Refinery29.com, promociones en los medios sociales y www.simon.com\/r29stylefestival, un micro-sitio dedicado a la gira de eventos, organizado por <em>Simon.<\/em> Adem\u00e1s, se anima a los compradores a compartir sus experiencias durante los eventos de Style Festival utilizando los <em>hashtags <\/em>#R29StyleFestival y #FoundAtSimon. \u201cTras el \u00e9xito de la asociaci\u00f3n del a\u00f1o pasado con <em>Simon<\/em>, trabajamos para crear una experiencia de compras a\u00fan m\u00e1s atractiva que agrega un nuevo nivel de entretenimiento a las actividades que nuestro p\u00fablico ama, como las barras de belleza, los proyectos creativos, y los hallazgos de moda locales\u201d, dijo <strong>Piera Gelardi<\/strong> , directora creativa de <em>Refinery29.<\/em> \u201cEsta generaci\u00f3n est\u00e1 loca por toda la cultura relacionada a los festivales musicales, que es una de las \u00e1reas de contenido m\u00e1s populares de <em>Refinery29<\/em> durante la primavera y el verano. Style Festival sorprender\u00e1 a los compradores transformando un viaje al centro comercial en un evento <em>super-rad<\/em>, creativo, y compartible\u201d. Otra de las novedades de este a\u00f1o es que la asociaci\u00f3n de <em>Simon <\/em>se extiende a <em>Refinery29<\/em> Originals, el \u00e1rea de videos de la compa\u00f1\u00eda. <em>Simon<\/em> se integrar\u00e1 en dos series<em>: \u201cSplit Second Style\u201d<\/em> y <em>\u201cTrend Takeout\u201d<\/em> produciendo un total de ocho episodios que se transmitir\u00e1n exclusivamente en los canales digitales de Refinery29.<\/p>\n<p><em><i><a href=\"mailto:victoriagprado@gmail.com\" target=\"_blank\">victoriagprado@gmail.com<\/a><\/i><\/em><\/p>\n","protected":false},"excerpt":{"rendered":"<p>Actualmente se ha dado un auge en la cultura artesanal por un aumento en su mercado. No obstante, pese al tratado de la Comisi\u00f3n Federal de Competencia para abolir los contratos de exclusividad de las grandes empresas comerciales con distintos establecimientos, los productores y distribuidores independientes a\u00fan deben lidiar con esta situaci\u00f3n.<\/p>\n","protected":false},"author":3,"featured_media":223721,"comment_status":"open","ping_status":"open","sticky":false,"template":"","format":"standard","meta":{"_monsterinsights_skip_tracking":false,"_monsterinsights_sitenote_active":false,"_monsterinsights_sitenote_note":"","_monsterinsights_sitenote_category":0,"footnotes":""},"categories":[11],"tags":[107,43674,43681,106],"class_list":["post-223621","post","type-post","status-publish","format-standard","has-post-thumbnail","hentry","category-turismo","tag-de-cinco-estrellas","tag-opinion","tag-turismo","tag-victoria-gonzalez-prado"],"_links":{"self":[{"href":"https:\/\/www.diarioimagen.net\/index.php?rest_route=\/wp\/v2\/posts\/223621","targetHints":{"allow":["GET"]}}],"collection":[{"href":"https:\/\/www.diarioimagen.net\/index.php?rest_route=\/wp\/v2\/posts"}],"about":[{"href":"https:\/\/www.diarioimagen.net\/index.php?rest_route=\/wp\/v2\/types\/post"}],"author":[{"embeddable":true,"href":"https:\/\/www.diarioimagen.net\/index.php?rest_route=\/wp\/v2\/users\/3"}],"replies":[{"embeddable":true,"href":"https:\/\/www.diarioimagen.net\/index.php?rest_route=%2Fwp%2Fv2%2Fcomments&post=223621"}],"version-history":[{"count":0,"href":"https:\/\/www.diarioimagen.net\/index.php?rest_route=\/wp\/v2\/posts\/223621\/revisions"}],"wp:featuredmedia":[{"embeddable":true,"href":"https:\/\/www.diarioimagen.net\/index.php?rest_route=\/wp\/v2\/media\/223721"}],"wp:attachment":[{"href":"https:\/\/www.diarioimagen.net\/index.php?rest_route=%2Fwp%2Fv2%2Fmedia&parent=223621"}],"wp:term":[{"taxonomy":"category","embeddable":true,"href":"https:\/\/www.diarioimagen.net\/index.php?rest_route=%2Fwp%2Fv2%2Fcategories&post=223621"},{"taxonomy":"post_tag","embeddable":true,"href":"https:\/\/www.diarioimagen.net\/index.php?rest_route=%2Fwp%2Fv2%2Ftags&post=223621"}],"curies":[{"name":"wp","href":"https:\/\/api.w.org\/{rel}","templated":true}]}}