{"id":223745,"date":"2015-07-01T00:08:04","date_gmt":"2015-07-01T05:08:04","guid":{"rendered":"http:\/\/www.diarioimagen.net\/?p=223745"},"modified":"2015-07-01T02:13:47","modified_gmt":"2015-07-01T07:13:47","slug":"la-ssa-orientara-a-consumidores-por-nuevo-etiquetado-frontal-en-alimentos-y-bebidas","status":"publish","type":"post","link":"https:\/\/www.diarioimagen.net\/?p=223745","title":{"rendered":"En vigor, nuevo etiquetado para alimentos y bebidas"},"content":{"rendered":"<ul>\n<li><strong><em>La Ssa orientar\u00e1 a consumidores<\/em><\/strong><\/li>\n<\/ul>\n<div id=\"attachment_223746\" style=\"width: 250px\" class=\"wp-caption alignleft\"><a href=\"http:\/\/www.diarioimagen.net\/?attachment_id=223746\" rel=\"attachment wp-att-223746\"><img loading=\"lazy\" decoding=\"async\" aria-describedby=\"caption-attachment-223746\" class=\"wp-image-223746 size-medium\" src=\"http:\/\/www.diarioimagen.net\/wp-content\/uploads\/2015\/06\/ETIQUETADO-portal-240x140.jpg\" alt=\"Por disposici\u00f3n oficial deber\u00e1n cambiar al nuevo etiquetado m\u00e1s de 32 mil productos desde hoy.\" width=\"240\" height=\"140\" srcset=\"https:\/\/www.diarioimagen.net\/wp-content\/uploads\/2015\/06\/ETIQUETADO-portal-240x140.jpg 240w, https:\/\/www.diarioimagen.net\/wp-content\/uploads\/2015\/06\/ETIQUETADO-portal-420x245.jpg 420w, https:\/\/www.diarioimagen.net\/wp-content\/uploads\/2015\/06\/ETIQUETADO-portal.jpg 480w\" sizes=\"auto, (max-width: 240px) 100vw, 240px\" \/><\/a><p id=\"caption-attachment-223746\" class=\"wp-caption-text\">Por disposici\u00f3n oficial deber\u00e1n cambiar al nuevo etiquetado m\u00e1s de 32 mil productos desde hoy.<\/p><\/div>\n<p>Entr\u00f3 en vigor ayer el nuevo etiquetado frontal para alimentos y bebidas no alcoh\u00f3licas preenvasadas, por lo que la Secretar\u00eda de Salud (Ssa) anunci\u00f3 una campa\u00f1a para orientar a consumidores para que puedan tomar la mejor decisi\u00f3n.<\/p>\n<p>Al presentar el nuevo etiquetado, en el Instituto Nacional de Ciencias M\u00e9dicas y Nutrici\u00f3n \u201cSalvador Zubir\u00e1n\u201d, funcionarios de la dependencia destacaron los beneficios de esta nueva medida, cuyos primeros resultados se podr\u00edan evaluar en la encuesta de nutrici\u00f3n de medio camino, que se realizar\u00e1 en 2016 y posteriormente en la de 2018.<\/p>\n<p>M\u00e1s de 32 mil productos deber\u00e1n cambiar al nuevo etiquetado, de los cuales m\u00e1s de 50 por ciento ya cumplen con la norma actual; ser\u00e1 hasta julio de 2016 cuando comenzar\u00e1n las sanciones a quienes no cumplan, porque en esa fecha deber\u00e1 salir todo producto de anaquel que por cuestiones de inventario tenga el viejo etiquetado.<\/p>\n<p>Ser\u00e1 hasta julio de 2016 cuando comenzar\u00e1n a ser aplicadas las sanciones a quienes no cumplan, porque en esa fecha deber\u00e1 salir todo producto de anaquel que por cuestiones de inventario tenga el viejo etiquetado; quienes no atiendan la norma se har\u00e1n acreedores a una multa de entre 400 mil y un mill\u00f3n de pesos.<\/p>\n<p>El subsecretario de Prevenci\u00f3n y Promoci\u00f3n de la Salud, Pablo Kuri Morales, destac\u00f3 que esta medida forma parte de uno de los tres principales ejes de la Estrategia Nacional para la Prevenci\u00f3n y el Control del Sobrepeso, la Obesidad y la Diabetes.<\/p>\n<p>La epidemia de estas enfermedades cr\u00f3nicas no transmisibles son la causa de 36 millones de defunciones al a\u00f1o a nivel mundial, se\u00f1al\u00f3 el funcionario de la Secretar\u00eda de Salud.<\/p>\n<p>El nuevo etiquetado es claro y sencillo, pero a\u00fan as\u00ed se realizar\u00e1n campa\u00f1as de difusi\u00f3n y de concienciaci\u00f3n de una cultura de consumo en la que se tomen en cuenta los contenidos cal\u00f3ricos, de grasas y sodio que se ingieren, con base en una dieta de 2 mil calor\u00edas diarias.<\/p>\n<p>Al respecto, el titular de la Comisi\u00f3n Federal para la Protecci\u00f3n contra Riesgos Sanitarios (Cofepris), Mikel Arriola, manifest\u00f3 que \u201cno nos interesa satanizar productos, nos interesa que el sodio, el az\u00facar y las grasas desaparezcan en la mayor medida de los productos\u201d.<\/p>\n<p>El etiquetado de sem\u00e1foro no era el m\u00e1s adecuado, toda vez que la confusi\u00f3n podr\u00eda llevar a la poblaci\u00f3n a preferir un refresco que a la leche, porque la bebida gaseosa no contiene grasa aunque s\u00ed un alto contenido de az\u00facar, explic\u00f3 Arriola Pe\u00f1alosa.<\/p>\n<p style=\"text-align: center;\"><strong>Coca-Cola cumplir\u00e1 con nuevas medidas <\/strong><\/p>\n<p>La compa\u00f1\u00eda Coca-Cola de M\u00e9xico anunci\u00f3 que a partir este mes integrar\u00e1 a sus productos las nuevas medidas de etiquetado frontal nutrimental, conforme a lo establecido por las autoridades sanitarias.<\/p>\n<p>El presidente de la empresa, Francisco Crespo, reconoci\u00f3 al gobierno por las reformas impulsadas en materia de etiquetado y publicidad de alimentos y bebidas no alcoh\u00f3licas, ya que respetan el derecho de los mexicanos a tomar decisiones informadas.<\/p>\n<p>De hecho, la compa\u00f1\u00eda record\u00f3 que en 2010 fue pionera en la industria, al establecer de manera voluntaria un etiquetado que permite a las personas saber qu\u00e9 porcentaje de la ingesta cal\u00f3rica diaria recomendada representa cada bebida.<\/p>\n<p>\u201cActualmente, todos los productos de Coca-Cola muestran informaci\u00f3n sobre contenido cal\u00f3rico y nutrimental sustentada cient\u00edficamente, como calor\u00edas, az\u00facares, grasas y sodio\u201d, afirm\u00f3 en un comunicado.<\/p>\n","protected":false},"excerpt":{"rendered":"<p>Entr\u00f3 en vigor ayer el nuevo etiquetado frontal para alimentos y bebidas no alcoh\u00f3licas preenvasadas, por lo que la Secretar\u00eda de Salud (Ssa) anunci\u00f3 una campa\u00f1a para orientar a consumidores para que puedan tomar la mejor decisi\u00f3n.<\/p>\n","protected":false},"author":5,"featured_media":223746,"comment_status":"open","ping_status":"open","sticky":false,"template":"","format":"standard","meta":{"_monsterinsights_skip_tracking":false,"_monsterinsights_sitenote_active":false,"_monsterinsights_sitenote_note":"","_monsterinsights_sitenote_category":0,"footnotes":""},"categories":[3],"tags":[126,10159,432],"class_list":["post-223745","post","type-post","status-publish","format-standard","has-post-thumbnail","hentry","category-nacional","tag-alimentos","tag-bebidas","tag-secretaria-de-salud"],"_links":{"self":[{"href":"https:\/\/www.diarioimagen.net\/index.php?rest_route=\/wp\/v2\/posts\/223745","targetHints":{"allow":["GET"]}}],"collection":[{"href":"https:\/\/www.diarioimagen.net\/index.php?rest_route=\/wp\/v2\/posts"}],"about":[{"href":"https:\/\/www.diarioimagen.net\/index.php?rest_route=\/wp\/v2\/types\/post"}],"author":[{"embeddable":true,"href":"https:\/\/www.diarioimagen.net\/index.php?rest_route=\/wp\/v2\/users\/5"}],"replies":[{"embeddable":true,"href":"https:\/\/www.diarioimagen.net\/index.php?rest_route=%2Fwp%2Fv2%2Fcomments&post=223745"}],"version-history":[{"count":0,"href":"https:\/\/www.diarioimagen.net\/index.php?rest_route=\/wp\/v2\/posts\/223745\/revisions"}],"wp:featuredmedia":[{"embeddable":true,"href":"https:\/\/www.diarioimagen.net\/index.php?rest_route=\/wp\/v2\/media\/223746"}],"wp:attachment":[{"href":"https:\/\/www.diarioimagen.net\/index.php?rest_route=%2Fwp%2Fv2%2Fmedia&parent=223745"}],"wp:term":[{"taxonomy":"category","embeddable":true,"href":"https:\/\/www.diarioimagen.net\/index.php?rest_route=%2Fwp%2Fv2%2Fcategories&post=223745"},{"taxonomy":"post_tag","embeddable":true,"href":"https:\/\/www.diarioimagen.net\/index.php?rest_route=%2Fwp%2Fv2%2Ftags&post=223745"}],"curies":[{"name":"wp","href":"https:\/\/api.w.org\/{rel}","templated":true}]}}