{"id":223811,"date":"2015-07-01T00:02:03","date_gmt":"2015-07-01T05:02:03","guid":{"rendered":"http:\/\/www.diarioimagen.net\/?p=223811"},"modified":"2015-07-02T01:08:37","modified_gmt":"2015-07-02T06:08:37","slug":"ejercito-de-sudan-del-sur-viola-y-quema-vivas-a-ninas-acusa-onu","status":"publish","type":"post","link":"https:\/\/www.diarioimagen.net\/?p=223811","title":{"rendered":"Ej\u00e9rcito de Sud\u00e1n del Sur viola y quema vivas a ni\u00f1as, acusa ONU"},"content":{"rendered":"<ul>\n<li><strong><em>V\u00edctimas del conflicto armado<\/em><\/strong><\/li>\n<\/ul>\n<div id=\"attachment_223885\" style=\"width: 250px\" class=\"wp-caption alignleft\"><a href=\"http:\/\/www.diarioimagen.net\/?attachment_id=223885\" rel=\"attachment wp-att-223885\"><img loading=\"lazy\" decoding=\"async\" aria-describedby=\"caption-attachment-223885\" class=\"size-medium wp-image-223885\" src=\"http:\/\/www.diarioimagen.net\/wp-content\/uploads\/2015\/07\/mundo-2644-240x135.jpg\" alt=\"El conflicto armado entre los partidarios del presidente Salva Kiir y del ex vicepresidente, Riek Machar, se ha caracterizado en los \u00faltimos meses por su brutalidad contra las mujeres, muchas de ellas ni\u00f1as.\" width=\"240\" height=\"135\" srcset=\"https:\/\/www.diarioimagen.net\/wp-content\/uploads\/2015\/07\/mundo-2644-240x135.jpg 240w, https:\/\/www.diarioimagen.net\/wp-content\/uploads\/2015\/07\/mundo-2644-420x236.jpg 420w, https:\/\/www.diarioimagen.net\/wp-content\/uploads\/2015\/07\/mundo-2644-235x132.jpg 235w, https:\/\/www.diarioimagen.net\/wp-content\/uploads\/2015\/07\/mundo-2644-202x114.jpg 202w, https:\/\/www.diarioimagen.net\/wp-content\/uploads\/2015\/07\/mundo-2644-350x196.jpg 350w, https:\/\/www.diarioimagen.net\/wp-content\/uploads\/2015\/07\/mundo-2644-220x123.jpg 220w, https:\/\/www.diarioimagen.net\/wp-content\/uploads\/2015\/07\/mundo-2644-237x132.jpg 237w, https:\/\/www.diarioimagen.net\/wp-content\/uploads\/2015\/07\/mundo-2644.jpg 480w\" sizes=\"auto, (max-width: 240px) 100vw, 240px\" \/><\/a><p id=\"caption-attachment-223885\" class=\"wp-caption-text\">El conflicto armado entre los partidarios del presidente Salva Kiir y del ex vicepresidente, Riek Machar, se ha caracterizado en los \u00faltimos meses por su brutalidad contra las mujeres, muchas de ellas ni\u00f1as.<\/p><\/div>\n<p>En un informe sobre el conflicto armado que vive Sud\u00e1n del Sur desde fines de 2013, la Misi\u00f3n de las Naciones Unidas en ese pa\u00eds (UNMISS) acus\u00f3 al Ej\u00e9rcito sursudan\u00e9s de violar y quemar vivas a innumerables ni\u00f1as.<\/p>\n<p>Se\u00f1ala que el conflicto armado entre los partidarios del presidente Salva Kiir y del ex vicepresidente, Riek Machar, se ha caracterizado en los \u00faltimos meses por su notable \u201cbrutalidad e intensidad\u201d contra las mujeres, muchas de ellas ni\u00f1as.<\/p>\n<p>\u201cEl alcance y el nivel de crueldad (&#8230;) sugieren una profundidad de antipat\u00eda que supera las diferencias pol\u00edticas\u201d, destac\u00f3 el informe de la misi\u00f3n de las Naciones Unidas (ONU).<\/p>\n<p>Las conclusiones est\u00e1n basadas en las entrevistas que miembros de la UNMISS realizaron a 115 v\u00edctimas y testigos en el norte\u00f1o estado de Unity, donde las fuerzas de Sud\u00e1n del Sur luchan desde abril pasado contra combatientes de la oposici\u00f3n, tras el fracaso del di\u00e1logo.<\/p>\n<p>De acuerdo con los testimonios, el Ej\u00e9rcito de Liberaci\u00f3n del Pueblo Sudan\u00e9s (SPLA) es tambi\u00e9n responsable de la muerte de muchos civiles, la destrucci\u00f3n de aldeas y el desplazamiento de al menos 100 mil personas en los \u00faltimos meses.<\/p>\n<p>En su reporte, la UNMISS destac\u00f3 que hasta ahora no ha podido corroborar dichas acusaciones, ya que todos sus intentos para ello han sido impedidos por el SPLA, que niega el acceso a las zonas afectadas.<\/p>\n<p>\u201cLos oficiales de derechos humanos de la UNMISS visitaron dos sitios adicionales de presuntas atrocidades y realizaron m\u00e1s entrevistas de testigos y v\u00edctimas. La informaci\u00f3n obtenida de esas visitas y entrevistas corroboran las anteriores\u201d, indic\u00f3 el comunicado.<\/p>\n<p>Ellen Margrethe Loej, responsable de la UNMISS, conden\u00f3 las atrocidades cometidas por los militares sursudaneses y pidi\u00f3 su apoyo para poder ingresar a las zonas de Unity afectadas por el conflicto armado.<\/p>\n<p>\u201cHacemos un llamado al SPLA para cumplir con este compromiso y permitir el acceso sin restricciones de nuestros oficiales de derechos humanos a los sitios de estas violaciones reportados\u201d, se\u00f1al\u00f3 el jefe de la UNMISS.<\/p>\n<p>El portavoz del ej\u00e9rcito de Sud\u00e1n del Sur, Philip Aguer Panyang, rechaz\u00f3 en declaraciones a la televisora satelital qatar\u00ed las acusaciones de la misi\u00f3n de las ONU sobre los presuntos cr\u00edmenes cometidos y sobre obstrucci\u00f3n de la labor de sus investigadores.<\/p>\n<p>\u201cNuestro papel como un ej\u00e9rcito es facilitar las entregas de asistencia humanitaria y el acceso a la protecci\u00f3n civil. Si a la ONU se le ha negado el acceso, tiene el derecho de presentar las reclamaciones al comando SPLA\u201d, subray\u00f3 Panyang.<\/p>\n<p>Sud\u00e1n del Sur obtuvo su independencia en 2011, pero el pa\u00eds ha estado sumergido en el caos desde fines de 2013, cuando estall\u00f3 el conflicto armado interno, que ha provocado la muerte de miles de personas y casi dos millones de desplazados.<\/p>\n","protected":false},"excerpt":{"rendered":"<p>En un informe sobre el conflicto armado que vive Sud\u00e1n del Sur desde fines de 2013, la Misi\u00f3n de las Naciones Unidas en ese pa\u00eds (UNMISS) acus\u00f3 al Ej\u00e9rcito sursudan\u00e9s de violar y quemar vivas a innumerables ni\u00f1as.<\/p>\n","protected":false},"author":3,"featured_media":223885,"comment_status":"open","ping_status":"open","sticky":false,"template":"","format":"standard","meta":{"_monsterinsights_skip_tracking":false,"_monsterinsights_sitenote_active":false,"_monsterinsights_sitenote_note":"","_monsterinsights_sitenote_category":0,"footnotes":""},"categories":[9],"tags":[43679,16164,617,3350],"class_list":["post-223811","post","type-post","status-publish","format-standard","has-post-thumbnail","hentry","category-mundo","tag-mundo","tag-ninas","tag-onu","tag-violacion"],"_links":{"self":[{"href":"https:\/\/www.diarioimagen.net\/index.php?rest_route=\/wp\/v2\/posts\/223811","targetHints":{"allow":["GET"]}}],"collection":[{"href":"https:\/\/www.diarioimagen.net\/index.php?rest_route=\/wp\/v2\/posts"}],"about":[{"href":"https:\/\/www.diarioimagen.net\/index.php?rest_route=\/wp\/v2\/types\/post"}],"author":[{"embeddable":true,"href":"https:\/\/www.diarioimagen.net\/index.php?rest_route=\/wp\/v2\/users\/3"}],"replies":[{"embeddable":true,"href":"https:\/\/www.diarioimagen.net\/index.php?rest_route=%2Fwp%2Fv2%2Fcomments&post=223811"}],"version-history":[{"count":0,"href":"https:\/\/www.diarioimagen.net\/index.php?rest_route=\/wp\/v2\/posts\/223811\/revisions"}],"wp:featuredmedia":[{"embeddable":true,"href":"https:\/\/www.diarioimagen.net\/index.php?rest_route=\/wp\/v2\/media\/223885"}],"wp:attachment":[{"href":"https:\/\/www.diarioimagen.net\/index.php?rest_route=%2Fwp%2Fv2%2Fmedia&parent=223811"}],"wp:term":[{"taxonomy":"category","embeddable":true,"href":"https:\/\/www.diarioimagen.net\/index.php?rest_route=%2Fwp%2Fv2%2Fcategories&post=223811"},{"taxonomy":"post_tag","embeddable":true,"href":"https:\/\/www.diarioimagen.net\/index.php?rest_route=%2Fwp%2Fv2%2Ftags&post=223811"}],"curies":[{"name":"wp","href":"https:\/\/api.w.org\/{rel}","templated":true}]}}