{"id":223845,"date":"2015-07-01T00:05:56","date_gmt":"2015-07-01T05:05:56","guid":{"rendered":"http:\/\/www.diarioimagen.net\/?p=223845"},"modified":"2015-07-01T01:47:28","modified_gmt":"2015-07-01T06:47:28","slug":"renovacion-panista","status":"publish","type":"post","link":"https:\/\/www.diarioimagen.net\/?p=223845","title":{"rendered":"Renovaci\u00f3n panista"},"content":{"rendered":"<h2>Punto por punto<\/h2>\n<h5>Augusto Corro<\/h5>\n<p>&nbsp;<\/p>\n<p>En el Partido Acci\u00f3n Nacional (PAN) se inici\u00f3 una actividad intensa rumbo a la renovaci\u00f3n de su Comit\u00e9 Ejecutivo Nacional el pr\u00f3ximo mes de agosto.<\/p>\n<p>Lo que aparentaba ser un proceso electoral sin sobresaltos con un candidato \u00fanico a la presidencia partidista, podr\u00eda convertirse en una lucha interna de pron\u00f3stico reservado.<\/p>\n<p>El diputado Ricardo Anaya parec\u00eda que iba en caballo de hacienda hacia las elecciones internas, casi como triunfador debido a su cercan\u00eda con el l\u00edder Gustavo Madero y al apoyo de panistas distinguidos.<\/p>\n<p>Pero el panorama de ganador de Anaya empez\u00f3 a nublarse, pues surgi\u00f3 el senador Javier Corral como adversario pol\u00edtico en busca de la presidencia nacional blanquiazul.<\/p>\n<p>A todas luces, el senador es un candidato inc\u00f3modo porque representa a los panistas rebeldes contra Madero y su pol\u00edtica que tiene a Acci\u00f3n Nacional en la lona, como se dice coloquialmente, luego de sus derrotas may\u00fasculas en comicios recientes.<\/p>\n<p>Como se sabe, el PAN vive una divisi\u00f3n interna derivada de lucha por el poder entre los grupos de calderonistas y maderistas. Los primeros, promovidos por el ex presidente Felipe Calder\u00f3n Hinojosa. Los segundos, apoyados por Madero.<\/p>\n<p>La guerra entre los blanquiazules se agudiz\u00f3 cuando Madero le neg\u00f3 una curul en San L\u00e1zaro a Margarita Zavala, esposa del ex mandatario. Lo que vendr\u00e1 en esa organizaci\u00f3n pol\u00edtica depender\u00e1 del resultado de la renovaci\u00f3n de su dirigencia.<\/p>\n<p>El \u00e1rbitro de la elecci\u00f3n, H\u00e9ctor Larios, tiene el prop\u00f3sito de evitar m\u00e1s fracturas y generar m\u00e1s unidad en el partido. No ser\u00e1 una empresa f\u00e1cil.<\/p>\n<p>La participaci\u00f3n del senador Javier Corral dividir\u00e1 m\u00e1s a los blanquiazules, porque su posici\u00f3n es opuesta totalmente a la c\u00fapula pol\u00edtica que dirige al PAN, encabezada por Madero. La idea de este contendiente es rescatar al PAN del naufragio y darle nueva vida al partido.<\/p>\n<p>La tarea del legislador Corral ser\u00e1 complicada, porque tiene que enfrentarse a toda clase de intereses pol\u00edticos que desfiguraron la imagen de Acci\u00f3n Nacional, pues cambi\u00f3 su esencia de partido de oposici\u00f3n por actitudes de entreguismo al gobierno federal, como le ocurri\u00f3 en el Pacto por M\u00e9xico.<\/p>\n<p>Por lo pronto, el senador tendr\u00e1 el apoyo de corrientes identificadas como Panistas de a pie, Democracia con calidad y otros.<\/p>\n<p style=\"text-align: center;\"><strong>LA COPA DE ORO<\/strong><\/p>\n<p>M\u00e1s le vale al entrenador Miguel Herrera, \u201cEl Piojo Verde\u201d o \u201cEl Tuc\u00e1n\u201d, ganar la Copa de Oro, para olvidar un poco su error de promotor del Partido Verde.<\/p>\n<p>El d\u00eda de los comicios intermedios, el director t\u00e9cnico de la Selecci\u00f3n Nacional de futbol se anot\u00f3 un autogol al llamar a votar por el Verde. Otros futbolistas y personajes de la far\u00e1ndula hicieron lo mismo.<\/p>\n<p>Lo que hizo el timonel de la Selecci\u00f3n Nacional de los \u201cratones verdes\u201d es castigado por el C\u00f3digo Electoral y seguramente ser\u00e1 sancionado. Ya la Comisi\u00f3n Disciplinaria de la Femexfut estudia la multa que se le aplicar\u00e1 a \u201cEl Piojo Verde\u201d.<\/p>\n<p>Por otra parte, trascendi\u00f3 que \u201cEl Piojo Verde\u201d ser\u00e1 citado por la Fiscal\u00eda Especializada para la Atenci\u00f3n de Delitos Electorales (Fepade) para que responda al asunto del tuit o los tuits verdes del 7 de junio pasado.<\/p>\n<p>Seguramente, se le preguntar\u00e1 al entrenador si recibi\u00f3 3 millones de pesos por la publicidad promovida en pleno d\u00eda de elecciones.<\/p>\n<p style=\"text-align: center;\"><strong>LOS SINDICATOS \u201cPIRATAS\u201d<\/strong><\/p>\n<p>Los sindicatos \u201cpiratas\u201d no son nuevos. Siempre existieron en el Distrito Federal y en todo el pa\u00eds. Esos grupos de sujetos dedicados a la transa se ven m\u00e1s en el ramo de la construcci\u00f3n.<\/p>\n<p>Por ejemplo, si usted construye una casa sin el permiso de alg\u00fan sindicato, los \u201cpiratas\u201d llegan y le venden un letrero con las siglas de tal o cual central y nadie lo molesta. Puede continuar su obra sin mayor problema.<\/p>\n<p>Esa plaga de extorsionadores ha funcionado como una tradici\u00f3n, no solamente en el ramo de la construcci\u00f3n. Tambi\u00e9n act\u00faan en otros giros, incluidos los peque\u00f1os comercios, donde venden protecci\u00f3n con la amenaza de sindicalizar a los empleados.<\/p>\n<p>Las principales centrales obreras de M\u00e9xico, como la CTM, CROC, etc., no tienen inter\u00e9s en acabar con esa plaga y las autoridades menos.<\/p>\n<p>De ah\u00ed que los extorsionadores contin\u00faen con la venta de permisos para construcci\u00f3n, sin mayor problema. \u00bfQu\u00e9 se trata de una plaga de sindicatos \u201cpiratas\u201d? Es posible, aunque, lo repetimos, siempre ha existido.<\/p>\n<p>Y si las organizaciones obreras no se preocupan por erradicar ese problema, \u00bfa qui\u00e9n m\u00e1s podr\u00eda interesarle resolverlo?<\/p>\n<p><em><a href=\"mailto:aco2742@hotmail.com\" target=\"_blank\">aco2742@hotmail.com<\/a><\/em><\/p>\n","protected":false},"excerpt":{"rendered":"<p><span style=\"color: #005497;\"><strong>Augusto Corro<\/strong><\/span><\/p>\n","protected":false},"author":3,"featured_media":0,"comment_status":"open","ping_status":"open","sticky":false,"template":"","format":"standard","meta":{"_monsterinsights_skip_tracking":false,"_monsterinsights_sitenote_active":false,"_monsterinsights_sitenote_note":"","_monsterinsights_sitenote_category":0,"footnotes":""},"categories":[157],"tags":[43686,43674,11515],"class_list":["post-223845","post","type-post","status-publish","format-standard","hentry","category-augusto-corro","tag-augusto-corro","tag-opinion","tag-punto-por-punto"],"_links":{"self":[{"href":"https:\/\/www.diarioimagen.net\/index.php?rest_route=\/wp\/v2\/posts\/223845","targetHints":{"allow":["GET"]}}],"collection":[{"href":"https:\/\/www.diarioimagen.net\/index.php?rest_route=\/wp\/v2\/posts"}],"about":[{"href":"https:\/\/www.diarioimagen.net\/index.php?rest_route=\/wp\/v2\/types\/post"}],"author":[{"embeddable":true,"href":"https:\/\/www.diarioimagen.net\/index.php?rest_route=\/wp\/v2\/users\/3"}],"replies":[{"embeddable":true,"href":"https:\/\/www.diarioimagen.net\/index.php?rest_route=%2Fwp%2Fv2%2Fcomments&post=223845"}],"version-history":[{"count":0,"href":"https:\/\/www.diarioimagen.net\/index.php?rest_route=\/wp\/v2\/posts\/223845\/revisions"}],"wp:attachment":[{"href":"https:\/\/www.diarioimagen.net\/index.php?rest_route=%2Fwp%2Fv2%2Fmedia&parent=223845"}],"wp:term":[{"taxonomy":"category","embeddable":true,"href":"https:\/\/www.diarioimagen.net\/index.php?rest_route=%2Fwp%2Fv2%2Fcategories&post=223845"},{"taxonomy":"post_tag","embeddable":true,"href":"https:\/\/www.diarioimagen.net\/index.php?rest_route=%2Fwp%2Fv2%2Ftags&post=223845"}],"curies":[{"name":"wp","href":"https:\/\/api.w.org\/{rel}","templated":true}]}}