{"id":223928,"date":"2015-07-02T00:04:21","date_gmt":"2015-07-02T05:04:21","guid":{"rendered":"http:\/\/www.diarioimagen.net\/?p=223928"},"modified":"2015-07-02T00:16:27","modified_gmt":"2015-07-02T05:16:27","slug":"libera-jueza-a-el-menchito-y-la-pgr-lo-vuelve-a-detener","status":"publish","type":"post","link":"https:\/\/www.diarioimagen.net\/?p=223928","title":{"rendered":"Libera jueza a <em>El Menchito<\/em>; la PGR lo vuelve a detener"},"content":{"rendered":"<ul>\n<li><strong><em>Por tercera vez en a\u00f1o y medio<\/em><\/strong><\/li>\n<\/ul>\n<div id=\"attachment_223929\" style=\"width: 250px\" class=\"wp-caption alignleft\"><a href=\"http:\/\/www.diarioimagen.net\/?attachment_id=223929\" rel=\"attachment wp-att-223929\"><img loading=\"lazy\" decoding=\"async\" aria-describedby=\"caption-attachment-223929\" class=\"wp-image-223929 size-medium\" src=\"http:\/\/www.diarioimagen.net\/wp-content\/uploads\/2015\/07\/EL-MENCHITO-portal-240x140.jpg\" alt=\"Rub\u00e9n Oseguera Gonz\u00e1lez, El Menchito, fue liberado por tercera ocasi\u00f3n  y reaprehendido nuevamente.\" width=\"240\" height=\"140\" srcset=\"https:\/\/www.diarioimagen.net\/wp-content\/uploads\/2015\/07\/EL-MENCHITO-portal-240x140.jpg 240w, https:\/\/www.diarioimagen.net\/wp-content\/uploads\/2015\/07\/EL-MENCHITO-portal-420x245.jpg 420w, https:\/\/www.diarioimagen.net\/wp-content\/uploads\/2015\/07\/EL-MENCHITO-portal.jpg 480w\" sizes=\"auto, (max-width: 240px) 100vw, 240px\" \/><\/a><p id=\"caption-attachment-223929\" class=\"wp-caption-text\">Rub\u00e9n Oseguera Gonz\u00e1lez, El Menchito, fue liberado por tercera ocasi\u00f3n y reaprehendido nuevamente.<\/p><\/div>\n<p>Por tercera vez consecutiva en a\u00f1o y medio, Rub\u00e9n Oseguera Gonz\u00e1lez <em>El Menchito<\/em>, fue liberado merced a que fue absuelto por la jueza Primero de Distrito en procesos penales federales, con sede en Toluca, aunque unas horas despu\u00e9s fue reaprehendido por agentes de la PGR, ahora finc\u00e1ndole un nuevo juicio por la desaparici\u00f3n de personas.<\/p>\n<p>En esta ocasi\u00f3n lo singular consiste en que la jueza Nadia Villanueva V\u00e1zquez, al decretar la libertad del presunto delincuente subraya que \u201chubo una insuficiencia y deficiencia probatoria y enumera que los detenidos junto con <em>El Menchito<\/em> no fueron asistidos en forma inmediata por sus abogados y estuvieron retenidos ilegalmente por 9 horas; independientemente de que la portaci\u00f3n de armas de fuego sin licencia es un delito que no est\u00e1 clasificado como de gravedad.<\/p>\n<p>En s\u00edntesis: No hubo el debido proceso, pues por una parte el agente del Ministerio P\u00fablico de la PGR se dedic\u00f3 a aportar los elementos para acreditar la existencia del C\u00e1rtel de Jalisco Nueva Generaci\u00f3n, pero no present\u00f3 las evidencias que probaran \u201csiquiera en forma indiciaria\u201d la vinculaci\u00f3n de Oseguera Gonz\u00e1lez con dicha organizaci\u00f3n.<\/p>\n<p>En el nuevo juicio se disponen de 48 horas m\u00e1s para que se pruebe que <em>El Menchito<\/em> est\u00e1 vinculado con la desaparici\u00f3n de personas y la misma suerte correr\u00e1 Julio Alberto Castillo Rodr\u00edguez, quien fue detenido el mismo d\u00eda 23 del mes pasado por el Ej\u00e9rcito en Zapopan, Jalisco.<\/p>\n<p>La jueza hizo una encendida defensa del debido proceso, al se\u00f1alar que los militares que detuvieron al acusado ni siquiera contaron con una orden de cateo de su domicilio para capturarlo en Zapopan el pasado 23 de junio.<\/p>\n<p><em>El Menchito<\/em> es hijo de Nemesio Oceguera, cabeza del C\u00e1rtel Jalisco Nueva Generaci\u00f3n, que opera en ese estado, Michoac\u00e1n y Colima.<\/p>\n<p style=\"text-align: center;\"><strong>PGR apela fallo de jueza<\/strong><\/p>\n<p>La Procuradur\u00eda General de la Rep\u00fablica (PGR) cuestion\u00f3 que la jueza que liber\u00f3 a Rub\u00e9n Oseguera Gonz\u00e1lez, alias <em>El Menchito<\/em>, desestim\u00f3 las pruebas que lo vinculan al C\u00e1rtel Jalisco Nueva Generaci\u00f3n y concedi\u00f3 m\u00e1s valor a los dichos de polic\u00edas locales que a las evidencias aportadas en su consignaci\u00f3n.<\/p>\n<p>Al presentar los agravios en el recurso de apelaci\u00f3n contra la decisi\u00f3n del Juzgado 1\u00ba de Procesos Penales Federales en el Estado de M\u00e9xico, la dependencia rechaz\u00f3 que existieran violaciones a su derecho de asistencia consular por ser ciudadano estadunidense.<\/p>\n<p><em>El Menchito<\/em>, quien fue puesto en libertad ante las presuntas violaciones a sus garant\u00edas y debido proceso, fue trasladado a la SEIDO, ante la existencia de una nueva orden de localizaci\u00f3n y presentaci\u00f3n en su contra.<\/p>\n<p>La PGR detall\u00f3 que el Ministerio P\u00fablico se inconform\u00f3 con los criterios aplicados por la juzgadora, en virtud de que dio m\u00e1s valor probatorio a los dichos de polic\u00edas de Zapopan, Jalisco, que no estuvieron al momento de la captura, que a las pruebas aportadas por la Polic\u00eda Federal.<\/p>\n<p>Precis\u00f3 que al llegar a la Subprocuradur\u00eda Especializada en Investigaci\u00f3n de Delincuencia Organizada, Rub\u00e9n Oseguera Gonz\u00e1lez, quien es ciudadano estadounidense, estuvo asistido por el c\u00f3nsul de los Estados Unidos y por su abogado, quien le entreg\u00f3 en propia mano el amparo que hab\u00edan tramitado.<\/p>\n<p>Tampoco considero los elementos probatorios que lo vincula al grupo criminal que comanda su padre, y del cual hay suficientes pruebas de su participaci\u00f3n en diferentes il\u00edcitos.<\/p>\n<p>De igual manera desestim\u00f3 el acopio y la portaci\u00f3n de armas de uso exclusivo del Ej\u00e9rcito, pruebas contundentes, ni la posesi\u00f3n de cartuchos de las armas entregadas junto con los detenidos.<\/p>\n<p>Refiere que luego de su detenci\u00f3n, la autoridad tard\u00f3 9 horas para ponerlo a disposici\u00f3n del Ministerio P\u00fablico de la Federaci\u00f3n. La jueza desech\u00f3 los argumentos de que con base a la alta peligrosidad del grupo criminal que dirige con su padre en Jalisco, era m\u00e1s seguro llevarlo a la sede de la SEIDO.<\/p>\n","protected":false},"excerpt":{"rendered":"<p>Por tercera vez consecutiva en a\u00f1o y medio, Rub\u00e9n Oseguera Gonz\u00e1lez <em>El Menchito<\/em>, fue liberado merced a que fue absuelto por la jueza Primero de Distrito en procesos penales federales, con sede en Toluca, aunque unas horas despu\u00e9s fue reaprehendido por agentes de la PGR, ahora finc\u00e1ndole un nuevo juicio por la desaparici\u00f3n de personas.<\/p>\n","protected":false},"author":5,"featured_media":223929,"comment_status":"open","ping_status":"open","sticky":false,"template":"","format":"standard","meta":{"_monsterinsights_skip_tracking":false,"_monsterinsights_sitenote_active":false,"_monsterinsights_sitenote_note":"","_monsterinsights_sitenote_category":0,"footnotes":""},"categories":[7],"tags":[232,43677],"class_list":["post-223928","post","type-post","status-publish","format-standard","has-post-thumbnail","hentry","category-seguridad","tag-pgr","tag-seguridad"],"_links":{"self":[{"href":"https:\/\/www.diarioimagen.net\/index.php?rest_route=\/wp\/v2\/posts\/223928","targetHints":{"allow":["GET"]}}],"collection":[{"href":"https:\/\/www.diarioimagen.net\/index.php?rest_route=\/wp\/v2\/posts"}],"about":[{"href":"https:\/\/www.diarioimagen.net\/index.php?rest_route=\/wp\/v2\/types\/post"}],"author":[{"embeddable":true,"href":"https:\/\/www.diarioimagen.net\/index.php?rest_route=\/wp\/v2\/users\/5"}],"replies":[{"embeddable":true,"href":"https:\/\/www.diarioimagen.net\/index.php?rest_route=%2Fwp%2Fv2%2Fcomments&post=223928"}],"version-history":[{"count":0,"href":"https:\/\/www.diarioimagen.net\/index.php?rest_route=\/wp\/v2\/posts\/223928\/revisions"}],"wp:featuredmedia":[{"embeddable":true,"href":"https:\/\/www.diarioimagen.net\/index.php?rest_route=\/wp\/v2\/media\/223929"}],"wp:attachment":[{"href":"https:\/\/www.diarioimagen.net\/index.php?rest_route=%2Fwp%2Fv2%2Fmedia&parent=223928"}],"wp:term":[{"taxonomy":"category","embeddable":true,"href":"https:\/\/www.diarioimagen.net\/index.php?rest_route=%2Fwp%2Fv2%2Fcategories&post=223928"},{"taxonomy":"post_tag","embeddable":true,"href":"https:\/\/www.diarioimagen.net\/index.php?rest_route=%2Fwp%2Fv2%2Ftags&post=223928"}],"curies":[{"name":"wp","href":"https:\/\/api.w.org\/{rel}","templated":true}]}}