{"id":223980,"date":"2015-07-02T00:06:54","date_gmt":"2015-07-02T05:06:54","guid":{"rendered":"http:\/\/www.diarioimagen.net\/?p=223980"},"modified":"2015-07-03T04:07:48","modified_gmt":"2015-07-03T09:07:48","slug":"destaca-epn-fortalezas-de-mexico-y-espana","status":"publish","type":"post","link":"https:\/\/www.diarioimagen.net\/?p=223980","title":{"rendered":"Destaca EPN fortalezas de M\u00e9xico y Espa\u00f1a"},"content":{"rendered":"<ul>\n<li><strong><em>Recorrido por el Museo Virreinal<\/em><\/strong><\/li>\n<\/ul>\n<div id=\"attachment_224053\" style=\"width: 250px\" class=\"wp-caption alignleft\"><a href=\"http:\/\/www.diarioimagen.net\/?attachment_id=224053\" rel=\"attachment wp-att-224053\"><img loading=\"lazy\" decoding=\"async\" aria-describedby=\"caption-attachment-224053\" class=\"size-medium wp-image-224053\" src=\"http:\/\/www.diarioimagen.net\/wp-content\/uploads\/2015\/07\/epn-2645-240x135.jpg\" alt=\"Los reyes de Espa\u00f1a, acompa\u00f1ados del presidente Enrique Pe\u00f1a Nieto y su esposa, recorrieron el Museo Virreinal, en Guadalupe, Zacatecas.\" width=\"240\" height=\"135\" srcset=\"https:\/\/www.diarioimagen.net\/wp-content\/uploads\/2015\/07\/epn-2645-240x135.jpg 240w, https:\/\/www.diarioimagen.net\/wp-content\/uploads\/2015\/07\/epn-2645-420x236.jpg 420w, https:\/\/www.diarioimagen.net\/wp-content\/uploads\/2015\/07\/epn-2645-235x132.jpg 235w, https:\/\/www.diarioimagen.net\/wp-content\/uploads\/2015\/07\/epn-2645-202x114.jpg 202w, https:\/\/www.diarioimagen.net\/wp-content\/uploads\/2015\/07\/epn-2645-350x196.jpg 350w, https:\/\/www.diarioimagen.net\/wp-content\/uploads\/2015\/07\/epn-2645-220x123.jpg 220w, https:\/\/www.diarioimagen.net\/wp-content\/uploads\/2015\/07\/epn-2645-237x132.jpg 237w, https:\/\/www.diarioimagen.net\/wp-content\/uploads\/2015\/07\/epn-2645.jpg 480w\" sizes=\"auto, (max-width: 240px) 100vw, 240px\" \/><\/a><p id=\"caption-attachment-224053\" class=\"wp-caption-text\">Los reyes de Espa\u00f1a, acompa\u00f1ados del presidente Enrique Pe\u00f1a Nieto y su esposa, recorrieron el Museo Virreinal, en Guadalupe, Zacatecas.<\/p><\/div>\n<p>En una gira de trabajo por Zacatecas, en el marco de la visita de Estado que realizan los reyes de Espa\u00f1a, Felipe VI y Letizia, el presidente Enrique Pe\u00f1a Nieto dijo que Espa\u00f1a y M\u00e9xico son de las econom\u00edas m\u00e1s grandes y abiertas al mundo y democracias maduras, que est\u00e1n en transformaci\u00f3n.<\/p>\n<p>Ambos pa\u00edses no s\u00f3lo comparten ra\u00edces, sino fortalezas que los posicionan como naciones en ascenso, manifest\u00f3 el primer mandatario.<\/p>\n<p>En la reuni\u00f3n sobre la relaci\u00f3n comercial, tur\u00edstica y de los v\u00ednculos M\u00e9xico-Espa\u00f1a, celebrado en el Museo de Arte Abstracto Manuel Felgu\u00e9rez, Pe\u00f1a Nieto sostuvo que son naciones que comparten la visi\u00f3n de elevar el bienestar de sus sociedades y que est\u00e1n trabajando juntos para lograrlo.<\/p>\n<p>La asociaci\u00f3n estrat\u00e9gica que Espa\u00f1a y M\u00e9xico mantienen desde 2007 y actualizada en el 2014, ha generado importantes resultados, no s\u00f3lo en el \u00e1mbito bilateral sino tambi\u00e9n en las dimensiones regional y global, subray\u00f3 el Ejecutivo federal.<\/p>\n<p>Dijo que la colaboraci\u00f3n entre ambos pa\u00edses es cada vez m\u00e1s din\u00e1mica y amplia, pues abarca el comercio, la econom\u00eda y la inversi\u00f3n, lo que se constat\u00f3 en el encuentro empresarial al que asisti\u00f3 junto con el rey ib\u00e9rico, pero que tambi\u00e9n incluye la cultura, la educaci\u00f3n y el turismo.<\/p>\n<p>Acompa\u00f1ado de su esposa, Ang\u00e9lica Rivera, as\u00ed como de los secretarios de Relaciones Exteriores, Jos\u00e9 Antonio Meade, y de Turismo, Claudia Ruiz Massieu, el Presidente asegur\u00f3 que la amistad entre Espa\u00f1a y M\u00e9xico se sustenta, tanto en la historia y la amistad, como en el futuro y el trabajo compartido.<\/p>\n<p>En el acto, al que asistieron el gobernador de Zacatecas, Miguel Alonso Reyes y el presidente del Consejo Nacional para la Cultura y las Artes, Rafael Tovar y de Teresa, el primer mandatario reconoci\u00f3 la presentaci\u00f3n del Sistema de Evaluaci\u00f3n y Certificaci\u00f3n del Grado de Dominio de la Lengua Espa\u00f1ola.<\/p>\n<p>Pe\u00f1a Nieto apunt\u00f3 que la lengua une a ambas naciones y que este anuncio de parte del gobierno espa\u00f1ol constituye uno de los esfuerzos m\u00e1s innovadores para consolidar la influencia cultural del idioma y promover la unidad entre los hispanoparlantes del mundo.<\/p>\n<p>Reconoci\u00f3 el trabajo de los espa\u00f1oles que llegaron a M\u00e9xico durante el exilio, \u201cgeneraci\u00f3n tras generaci\u00f3n han contribuido a construir el M\u00e9xico de hoy, y sus aportaciones a la cultura, la ciencia, as\u00ed como su contribuci\u00f3n al crecimiento econ\u00f3mico y a la generaci\u00f3n de empleos, es muestra de ello\u201d.<\/p>\n<p style=\"text-align: center;\">\u00a0<strong>Recorrido por el Museo Virreinal<\/strong><\/p>\n<p>Los reyes de Espa\u00f1a, acompa\u00f1ados del presidente Enrique Pe\u00f1a Nieto y su esposa Ang\u00e9lica Rivera, recorrieron el Museo Virreinal, en el municipio de Guadalupe, Zacatecas.<\/p>\n<p>Por separado, ambas parejas llegaron al aeropuerto y se trasladaron en helic\u00f3ptero al lugar, donde ya los esperaban en las calles aleda\u00f1as cientos de personas.<\/p>\n<p>&nbsp;<\/p>\n","protected":false},"excerpt":{"rendered":"<p>En una gira de trabajo por Zacatecas, en el marco de la visita de Estado que realizan los reyes de Espa\u00f1a, Felipe VI y Letizia, el presidente Enrique Pe\u00f1a Nieto dijo que Espa\u00f1a y M\u00e9xico son de las econom\u00edas m\u00e1s grandes y abiertas al mundo y democracias maduras, que est\u00e1n en transformaci\u00f3n.<\/p>\n","protected":false},"author":3,"featured_media":224053,"comment_status":"open","ping_status":"open","sticky":false,"template":"","format":"standard","meta":{"_monsterinsights_skip_tracking":false,"_monsterinsights_sitenote_active":false,"_monsterinsights_sitenote_note":"","_monsterinsights_sitenote_category":0,"footnotes":""},"categories":[3],"tags":[18,33074,34183,53],"class_list":["post-223980","post","type-post","status-publish","format-standard","has-post-thumbnail","hentry","category-nacional","tag-enrique-pena-nieto","tag-felipe-vi","tag-visita-de-estado","tag-zacatecas"],"_links":{"self":[{"href":"https:\/\/www.diarioimagen.net\/index.php?rest_route=\/wp\/v2\/posts\/223980","targetHints":{"allow":["GET"]}}],"collection":[{"href":"https:\/\/www.diarioimagen.net\/index.php?rest_route=\/wp\/v2\/posts"}],"about":[{"href":"https:\/\/www.diarioimagen.net\/index.php?rest_route=\/wp\/v2\/types\/post"}],"author":[{"embeddable":true,"href":"https:\/\/www.diarioimagen.net\/index.php?rest_route=\/wp\/v2\/users\/3"}],"replies":[{"embeddable":true,"href":"https:\/\/www.diarioimagen.net\/index.php?rest_route=%2Fwp%2Fv2%2Fcomments&post=223980"}],"version-history":[{"count":0,"href":"https:\/\/www.diarioimagen.net\/index.php?rest_route=\/wp\/v2\/posts\/223980\/revisions"}],"wp:featuredmedia":[{"embeddable":true,"href":"https:\/\/www.diarioimagen.net\/index.php?rest_route=\/wp\/v2\/media\/224053"}],"wp:attachment":[{"href":"https:\/\/www.diarioimagen.net\/index.php?rest_route=%2Fwp%2Fv2%2Fmedia&parent=223980"}],"wp:term":[{"taxonomy":"category","embeddable":true,"href":"https:\/\/www.diarioimagen.net\/index.php?rest_route=%2Fwp%2Fv2%2Fcategories&post=223980"},{"taxonomy":"post_tag","embeddable":true,"href":"https:\/\/www.diarioimagen.net\/index.php?rest_route=%2Fwp%2Fv2%2Ftags&post=223980"}],"curies":[{"name":"wp","href":"https:\/\/api.w.org\/{rel}","templated":true}]}}