{"id":224415,"date":"2015-07-06T00:06:30","date_gmt":"2015-07-06T05:06:30","guid":{"rendered":"http:\/\/www.diarioimagen.net\/?p=224415"},"modified":"2015-07-07T01:38:02","modified_gmt":"2015-07-07T06:38:02","slug":"declara-unesco-al-acueducto-del-padre-tembleque-como-patrimonio-de-la-humanidad-eruviel-avila","status":"publish","type":"post","link":"https:\/\/www.diarioimagen.net\/?p=224415","title":{"rendered":"Declara Unesco al acueducto del Padre Tembleque como Patrimonio de la Humanidad: Eruviel \u00c1vila"},"content":{"rendered":"<div id=\"attachment_224416\" style=\"width: 250px\" class=\"wp-caption alignleft\"><a href=\"http:\/\/www.diarioimagen.net\/?attachment_id=224416\" rel=\"attachment wp-att-224416\"><img loading=\"lazy\" decoding=\"async\" aria-describedby=\"caption-attachment-224416\" class=\"size-medium wp-image-224416\" src=\"http:\/\/www.diarioimagen.net\/wp-content\/uploads\/2015\/07\/eruviel-2647-240x151.jpg\" alt=\"Acompa\u00f1ado por la secretaria de Turismo, Rosalinda Ben\u00edtez Gonz\u00e1lez, el gobernador  detall\u00f3 que el proceso para obtener este nombramiento comenz\u00f3 desde la pasada administraci\u00f3n estatal.\" width=\"240\" height=\"151\" srcset=\"https:\/\/www.diarioimagen.net\/wp-content\/uploads\/2015\/07\/eruviel-2647-240x151.jpg 240w, https:\/\/www.diarioimagen.net\/wp-content\/uploads\/2015\/07\/eruviel-2647-420x265.jpg 420w, https:\/\/www.diarioimagen.net\/wp-content\/uploads\/2015\/07\/eruviel-2647.jpg 1200w\" sizes=\"auto, (max-width: 240px) 100vw, 240px\" \/><\/a><p id=\"caption-attachment-224416\" class=\"wp-caption-text\">Acompa\u00f1ado por la secretaria de Turismo, Rosalinda Ben\u00edtez Gonz\u00e1lez, el gobernador detall\u00f3 que el proceso para obtener este nombramiento comenz\u00f3 desde la pasada administraci\u00f3n estatal.<\/p><\/div>\n<p><strong>Toluca, Estado de M\u00e9xico.-<\/strong>\u00a0El gobernador Eruviel \u00c1vila Villegas expres\u00f3 su benepl\u00e1cito al conocerse que el Acueducto del Padre Tembleque, obra arquitect\u00f3nica del siglo XVI que se encuentra en los municipios de Nopaltepec, Axapusco y Otumba, haya sido inscrita en la lista del Patrimonio Mundial de la Organizaci\u00f3n de las Naciones Unidas para la Educaci\u00f3n, la Ciencia y la Cultura (UNESCO), con lo que el Estado de M\u00e9xico se coloca en primer lugar nacional en esta materia, con cuatro sitios declarados con esta categor\u00eda.<\/p>\n<p>En un anuncio a medios, Eruviel \u00c1vila explic\u00f3 que la denominaci\u00f3n se dio este domingo, durante la 39\u00aa sesi\u00f3n del Comit\u00e9 de Patrimonio Mundial de la UNESCO, realizada en la ciudad de Bonn, Alemania, y consider\u00f3 que el nombramiento es un gran logro para los mexiquenses y los mexicanos, al tiempo de agradecer tambi\u00e9n el apoyo e impulso por parte del presidente Enrique Pe\u00f1a Nieto para obtener la declaratoria.<\/p>\n<p>\u201cEste acueducto es la obra m\u00e1s importante en materia de agua, una obra hidr\u00e1ulica muy importante del siglo XVI, construida por el Padre Tembleque, Fray Francisco de Tembleque, quien para apoyar a los ind\u00edgenas de esta regi\u00f3n, la regi\u00f3n de las Pir\u00e1mides, construy\u00f3 este gran acueducto, as\u00ed es que felicidades a M\u00e9xico, felicidades al Estado de M\u00e9xico, felicidades a todos los que contribuyeron para poder concretar este logro\u201d, expres\u00f3.<\/p>\n<p>Con esta declaratoria, dijo, la entidad mexiquense cuenta ya con cuatro sitios considerados patrimonio de la humanidad, los cuales son: la Zona Arqueol\u00f3gica de Teotihuac\u00e1n; la Biosfera de la Mariposa Monarca; el Camino Real de Tierra Adentro y ahora el Acueducto del Padre Tembleque.<\/p>\n<p>Acompa\u00f1ado por la secretaria de Turismo, Rosalinda Ben\u00edtez Gonz\u00e1lez, el gobernador\u00a0 detall\u00f3 que el proceso para obtener este nombramiento comenz\u00f3 desde la pasada administraci\u00f3n estatal y, para darle continuidad al proyecto, al inicio de la presente gesti\u00f3n instruy\u00f3 la integraci\u00f3n del Expediente T\u00e9cnico y el Plan de Gesti\u00f3n y Manejo del Complejo Hidr\u00e1ulico, mismos que se anexaron al expediente t\u00e9cnico del Instituto Nacional de Antropolog\u00eda e Historia (INAH), lo que se realiz\u00f3 en coordinaci\u00f3n con la Universidad Aut\u00f3noma del Estado de M\u00e9xico (UAEM).<\/p>\n<p>A unas horas de conocer la determinaci\u00f3n de la UNESCO, el titular del Ejecutivo estatal reconoci\u00f3 a las cientos de personas que trabajaron para hacer posible\u00a0 la inclusi\u00f3n de esta obra mexiquense en la lista del Patrimonio Mundial de la organizaci\u00f3n referida, as\u00ed como a los municipios de Nopaltepec, Axapusco y Otumba.<\/p>\n<p>Asimismo, destac\u00f3 que gracias al trabajo en equipo entre autoridades, la UAEM y el INAH, fue posible alcanzar este objetivo e inform\u00f3 que el Acueducto, de 433 a\u00f1os de antig\u00fcedad, se suma a los 32 lugares inscritos como patrimonio de la humanidad que tiene hoy en d\u00eda M\u00e9xico.<\/p>\n<p>Precis\u00f3 que esta obra fue muy importante en su \u00e9poca y que hoy en d\u00eda es un ejemplo sobresaliente de los sistemas h\u00eddricos de Am\u00e9rica, al contar con 68 arcos que se extienden a lo largo de 904 metros, y con una altura m\u00e1xima de 33.84 metros.<\/p>\n","protected":false},"excerpt":{"rendered":"<p>El gobernador Eruviel \u00c1vila Villegas expres\u00f3 su benepl\u00e1cito al conocerse que el Acueducto del Padre Tembleque, obra arquitect\u00f3nica del siglo XVI que se encuentra en los municipios de Nopaltepec, Axapusco y Otumba, haya sido inscrita en la lista del Patrimonio Mundial de la Organizaci\u00f3n de las Naciones Unidas para la Educaci\u00f3n, la Ciencia y la Cultura (UNESCO), con lo que el Estado de M\u00e9xico se coloca en primer lugar nacional en esta materia, con cuatro sitios declarados con esta categor\u00eda.<\/p>\n","protected":false},"author":1,"featured_media":224416,"comment_status":"open","ping_status":"open","sticky":false,"template":"","format":"standard","meta":{"_monsterinsights_skip_tracking":false,"_monsterinsights_sitenote_active":false,"_monsterinsights_sitenote_note":"","_monsterinsights_sitenote_category":0,"footnotes":""},"categories":[5],"tags":[43675,2267],"class_list":["post-224415","post","type-post","status-publish","format-standard","has-post-thumbnail","hentry","category-estado-de-mexico","tag-estado-de-mexico","tag-unesco"],"_links":{"self":[{"href":"https:\/\/www.diarioimagen.net\/index.php?rest_route=\/wp\/v2\/posts\/224415","targetHints":{"allow":["GET"]}}],"collection":[{"href":"https:\/\/www.diarioimagen.net\/index.php?rest_route=\/wp\/v2\/posts"}],"about":[{"href":"https:\/\/www.diarioimagen.net\/index.php?rest_route=\/wp\/v2\/types\/post"}],"author":[{"embeddable":true,"href":"https:\/\/www.diarioimagen.net\/index.php?rest_route=\/wp\/v2\/users\/1"}],"replies":[{"embeddable":true,"href":"https:\/\/www.diarioimagen.net\/index.php?rest_route=%2Fwp%2Fv2%2Fcomments&post=224415"}],"version-history":[{"count":0,"href":"https:\/\/www.diarioimagen.net\/index.php?rest_route=\/wp\/v2\/posts\/224415\/revisions"}],"wp:featuredmedia":[{"embeddable":true,"href":"https:\/\/www.diarioimagen.net\/index.php?rest_route=\/wp\/v2\/media\/224416"}],"wp:attachment":[{"href":"https:\/\/www.diarioimagen.net\/index.php?rest_route=%2Fwp%2Fv2%2Fmedia&parent=224415"}],"wp:term":[{"taxonomy":"category","embeddable":true,"href":"https:\/\/www.diarioimagen.net\/index.php?rest_route=%2Fwp%2Fv2%2Fcategories&post=224415"},{"taxonomy":"post_tag","embeddable":true,"href":"https:\/\/www.diarioimagen.net\/index.php?rest_route=%2Fwp%2Fv2%2Ftags&post=224415"}],"curies":[{"name":"wp","href":"https:\/\/api.w.org\/{rel}","templated":true}]}}