{"id":224689,"date":"2015-07-08T00:08:32","date_gmt":"2015-07-08T05:08:32","guid":{"rendered":"http:\/\/www.diarioimagen.net\/?p=224689"},"modified":"2015-07-08T01:20:41","modified_gmt":"2015-07-08T06:20:41","slug":"percibe-inseguridad-en-su-ciudad-69-de-la-poblacion","status":"publish","type":"post","link":"https:\/\/www.diarioimagen.net\/?p=224689","title":{"rendered":"Percibe inseguridad en su ciudad 69% de la poblaci\u00f3n"},"content":{"rendered":"<ul>\n<li><strong><em>Encuestas del INEGI<\/em><\/strong><\/li>\n<\/ul>\n<div id=\"attachment_224690\" style=\"width: 250px\" class=\"wp-caption alignleft\"><a href=\"http:\/\/www.diarioimagen.net\/?attachment_id=224690\" rel=\"attachment wp-att-224690\"><img loading=\"lazy\" decoding=\"async\" aria-describedby=\"caption-attachment-224690\" class=\"wp-image-224690 size-medium\" src=\"http:\/\/www.diarioimagen.net\/wp-content\/uploads\/2015\/07\/SONDEO-PORTAL-240x140.jpg\" alt=\"La mayor\u00eda de los encuestados considera que las condiciones de seguridad p\u00fablica para los siguientes meses seguir\u00e1 igual.\" width=\"240\" height=\"140\" srcset=\"https:\/\/www.diarioimagen.net\/wp-content\/uploads\/2015\/07\/SONDEO-PORTAL-240x140.jpg 240w, https:\/\/www.diarioimagen.net\/wp-content\/uploads\/2015\/07\/SONDEO-PORTAL-420x245.jpg 420w, https:\/\/www.diarioimagen.net\/wp-content\/uploads\/2015\/07\/SONDEO-PORTAL.jpg 480w\" sizes=\"auto, (max-width: 240px) 100vw, 240px\" \/><\/a><p id=\"caption-attachment-224690\" class=\"wp-caption-text\">La mayor\u00eda de los encuestados considera que las condiciones de seguridad p\u00fablica para los siguientes meses seguir\u00e1 igual.<\/p><\/div>\n<p>El Instituto Nacional de Estad\u00edstica y Geograf\u00eda (INEGI) dio a conocer su encuesta sobre las percepciones de seguridad y subraya que el 69 por ciento de la poblaci\u00f3n que vive en ciudades o zonas conurbadas siente que los lugares donde habitan son inseguros. Ello sobre la cifra del a\u00f1o pasado que fue del 67.9 por ciento.<\/p>\n<p>El sondeo se titula Encuesta Nacional de Seguridad P\u00fablica Urbana y expresa que fue levantada entre los residentes de las capitales de los estados y ciudades de m\u00e1s de 100 mil habitantes, quienes aparte manifestaron que han escuchado o visto en los alrededores de sus viviendas el consumo de alcohol en las calles.<\/p>\n<p>El 65.3 por ciento de los encuestados revel\u00f3 que ha atestiguado robos o asaltos y el 58.5 por ciento actos de vandalismo. S\u00f3lo un 21 por ciento de esa poblaci\u00f3n encuestada expres\u00f3 haber escuchado disparos frecuentes con armas, lo cual es el m\u00ednimo nivel desde que comenz\u00f3 a realizarse este sondeo en 2013.<\/p>\n<p>La venta y consumo de drogas tuvo un repunte a 42.1 de los encuestados que sabe de su existencia, porcentaje s\u00f3lo por debajo de su m\u00e1ximo que ha sido de 43 por ciento en la primera encuesta.<\/p>\n<p>Ante este panorama el 64.2 por ciento de los interrogados ha decidido en los \u00faltimos tres meses modificar sus h\u00e1bitos al preferir \u201cdejar de portar cosas con valor\u201d como joyas, dinero o tarjetas de cr\u00e9dito, por el temor a sufrir un asalto. La prohibici\u00f3n de que los menores de edad salgan de sus viviendas la practica el 62 por ciento de los encuestados y el 28.7 por ciento ha preferido dejar de visitar a su parentela o amigos para evitar serr v\u00edctimas de la inseguridad.<\/p>\n<p>El 63.6 por ciento de los encuestados considera que las condiciones de seguridad p\u00fablica para los siguientes 12 meses ser\u00e1 igual o empeorar\u00e1 y el 35.4 por ciento prev\u00e9 que seguir\u00e1 igual y mejorar\u00e1.<\/p>\n<p>El sondeo consult\u00f3 a 2 mil 336 viviendas distribuidas en 32 ciudades del pa\u00eds.<\/p>\n<p>Acerca del desempe\u00f1o de las corporaciones policiacas el 33.2 por ciento las consider\u00f3 efectivas o algo efectivas y consider\u00f3 una tasa de no respuesta del 15 por ciento; mientras que la gente que tiene un nivel de confianza en sus autoridades llega al 90 por ciento.<\/p>\n<p style=\"text-align: center;\"><strong>Abatir\u00e1n robos con violencia<\/strong><\/p>\n<p>La polic\u00eda de la ciudad de M\u00e9xico busca abatir los robos con violencia en el sector de la avenida Constituyentes. Seg\u00fan trabajos de inteligencia, los delincuentes son improvisados que se mueven en grupos de dos, m\u00e1ximo tres personas, y que utilizan motonetas para escapar en las horas pico.<\/p>\n","protected":false},"excerpt":{"rendered":"<p>El Instituto Nacional de Estad\u00edstica y Geograf\u00eda (INEGI) dio a conocer su encuesta sobre las percepciones de seguridad y subraya que el 69 por ciento de la poblaci\u00f3n que vive en ciudades o zonas conurbadas siente que los lugares donde habitan son inseguros. Ello sobre la cifra del a\u00f1o pasado que fue del 67.9 por ciento.<\/p>\n","protected":false},"author":5,"featured_media":224690,"comment_status":"open","ping_status":"open","sticky":false,"template":"","format":"standard","meta":{"_monsterinsights_skip_tracking":false,"_monsterinsights_sitenote_active":false,"_monsterinsights_sitenote_note":"","_monsterinsights_sitenote_category":0,"footnotes":""},"categories":[3],"tags":[193,1803,2807,43673,43677],"class_list":["post-224689","post","type-post","status-publish","format-standard","has-post-thumbnail","hentry","category-nacional","tag-inegi","tag-inseguridad","tag-instituto-nacional-de-estadistica-y-geografia","tag-nacional","tag-seguridad"],"_links":{"self":[{"href":"https:\/\/www.diarioimagen.net\/index.php?rest_route=\/wp\/v2\/posts\/224689","targetHints":{"allow":["GET"]}}],"collection":[{"href":"https:\/\/www.diarioimagen.net\/index.php?rest_route=\/wp\/v2\/posts"}],"about":[{"href":"https:\/\/www.diarioimagen.net\/index.php?rest_route=\/wp\/v2\/types\/post"}],"author":[{"embeddable":true,"href":"https:\/\/www.diarioimagen.net\/index.php?rest_route=\/wp\/v2\/users\/5"}],"replies":[{"embeddable":true,"href":"https:\/\/www.diarioimagen.net\/index.php?rest_route=%2Fwp%2Fv2%2Fcomments&post=224689"}],"version-history":[{"count":0,"href":"https:\/\/www.diarioimagen.net\/index.php?rest_route=\/wp\/v2\/posts\/224689\/revisions"}],"wp:featuredmedia":[{"embeddable":true,"href":"https:\/\/www.diarioimagen.net\/index.php?rest_route=\/wp\/v2\/media\/224690"}],"wp:attachment":[{"href":"https:\/\/www.diarioimagen.net\/index.php?rest_route=%2Fwp%2Fv2%2Fmedia&parent=224689"}],"wp:term":[{"taxonomy":"category","embeddable":true,"href":"https:\/\/www.diarioimagen.net\/index.php?rest_route=%2Fwp%2Fv2%2Fcategories&post=224689"},{"taxonomy":"post_tag","embeddable":true,"href":"https:\/\/www.diarioimagen.net\/index.php?rest_route=%2Fwp%2Fv2%2Ftags&post=224689"}],"curies":[{"name":"wp","href":"https:\/\/api.w.org\/{rel}","templated":true}]}}