{"id":224728,"date":"2015-07-08T00:09:16","date_gmt":"2015-07-08T05:09:16","guid":{"rendered":"http:\/\/www.diarioimagen.net\/?p=224728"},"modified":"2015-07-08T02:50:02","modified_gmt":"2015-07-08T07:50:02","slug":"mas-apoyos-a-personas-con-discapacidad-visual","status":"publish","type":"post","link":"https:\/\/www.diarioimagen.net\/?p=224728","title":{"rendered":"M\u00e1s apoyos a personas con discapacidad visual"},"content":{"rendered":"<ul>\n<li><strong><em>Trabajos con la asociaci\u00f3n \u201cVemos con el Coraz\u00f3n\u201d<\/em><\/strong><\/li>\n<\/ul>\n<p>&nbsp;<\/p>\n<p>&nbsp;<\/p>\n<div id=\"attachment_224818\" style=\"width: 250px\" class=\"wp-caption alignleft\"><a href=\"http:\/\/www.diarioimagen.net\/?attachment_id=224818\" rel=\"attachment wp-att-224818\"><img loading=\"lazy\" decoding=\"async\" aria-describedby=\"caption-attachment-224818\" class=\"size-medium wp-image-224818\" src=\"http:\/\/www.diarioimagen.net\/wp-content\/uploads\/2015\/07\/difem-2649-240x135.jpg\" alt=\"Carolina Alan\u00eds, directora general del DIFEM, se\u00f1al\u00f3 que se dise\u00f1ar\u00e1n los mecanismos necesarios para que a trav\u00e9s de los Sistemas Municipales DIF, se detecte a la poblaci\u00f3n con debilidad visual o ceguera, para brindarle las facilidades en su transportaci\u00f3n, capacitaci\u00f3n e inclusi\u00f3n social, a fin de que este sector de la poblaci\u00f3n sea atendido en una o en ambas instituciones, dependiendo de sus necesidades.\" width=\"240\" height=\"135\" srcset=\"https:\/\/www.diarioimagen.net\/wp-content\/uploads\/2015\/07\/difem-2649-240x135.jpg 240w, https:\/\/www.diarioimagen.net\/wp-content\/uploads\/2015\/07\/difem-2649-420x236.jpg 420w, https:\/\/www.diarioimagen.net\/wp-content\/uploads\/2015\/07\/difem-2649-235x132.jpg 235w, https:\/\/www.diarioimagen.net\/wp-content\/uploads\/2015\/07\/difem-2649-202x114.jpg 202w, https:\/\/www.diarioimagen.net\/wp-content\/uploads\/2015\/07\/difem-2649-350x196.jpg 350w, https:\/\/www.diarioimagen.net\/wp-content\/uploads\/2015\/07\/difem-2649-220x123.jpg 220w, https:\/\/www.diarioimagen.net\/wp-content\/uploads\/2015\/07\/difem-2649-237x132.jpg 237w, https:\/\/www.diarioimagen.net\/wp-content\/uploads\/2015\/07\/difem-2649.jpg 480w\" sizes=\"auto, (max-width: 240px) 100vw, 240px\" \/><\/a><p id=\"caption-attachment-224818\" class=\"wp-caption-text\">Carolina Alan\u00eds, directora general del DIFEM, se\u00f1al\u00f3 que se dise\u00f1ar\u00e1n los mecanismos necesarios para que a trav\u00e9s de los Sistemas Municipales DIF, se detecte a la poblaci\u00f3n con debilidad visual o ceguera, para brindarle las facilidades en su transportaci\u00f3n, capacitaci\u00f3n e inclusi\u00f3n social, a fin de que este sector de la poblaci\u00f3n sea atendido en una o en ambas instituciones, dependiendo de sus necesidades.<\/p><\/div>\n<p><strong>Toluca, Estado de M\u00e9xico<\/strong>.- Para lograr mayores oportunidades de capacitaci\u00f3n, inclusi\u00f3n y habilidades para la vida cotidiana, el Sistema para el Desarrollo Integral de la Familia del Estado de M\u00e9xico y la asociaci\u00f3n \u201cVemos con el Coraz\u00f3n\u201d, buscan reforzar trabajos en beneficio de alrededor de siete mil personas que han sido detectadas en el Valle de Toluca con discapacidad visual.<\/p>\n<p>Carolina Alan\u00eds Moreno, directora general del DIFEM, acompa\u00f1ada de Dom\u00e9nica Naime Atala, fundadora de la asociaci\u00f3n civil, se\u00f1al\u00f3 que se dise\u00f1ar\u00e1n los mecanismos necesarios para que a trav\u00e9s de los Sistemas Municipales DIF, se detecte a la poblaci\u00f3n con debilidad visual o ceguera, a fin de brindarle las facilidades para su transportaci\u00f3n, capacitaci\u00f3n e inclusi\u00f3n social, de tal manera que este sector de la poblaci\u00f3n sea atendido en una o en ambas instituciones, dependiendo de sus necesidades.<\/p>\n<p>\u201cEn el DIFEM contamos con programas encaminados a la prevenci\u00f3n, a la rehabilitaci\u00f3n y a la integraci\u00f3n de las personas que cuentan con alg\u00fan tipo de discapacidad y al sumar nuestros programas con los que otorga esta noble fundaci\u00f3n, lograremos que todas las personas que presentan padecimientos visuales, cuenten con las herramientas necesarias para salir adelante en la vida como son educaci\u00f3n, capacitaci\u00f3n, seguridad, respeto y oportunidades de desarrollo\u201d, se\u00f1al\u00f3.<\/p>\n<p>Asimismo, la titular del DIFEM reconoci\u00f3 la labor que \u201cVemos con el Coraz\u00f3n\u201d realiza en beneficio de las personas con discapacidad visual, no obstante, dijo, es necesario coordinar esfuerzos para que todo este trabajo se magnifique y tenga mayores alcances, para que m\u00e1s personas puedan acceder a los servicios que el DIF estatal, los municipales y las asociaciones de asistencia privada ofrecen.<\/p>\n<p>Tal es el caso de Lupita, de 6 a\u00f1os, quien padece debilidad visual de nacimiento y acude a diversos talleres que brinda \u201cVemos con el Coraz\u00f3n\u201d, quien expres\u00f3 su felicidad al encontrar un espacio en donde se siente segura, adem\u00e1s de aprender sus primeras lecciones de Braille y teatro.<\/p>\n<p>&nbsp;<\/p>\n<p>&nbsp;<\/p>\n","protected":false},"excerpt":{"rendered":"<p>Para lograr mayores oportunidades de capacitaci\u00f3n, inclusi\u00f3n y habilidades para la vida cotidiana, el Sistema para el Desarrollo Integral de la Familia del Estado de M\u00e9xico y la asociaci\u00f3n \u201cVemos con el Coraz\u00f3n\u201d, buscan reforzar trabajos en beneficio de alrededor de siete mil personas que han sido detectadas en el Valle de Toluca con discapacidad visual.<\/p>\n","protected":false},"author":3,"featured_media":224818,"comment_status":"open","ping_status":"open","sticky":false,"template":"","format":"standard","meta":{"_monsterinsights_skip_tracking":false,"_monsterinsights_sitenote_active":false,"_monsterinsights_sitenote_note":"","_monsterinsights_sitenote_category":0,"footnotes":""},"categories":[5],"tags":[2701,2954,394,43675,452],"class_list":["post-224728","post","type-post","status-publish","format-standard","has-post-thumbnail","hentry","category-estado-de-mexico","tag-apoyo","tag-dif","tag-difem","tag-estado-de-mexico","tag-toluca"],"_links":{"self":[{"href":"https:\/\/www.diarioimagen.net\/index.php?rest_route=\/wp\/v2\/posts\/224728","targetHints":{"allow":["GET"]}}],"collection":[{"href":"https:\/\/www.diarioimagen.net\/index.php?rest_route=\/wp\/v2\/posts"}],"about":[{"href":"https:\/\/www.diarioimagen.net\/index.php?rest_route=\/wp\/v2\/types\/post"}],"author":[{"embeddable":true,"href":"https:\/\/www.diarioimagen.net\/index.php?rest_route=\/wp\/v2\/users\/3"}],"replies":[{"embeddable":true,"href":"https:\/\/www.diarioimagen.net\/index.php?rest_route=%2Fwp%2Fv2%2Fcomments&post=224728"}],"version-history":[{"count":0,"href":"https:\/\/www.diarioimagen.net\/index.php?rest_route=\/wp\/v2\/posts\/224728\/revisions"}],"wp:featuredmedia":[{"embeddable":true,"href":"https:\/\/www.diarioimagen.net\/index.php?rest_route=\/wp\/v2\/media\/224818"}],"wp:attachment":[{"href":"https:\/\/www.diarioimagen.net\/index.php?rest_route=%2Fwp%2Fv2%2Fmedia&parent=224728"}],"wp:term":[{"taxonomy":"category","embeddable":true,"href":"https:\/\/www.diarioimagen.net\/index.php?rest_route=%2Fwp%2Fv2%2Fcategories&post=224728"},{"taxonomy":"post_tag","embeddable":true,"href":"https:\/\/www.diarioimagen.net\/index.php?rest_route=%2Fwp%2Fv2%2Ftags&post=224728"}],"curies":[{"name":"wp","href":"https:\/\/api.w.org\/{rel}","templated":true}]}}