{"id":224732,"date":"2015-07-08T00:04:16","date_gmt":"2015-07-08T05:04:16","guid":{"rendered":"http:\/\/www.diarioimagen.net\/?p=224732"},"modified":"2015-07-08T03:38:43","modified_gmt":"2015-07-08T08:38:43","slug":"capturan-24-secuestradores-y-rescatan-a-cinco-victimas","status":"publish","type":"post","link":"https:\/\/www.diarioimagen.net\/?p=224732","title":{"rendered":"Capturan 24 secuestradores y rescatan a cinco v\u00edctimas"},"content":{"rendered":"<ul>\n<li><strong><em>Operativos en cuatro estados<\/em><\/strong><\/li>\n<\/ul>\n<div id=\"attachment_224869\" style=\"width: 250px\" class=\"wp-caption alignleft\"><a href=\"http:\/\/www.diarioimagen.net\/?attachment_id=224869\" rel=\"attachment wp-att-224869\"><img loading=\"lazy\" decoding=\"async\" aria-describedby=\"caption-attachment-224869\" class=\"size-medium wp-image-224869\" src=\"http:\/\/www.diarioimagen.net\/wp-content\/uploads\/2015\/07\/seguridad-2649-240x135.jpg\" alt=\"El coordinador nacional Antisecuestros, Renato Sales Heredia, precis\u00f3 que entre enero y mayo de 2014, hubo 688 denuncias por secuestro, mientras en el mismo periodo de 2015 fueron 447 denuncias, lo que significa una disminuci\u00f3n de 35.3 por ciento.\" width=\"240\" height=\"135\" srcset=\"https:\/\/www.diarioimagen.net\/wp-content\/uploads\/2015\/07\/seguridad-2649-240x135.jpg 240w, https:\/\/www.diarioimagen.net\/wp-content\/uploads\/2015\/07\/seguridad-2649-420x236.jpg 420w, https:\/\/www.diarioimagen.net\/wp-content\/uploads\/2015\/07\/seguridad-2649-235x132.jpg 235w, https:\/\/www.diarioimagen.net\/wp-content\/uploads\/2015\/07\/seguridad-2649-202x114.jpg 202w, https:\/\/www.diarioimagen.net\/wp-content\/uploads\/2015\/07\/seguridad-2649-350x196.jpg 350w, https:\/\/www.diarioimagen.net\/wp-content\/uploads\/2015\/07\/seguridad-2649-220x123.jpg 220w, https:\/\/www.diarioimagen.net\/wp-content\/uploads\/2015\/07\/seguridad-2649-237x132.jpg 237w, https:\/\/www.diarioimagen.net\/wp-content\/uploads\/2015\/07\/seguridad-2649.jpg 480w\" sizes=\"auto, (max-width: 240px) 100vw, 240px\" \/><\/a><p id=\"caption-attachment-224869\" class=\"wp-caption-text\">El coordinador nacional Antisecuestros, Renato Sales Heredia, precis\u00f3 que entre enero y mayo de 2014, hubo 688 denuncias por secuestro, mientras en el mismo periodo de 2015 fueron 447 denuncias, lo que significa una disminuci\u00f3n de 35.3 por ciento.<\/p><\/div>\n<p>Fuerzas federales detuvieron a 24 presuntos secuestradores y rescataron a 5 v\u00edctimas en cinco operativos distintos en Hidalgo, Estado de M\u00e9xico, Veracruz y Guerrero, dio a conocer Renato Sales Heredia, coordinador nacional antisecuestros.<\/p>\n<p>La Secretar\u00eda de Gobernaci\u00f3n, explic\u00f3 que entre enero y mayo de 2015, el \u00edndice de denuncias por secuestro ha disminuido 35.3 por ciento y en los primeros cinco meses del a\u00f1o, fueron deshabilitadas 82 bandas con casi 500 integrantes detenidos.<\/p>\n<p>Acompa\u00f1ado por funcionarios de la PGR, Polic\u00eda Federal, Sedena y Marina, explic\u00f3 que el primer caso tuvo lugar en el municipio de Coyotepec, Estado de M\u00e9xico, donde polic\u00edas federales rescataron a un comerciante de 55 a\u00f1os, secuestrado el 30 de junio en Jilotepec.<\/p>\n<p>En este caso, fueron detenidos Jos\u00e9 de Jes\u00fas Miranda Lujano, Daniel Mart\u00ednez Aguilar, V\u00edctor Javier Villase\u00f1or Ju\u00e1rez, Jos\u00e9 Luis Valdovinos Rodr\u00edguez, Federico Alvarado Monroy, Mariana Malag\u00f3n P\u00e9rez, Everardo Jos\u00e9 R\u00edos Ponce y Jalely Valderrano Mart\u00ednez.<\/p>\n<p>El funcionario federal detall\u00f3 que a esta banda, se le relaciona con el secuestro de ocho personas, entre ellas cuatro menores de edad.<\/p>\n<p>El segundo caso ocurri\u00f3 en el municipio de Tulancingo, Hidalgo donde fueron detenidos Ram\u00f3n P\u00e9rez Mendoza y C\u00e9sar Adolfo Quiroz, quienes ten\u00edan secuestradas a dos personas, que fueron liberadas ilesas.<\/p>\n<p>En la colonia Carlos Hank Gonz\u00e1lez, de Ecatepec, Estado de M\u00e9xico, fue liberada una v\u00edctima m\u00e1s, quien hab\u00eda sido secuestrada el 24 de junio pasado.<\/p>\n<p>En esa acci\u00f3n, fueron capturados Miguel \u00c1ngel Guti\u00e9rrez Tovar, Jes\u00fas Ismael G\u00e1mez S\u00e1nchez, Jes\u00fas Ram\u00edrez Mart\u00ednez y Pilar Carolina L\u00f3pez Bautista, a quienes se les decomis\u00f3 un arma corta, un veh\u00edculo, cuatro equipos de comunicaci\u00f3n, as\u00ed como droga <em>crystal<\/em> y mariguana.<\/p>\n<p>El cuarto evento ocurri\u00f3 en P\u00e1nuco, Veracruz, donde polic\u00edas federales liberaron a una persona y capturaron a ocho presuntos delincuentes, encabezados por Rogelio Ju\u00e1rez Galindo, supuesto l\u00edder de una organizaci\u00f3n delictiva que opera en Poza Rica, Tuxpan y P\u00e1nuco.<\/p>\n<p>Adem\u00e1s de esta persona, tambi\u00e9n se detuvo a Javier Almanza Garc\u00eda, Alexander Reyes Andr\u00e9s, Jonathan Reyex Taqu, Pedro Alberto Silva Santiago, Dioceline Delgado Gonz\u00e1lez, Fernando C\u00e1zares y un menor de edad.<\/p>\n<p>A estas personas, a quienes se les decomisaron un veh\u00edculo, dos armas y equipo de comunicaci\u00f3n, se les vincula con otros cuatro secuestros, y los delitos de portaci\u00f3n de armas de fuego exclusivas para las Fuerzas Armadas, robo de hidrocarburo y delincuencia organizada.<\/p>\n<p>El \u00faltimo caso fue en Guerrero, municipio de Atoyac de \u00c1lvarez, donde polic\u00edas federales se enfrentaron con dos presuntos secuestradores, quienes al encontrar a los polic\u00edas les dispararon, lo cual provoc\u00f3 lesiones leves a los dos elementos.<\/p>\n<p>Fueron detenidos Jorge Luis Vargas S\u00e1nchez y Alberto Galindo Alcal\u00e1 relacionados con un secuestro y dos homicidios, y a quienes se les decomisaron dos armas, dos cargadores, mariguana, un veh\u00edculo y siete equipos de comunicaci\u00f3n.<\/p>\n<p>Sales Heredia precis\u00f3 que entre enero y mayo de 2014, hubo 688 denuncias por secuestro, mientras en el mismo periodo de 2015 fueron 447 denuncias, lo que significa 241 secuestros menos o una disminuci\u00f3n de 35.3 por ciento.<\/p>\n<p>Entre enero y mayo de 2015 han sido desarticuladas 82 bandas delictivas, integradas por 510 personas que ya est\u00e1n detenidas por el presunto delito de secuestro.<\/p>\n<p>&nbsp;<\/p>\n","protected":false},"excerpt":{"rendered":"<p>Fuerzas federales detuvieron a 24 presuntos secuestradores y rescataron a 5 v\u00edctimas en cinco operativos distintos en Hidalgo, Estado de M\u00e9xico, Veracruz y Guerrero, dio a conocer Renato Sales Heredia, coordinador nacional antisecuestros.<\/p>\n","protected":false},"author":3,"featured_media":224869,"comment_status":"open","ping_status":"open","sticky":false,"template":"","format":"standard","meta":{"_monsterinsights_skip_tracking":false,"_monsterinsights_sitenote_active":false,"_monsterinsights_sitenote_note":"","_monsterinsights_sitenote_category":0,"footnotes":""},"categories":[7],"tags":[43675,3244,42,232,30103,4030,43677,52],"class_list":["post-224732","post","type-post","status-publish","format-standard","has-post-thumbnail","hentry","category-seguridad","tag-estado-de-mexico","tag-guerrero","tag-hidalgo","tag-pgr","tag-renato-sales-heredia","tag-secuestradores","tag-seguridad","tag-veracruz"],"_links":{"self":[{"href":"https:\/\/www.diarioimagen.net\/index.php?rest_route=\/wp\/v2\/posts\/224732","targetHints":{"allow":["GET"]}}],"collection":[{"href":"https:\/\/www.diarioimagen.net\/index.php?rest_route=\/wp\/v2\/posts"}],"about":[{"href":"https:\/\/www.diarioimagen.net\/index.php?rest_route=\/wp\/v2\/types\/post"}],"author":[{"embeddable":true,"href":"https:\/\/www.diarioimagen.net\/index.php?rest_route=\/wp\/v2\/users\/3"}],"replies":[{"embeddable":true,"href":"https:\/\/www.diarioimagen.net\/index.php?rest_route=%2Fwp%2Fv2%2Fcomments&post=224732"}],"version-history":[{"count":0,"href":"https:\/\/www.diarioimagen.net\/index.php?rest_route=\/wp\/v2\/posts\/224732\/revisions"}],"wp:featuredmedia":[{"embeddable":true,"href":"https:\/\/www.diarioimagen.net\/index.php?rest_route=\/wp\/v2\/media\/224869"}],"wp:attachment":[{"href":"https:\/\/www.diarioimagen.net\/index.php?rest_route=%2Fwp%2Fv2%2Fmedia&parent=224732"}],"wp:term":[{"taxonomy":"category","embeddable":true,"href":"https:\/\/www.diarioimagen.net\/index.php?rest_route=%2Fwp%2Fv2%2Fcategories&post=224732"},{"taxonomy":"post_tag","embeddable":true,"href":"https:\/\/www.diarioimagen.net\/index.php?rest_route=%2Fwp%2Fv2%2Ftags&post=224732"}],"curies":[{"name":"wp","href":"https:\/\/api.w.org\/{rel}","templated":true}]}}