{"id":224779,"date":"2015-07-08T00:01:45","date_gmt":"2015-07-08T05:01:45","guid":{"rendered":"http:\/\/www.diarioimagen.net\/?p=224779"},"modified":"2015-07-09T01:47:28","modified_gmt":"2015-07-09T06:47:28","slug":"la-cadena-de-hoteles-city-express-se-unio-a-promexico-global-en-su-mision-de-promover-los-negocios-en-mexico","status":"publish","type":"post","link":"https:\/\/www.diarioimagen.net\/?p=224779","title":{"rendered":"La cadena de <em>Hoteles City Express<\/em> se uni\u00f3 a ProM\u00e9xico Global, en su misi\u00f3n de promover los negocios en M\u00e9xico"},"content":{"rendered":"<h2>De cinco estrellas<\/h2>\n<h5>Victoria Gonz\u00e1lez Prado<\/h5>\n<p>&nbsp;<\/p>\n<ul>\n<li><em><strong>Del 11 de junio al 4 de julio LAN y TAM, l\u00edneas a\u00e9reas oficiales de Copa Am\u00e9rica 2015,\u00a0transportaron m\u00e1s de 15 mil pasajeros<\/strong><\/em><\/li>\n<li><em><strong>Chilenos visitan Sinaloa para intercambiar experiencias en materia tur\u00edstica y econ\u00f3mica<\/strong><\/em><\/li>\n<\/ul>\n<div id=\"attachment_224863\" style=\"width: 250px\" class=\"wp-caption alignleft\"><a href=\"http:\/\/www.diarioimagen.net\/?attachment_id=224863\" rel=\"attachment wp-att-224863\"><img loading=\"lazy\" decoding=\"async\" aria-describedby=\"caption-attachment-224863\" class=\"size-medium wp-image-224863\" src=\"http:\/\/www.diarioimagen.net\/wp-content\/uploads\/2015\/07\/turismo-2649-240x146.jpg\" alt=\"El Hotel City Express Tijuana R\u00edo.\" width=\"240\" height=\"146\" srcset=\"https:\/\/www.diarioimagen.net\/wp-content\/uploads\/2015\/07\/turismo-2649-240x146.jpg 240w, https:\/\/www.diarioimagen.net\/wp-content\/uploads\/2015\/07\/turismo-2649-420x255.jpg 420w, https:\/\/www.diarioimagen.net\/wp-content\/uploads\/2015\/07\/turismo-2649.jpg 700w\" sizes=\"auto, (max-width: 240px) 100vw, 240px\" \/><\/a><p id=\"caption-attachment-224863\" class=\"wp-caption-text\">El <em>Hotel City Express Tijuana R\u00edo<\/em>.<\/p><\/div>\n<p>La cadena de Hoteles <em>City Express<\/em> se uni\u00f3 al evento de ProM\u00e9xico Global, que tuvo lugar desde ayer martes y culmina hoy en el World Trade Center (WTC), de la ciudad de M\u00e9xico.<\/p>\n<p>As\u00ed, expusieron su oferta de hoteles, diferentes conceptos como <em>City Express Plus, City Express Suites, City Express<\/em> y <em>City Express Junior<\/em>, las rutas tur\u00edsticas e industriales que abarca, y servicios para los viajes de negocios.<\/p>\n<p>\u201cEs un importante escenario que nos permite dar a conocer nuestra presencia en las diferentes ciudades donde tienen lugar las rutas industriales. De esta forma, los viajeros de negocios podr\u00e1n saber de opciones accesibles y con los servicios que necesitan, para sus viajes\u201d, coment\u00f3 <strong>Blanca Herrera<\/strong>, directora de Servicios a Franquicias de Hoteles de la cadena.<\/p>\n<p>Cabe mencionar que Hoteles <em>City Express<\/em>, pionera en el ramo de servicios limitados de bajo costo, cuenta con 98 hoteles, tanto en la Rep\u00fablica Mexicana como en nuevos mercados como Costa Rica y Colombia, ofreciendo altos est\u00e1ndares de calidad y proporcionando un portafolio de servicios a los viajeros de negocios, cubriendo diversas rutas clave para industrias como la petrolera, minera, automotriz y aeroespacial. Actualmente, la cadena tiene presencia en 38 ciudades clave de\u00a0\u00a0producci\u00f3n minera en M\u00e9xico; 39 ciudades clave para industria aeroespacial;\u00a028\u00a0ciudades donde se ubican las principales plantas armadoras y 27 hoteles en seis estados relacionados con actividades como explotaci\u00f3n, refiner\u00eda, petroqu\u00edmica y producci\u00f3n de gas.<\/p>\n<p>Gracias a su modelo estandarizado, Hoteles <em>City Express<\/em> brinda una amplia gama de servicios, cubriendo las principales necesidades de sus visitantes, desde transporte hasta salas de negocios, desayuno inclu\u00eddo, gimnasio, conexi\u00f3n de internet gratuita, tintorer\u00eda y estacionamiento. El dise\u00f1o modular de los hoteles permite encontrar los mismos est\u00e1ndares de calidad en todas las ciudades en las que tiene presencia.<\/p>\n<p>Con la misi\u00f3n de consolidarse como la mejor opci\u00f3n para los viajeros de negocios tanto nacionales como extranjeros, la cadena hotelera uni\u00f3 esfuerzos\u00a0\u00a0 con ProM\u00e9xico para dar a conocer a nuevas audiencias y plazas la oferta con que cuentan mediante divresas actividades conjuntas, siendo \u00e9ste el segundo de nueve eventos que ProM\u00e9xico tendr\u00e1 a lo largo de 2015. ProM\u00e9xico Global contar\u00e1 tambi\u00e9n con p\u00e1neles de expertos, sala de negocios B2B <em>(Business to Business),<\/em> conferencias magistrales y talleres.<\/p>\n<p>De esta forma, avanzan significativamente en dar a conocer en nuevas plataformas su oferta a nivel nacional e internacional, refrendando su liderazgo en el sector y su posici\u00f3n como un importante aliado de los turistas de negocios que participan en las industrias de mayor crecimiento en el pa\u00eds. M\u00e1s informaci\u00f3n: <a href=\"https:\/\/www.cityexpress.com\" target=\"_blank\">https:\/\/www.cityexpress.com<\/a><\/p>\n<p>\u2730\u2730\u2730\u2730\u2730 Seg\u00fan estimaciones de la compa\u00f1\u00eda<strong>\u00a0<\/strong>en total entre el 11 de junio y el 4 de julio- LAN y TAM l\u00edneas a\u00e9reas oficiales de Copa Am\u00e9rica 2015,\u00a0 transportaron m\u00e1s de 15 mil pasajeros desde el extranjero hacia Chile y dentro del pa\u00eds.<\/p>\n<p>Respecto a la cantidad de pasajeros extranjeros que viajaron a Chile durante el evento, la mayor demanda fue de hinchas provenientes de Argentina, seguidos de Colombia, Per\u00fa y Uruguay.<\/p>\n<p>Durante el evento deportivo la compa\u00f1\u00eda reforz\u00f3 la operaci\u00f3n y ofreci\u00f3\u00a0m\u00e1s de 761 vuelos internacionales hacia Chile y m\u00e1s de mil 170 vuelos a nivel nacional, entregando a sus pasajeros el m\u00e1s completo itinerario hacia las distintas sedes.<\/p>\n<p>El \u00a0plan de refuerzo consider\u00f3\u00a0m\u00e1s de 20 aviones\u00a0ch\u00e1rter regionales y dentro del pa\u00eds \u00a020 vuelos de refuerzo adicionales.<\/p>\n<p>Respecto a los \u00edndices de puntualidad de la operaci\u00f3n, la compa\u00f1\u00eda registr\u00f3 un promedio de 93% de puntualidad\u00a0en la salida de sus vuelos diarios dentro de Chile,\u00a0subiendo tres puntos respecto a las mismas cifras del periodo durante 2014.<\/p>\n<p>Teniendo<strong>\u00a0<\/strong>en cuenta el importante tr\u00e1fico a\u00e9reo que existi\u00f3 durante este evento, ambas l\u00edneas a\u00e9reas dispusieron de un completo\u00a0plan de contingencia para resguardar\u00a0cada detalle de la red, atenci\u00f3n en los aeropuertos, prestaci\u00f3n de servicio 24 horas y proporcionar la informaci\u00f3n precisa y r\u00e1pida para el pasajero.<\/p>\n<p>Entre las medidas destacaron la disposici\u00f3n de\u00a0 aeronaves de <em>back up<\/em> durante todo el evento para casos de contingencia operacional,\u00a0entrega de material informativo por medio de una \u201cgu\u00eda para el pasajero\u201d, que incluye sugerencias de preparaci\u00f3n para el vuelo, contenido sobre aeropuertos de ciudades sede, entre otros, capacitaci\u00f3n especial para personal de aeropuerto y atenci\u00f3n de call center y reforzamiento de equipos.<\/p>\n<p>\u201cNuestro principal compromiso durante Copa Am\u00e9rica fue entregar la mejor experiencia a nuestros pasajeros y tener una operaci\u00f3n de excelencia hacia, desde y dentro de Chile. Trabajamos este periodo como una temporada alta y reforzamos nuestro servicio<strong>,\u00a0<\/strong>de tal manera que los pasajeros fuesen atendidos de la forma m\u00e1s expedita y eficiente posible, facilitando y agilizando el proceso de chequeo y de embarque\u201d,\u00a0afirma <strong>Pablo Yunis<\/strong>, director de Ventas en Chile.<\/p>\n<p>\u201cActualmente, nuestros pasajeros pueden acceder a nuestra <em>app mobile<\/em>\u00a0gratuita que simplifica el proceso de viaje de nuestros pasajeros, ya que les permite hacer el <em>check-in<\/em>, seleccionar sus asientos, guardar las tarjetas de embarque sin necesidad de imprimirlas, revisar el estado de vuelo y\u00a0 llevar un registro de sus viajes mediante el <em>Smartphone\u201d,\u00a0<\/em>agreg\u00f3 el ejecutivo.<\/p>\n<p>Adicionalmente, la compa\u00f1\u00eda implement\u00f3 en los sitios web de LAN y TAM, nuevas tecnolog\u00edas que permiten a los pasajeros acceder a mayor informaci\u00f3n y las causas sobre el estado de sus vuelos en contingencias. Por medio de esta tecnolog\u00eda el pasajero puede acceder a los siguientes \u00edtems:\u00a0estatus del vuelo- <em>on time,<\/em> atrasado, cancelado-; motivo de la contingencia, alternativas del pasajero de soluci\u00f3n de viaje, despliegue de servicios b\u00e1sicos y \u00b4Live Chat\u00b4 con respuesta en l\u00ednea a las consultas.<\/p>\n<p>\u2730\u2730\u2730\u2730\u2730 Con el objetivo de intercambiar experiencias y casos de \u00e9xito en el sector de turismo, materia econ\u00f3mica, acad\u00e9mica y de gobierno, se encuentran en Sinaloa\u00a0representantes del gobierno de Regi\u00f3n de Los R\u00edos y de la Universidad Austral de Chile.<\/p>\n<p>La visita, derivada de un\u00a0acuerdo de cooperaci\u00f3n bilateral entre Chile y M\u00e9xico, se enfocar\u00e1 esta semana en visitas a los destinos tur\u00edsticos de Altata, Imala, El Fuerte, el puerto de Topolobampo, Cosal\u00e1 y Mazatl\u00e1n.<\/p>\n<p>Los representantes del gobierno regional y de la Universidad Austral de Chile prev\u00e9n diversas reuniones de trabajo con distintos niveles del gobierno de Sinaloa y con representantes de los sectores productivos de la entidad.<\/p>\n<p>Como parte de la agenda de trabajo, el pasado lunes el secretario de Turismo de Sinaloa, <strong>Francisco Manuel C\u00f3rdova Celaya<\/strong>, recibi\u00f3 a <strong>Rodrigo B\u00e4hre Vogel<\/strong>, representante de Unidad Regional de Negocios Internacionales del gobierno de la Regi\u00f3n de los R\u00edos y a <strong>Susana Coper Wolkowiska<\/strong>, directora del Instituto de Econom\u00eda de la Universidad Austral de Chile.<\/p>\n<p>Durante toda esta semana, los representantes chilenos realizar\u00e1n visitas en diversas regiones de Sinaloa en sectores productivos espec\u00edficos.<\/p>\n<p>En la agenda participan el doctor <strong>C\u00e9sar Valenzuela<\/strong>, del Colegio de Economistas; el subsecretario de Turismo, <strong>Rafael Liz\u00e1rraga Favela <\/strong>y, el subsecretario de Promoci\u00f3n Econ\u00f3mica, <strong>Radam\u00e9s<\/strong> D\u00edaz Meza.<\/p>\n<p><em><i><a href=\"mailto:victoriagprado@gmail.com\" target=\"_blank\">victoriagprado@gmail.com<\/a><\/i><\/em><\/p>\n","protected":false},"excerpt":{"rendered":"<p>La cadena de Hoteles <em>City Express<\/em> se uni\u00f3 al evento de ProM\u00e9xico Global, que tuvo lugar desde ayer martes y culmina hoy en el World Trade Center (WTC), de la ciudad de M\u00e9xico.<\/p>\n","protected":false},"author":3,"featured_media":224863,"comment_status":"open","ping_status":"open","sticky":false,"template":"","format":"standard","meta":{"_monsterinsights_skip_tracking":false,"_monsterinsights_sitenote_active":false,"_monsterinsights_sitenote_note":"","_monsterinsights_sitenote_category":0,"footnotes":""},"categories":[11],"tags":[107,43674,43681,106],"class_list":["post-224779","post","type-post","status-publish","format-standard","has-post-thumbnail","hentry","category-turismo","tag-de-cinco-estrellas","tag-opinion","tag-turismo","tag-victoria-gonzalez-prado"],"_links":{"self":[{"href":"https:\/\/www.diarioimagen.net\/index.php?rest_route=\/wp\/v2\/posts\/224779","targetHints":{"allow":["GET"]}}],"collection":[{"href":"https:\/\/www.diarioimagen.net\/index.php?rest_route=\/wp\/v2\/posts"}],"about":[{"href":"https:\/\/www.diarioimagen.net\/index.php?rest_route=\/wp\/v2\/types\/post"}],"author":[{"embeddable":true,"href":"https:\/\/www.diarioimagen.net\/index.php?rest_route=\/wp\/v2\/users\/3"}],"replies":[{"embeddable":true,"href":"https:\/\/www.diarioimagen.net\/index.php?rest_route=%2Fwp%2Fv2%2Fcomments&post=224779"}],"version-history":[{"count":0,"href":"https:\/\/www.diarioimagen.net\/index.php?rest_route=\/wp\/v2\/posts\/224779\/revisions"}],"wp:featuredmedia":[{"embeddable":true,"href":"https:\/\/www.diarioimagen.net\/index.php?rest_route=\/wp\/v2\/media\/224863"}],"wp:attachment":[{"href":"https:\/\/www.diarioimagen.net\/index.php?rest_route=%2Fwp%2Fv2%2Fmedia&parent=224779"}],"wp:term":[{"taxonomy":"category","embeddable":true,"href":"https:\/\/www.diarioimagen.net\/index.php?rest_route=%2Fwp%2Fv2%2Fcategories&post=224779"},{"taxonomy":"post_tag","embeddable":true,"href":"https:\/\/www.diarioimagen.net\/index.php?rest_route=%2Fwp%2Fv2%2Ftags&post=224779"}],"curies":[{"name":"wp","href":"https:\/\/api.w.org\/{rel}","templated":true}]}}