{"id":224958,"date":"2015-07-09T00:03:23","date_gmt":"2015-07-09T05:03:23","guid":{"rendered":"http:\/\/www.diarioimagen.net\/?p=224958"},"modified":"2015-07-09T07:16:04","modified_gmt":"2015-07-09T12:16:04","slug":"toronto-capital-del-deporte-de-america","status":"publish","type":"post","link":"https:\/\/www.diarioimagen.net\/?p=224958","title":{"rendered":"Toronto, capital del deporte de Am\u00e9rica"},"content":{"rendered":"<ul>\n<li><strong><em>Ma\u00f1ana arrancan los Juegos Panamericanos<\/em><\/strong><\/li>\n<\/ul>\n<p><a href=\"http:\/\/www.diarioimagen.net\/wp-content\/uploads\/2015\/07\/deportes-2650.jpg\"><img loading=\"lazy\" decoding=\"async\" class=\"alignleft size-medium wp-image-225051\" src=\"http:\/\/www.diarioimagen.net\/wp-content\/uploads\/2015\/07\/deportes-2650-240x135.jpg\" alt=\"deportes-2650\" width=\"240\" height=\"135\" srcset=\"https:\/\/www.diarioimagen.net\/wp-content\/uploads\/2015\/07\/deportes-2650-240x135.jpg 240w, https:\/\/www.diarioimagen.net\/wp-content\/uploads\/2015\/07\/deportes-2650-420x236.jpg 420w, https:\/\/www.diarioimagen.net\/wp-content\/uploads\/2015\/07\/deportes-2650-235x132.jpg 235w, https:\/\/www.diarioimagen.net\/wp-content\/uploads\/2015\/07\/deportes-2650-202x114.jpg 202w, https:\/\/www.diarioimagen.net\/wp-content\/uploads\/2015\/07\/deportes-2650-350x196.jpg 350w, https:\/\/www.diarioimagen.net\/wp-content\/uploads\/2015\/07\/deportes-2650-220x123.jpg 220w, https:\/\/www.diarioimagen.net\/wp-content\/uploads\/2015\/07\/deportes-2650-237x132.jpg 237w, https:\/\/www.diarioimagen.net\/wp-content\/uploads\/2015\/07\/deportes-2650.jpg 480w\" sizes=\"auto, (max-width: 240px) 100vw, 240px\" \/><\/a>Toronto se ha convertido en la capital del deporte de Am\u00e9rica, donde cientos de atletas de la zona han comenzado a dar vida a esta urbe financiera y una de las m\u00e1s grandes de la naci\u00f3n.<\/p>\n<p>Aunque por sus calles el panorama no es de fiesta deportiva, en la Villa Panamericana, la casa de los competidores de Am\u00e9rica, se viste de colorido; el desfile de los atletas es cada vez mayor y desde luego se comienza a ver a los grandes h\u00e9roes de esta parte del mundo como el guatemalteco Erick Barrondo.<\/p>\n<p>El andar\u00edn que puso a temblar al mexicano Horacio Nava en la cita centroamericana de Veracruz 2014, se dio tiempo para recorrer, lo que por unos d\u00edas ser\u00e1 su casa. \u201cMe siento bien y es hermoso este lugar en donde estaremos hospedados\u201d, dijo.<\/p>\n<p>Pero as\u00ed como Barrondo, quien pas\u00f3 a la historia de su pa\u00eds al conseguir la plata en los Juegos Ol\u00edmpicos de Londres 2012 en la distancia de los 20 kil\u00f3metros de marcha; tambi\u00e9n se ven a los puertorrique\u00f1os que aspiran a estar entre los 10 primeros.<\/p>\n<p>Pero los que roban \u201cc\u00e1mara\u201d son los brasile\u00f1os, que el pr\u00f3ximo a\u00f1o ser\u00e1n los anfitriones de la m\u00e1xima justa deportiva mundial. Saben que son el centro de atenci\u00f3n en esta justa regional, como lo dice el entrenador de hockey sobre pasto, Cristol Rodrigues.<\/p>\n<p>\u201cEs algo especial para nosotros estar en estos Juegos Panamericanos, el pr\u00f3ximo a\u00f1o vamos a reunir a los atletas del mundo y eso es muy bueno para nosotros y mi deporte espera dar brillo en su pa\u00eds\u201d, coment\u00f3.<\/p>\n<p>Indic\u00f3 que estar en Toronto es, entre otras cosas, ver la organizaci\u00f3n de los Juegos, porque \u201cpara el pr\u00f3ximo nos toca a nosotros\u201d.<\/p>\n<p>La bandera de Brasil onde\u00f3 en la Villa Panamericana en la zona destinada para hacerlo. Se inund\u00f3 de j\u00fabilo y a ritmo de samba hizo vibrar el lugar.<\/p>\n<p>La Villa Panamericana se viste de gala para recibir a los atletas, que a pesar de que el viernes ser\u00e1 la ceremonia de apertura, a\u00fan sigue a la espera de m\u00e1s competidores de esta zona del mundo.<\/p>\n<p style=\"text-align: center;\"><strong>Dirigentes mexicanos\u00a0<\/strong><strong>recorren Villa Panamericana<\/strong><\/p>\n<p>Los presidentes del Comit\u00e9 Ol\u00edmpico Mexicano (COM), Carlos Padilla Becerra, y de la Federaci\u00f3n Internacional de Tiro (FIT), Olegario V\u00e1zquez Ra\u00f1a, se mostraron satisfechos por la calidad y nivel que tiene la Villa Panamericana.<\/p>\n<p>Durante un recorrido que ambos dirigentes realizaron por las instalaciones, tuvieron la oportunidad de ver las habitaciones de los atletas y desde luego conversar con alguno de ellos a unas horas de la ceremonia de apertura de los Juegos Panamericanos Toronto 2015.<\/p>\n<p>\u201cEstoy muy satisfecho por la Villa Panamericana, es una de las m\u00e1s c\u00f3modas que he visto; vaya que he visto much\u00edsimas en la vida, y la de Toronto es una de m\u00e1s bonitas. Vimos en donde se hospeda el equipo mexicano y todo est\u00e1 listo para empezar el viernes\u201d, dijo Olegario V\u00e1zquez Ra\u00f1a.<\/p>\n<p>Mientras tanto, en relaci\u00f3n al tiro deportivo, mencion\u00f3 que el 11 de este mes iniciar\u00e1 la contienda en donde M\u00e9xico tiene amplias posibilidades de estar en el podio.<\/p>\n<p>Asimismo, habl\u00f3 de la Asamblea General de la Organizaci\u00f3n Deportiva Panamericana (ODEPA), en donde acudi\u00f3 como invitado de honor el presidente del Comit\u00e9 Ol\u00edmpico Internacional (COI), Thomas Bach, quien aplaudi\u00f3 el desarrollo de la misma y destac\u00f3 la unidad que hay en el deporte de Am\u00e9rica.<\/p>\n<p>Por su parte, el presidente del Comit\u00e9 Ol\u00edmpico Mexicano (COM), Carlos Padilla, resalt\u00f3 que la Villa Panamericana es una de las mejores de la zona, porque re\u00fane todas las necesidades que puedan tener los deportistas desde servicio m\u00e9dico hasta lugares de esparcimiento.<\/p>\n","protected":false},"excerpt":{"rendered":"<p>Toronto se ha convertido en la capital del deporte de Am\u00e9rica, donde cientos de atletas de la zona han comenzado a dar vida a esta urbe financiera y una de las m\u00e1s grandes de la naci\u00f3n.<\/p>\n","protected":false},"author":3,"featured_media":225051,"comment_status":"open","ping_status":"open","sticky":false,"template":"","format":"standard","meta":{"_monsterinsights_skip_tracking":false,"_monsterinsights_sitenote_active":false,"_monsterinsights_sitenote_note":"","_monsterinsights_sitenote_category":0,"footnotes":""},"categories":[10],"tags":[1439,431,43680,13183,16737],"class_list":["post-224958","post","type-post","status-publish","format-standard","has-post-thumbnail","hentry","category-deportes","tag-america","tag-canada","tag-deportes","tag-juegos-panamericanos","tag-toronto"],"_links":{"self":[{"href":"https:\/\/www.diarioimagen.net\/index.php?rest_route=\/wp\/v2\/posts\/224958","targetHints":{"allow":["GET"]}}],"collection":[{"href":"https:\/\/www.diarioimagen.net\/index.php?rest_route=\/wp\/v2\/posts"}],"about":[{"href":"https:\/\/www.diarioimagen.net\/index.php?rest_route=\/wp\/v2\/types\/post"}],"author":[{"embeddable":true,"href":"https:\/\/www.diarioimagen.net\/index.php?rest_route=\/wp\/v2\/users\/3"}],"replies":[{"embeddable":true,"href":"https:\/\/www.diarioimagen.net\/index.php?rest_route=%2Fwp%2Fv2%2Fcomments&post=224958"}],"version-history":[{"count":0,"href":"https:\/\/www.diarioimagen.net\/index.php?rest_route=\/wp\/v2\/posts\/224958\/revisions"}],"wp:featuredmedia":[{"embeddable":true,"href":"https:\/\/www.diarioimagen.net\/index.php?rest_route=\/wp\/v2\/media\/225051"}],"wp:attachment":[{"href":"https:\/\/www.diarioimagen.net\/index.php?rest_route=%2Fwp%2Fv2%2Fmedia&parent=224958"}],"wp:term":[{"taxonomy":"category","embeddable":true,"href":"https:\/\/www.diarioimagen.net\/index.php?rest_route=%2Fwp%2Fv2%2Fcategories&post=224958"},{"taxonomy":"post_tag","embeddable":true,"href":"https:\/\/www.diarioimagen.net\/index.php?rest_route=%2Fwp%2Fv2%2Ftags&post=224958"}],"curies":[{"name":"wp","href":"https:\/\/api.w.org\/{rel}","templated":true}]}}