{"id":224968,"date":"2015-07-09T00:01:50","date_gmt":"2015-07-09T05:01:50","guid":{"rendered":"http:\/\/www.diarioimagen.net\/?p=224968"},"modified":"2015-07-10T03:44:21","modified_gmt":"2015-07-10T08:44:21","slug":"rafael-moreno-valle-presento-el-video-promocional-puebla-es-mi-destino-que-muestra-la-historia-tradicion-cultura-riqueza-y-mas","status":"publish","type":"post","link":"https:\/\/www.diarioimagen.net\/?p=224968","title":{"rendered":"Rafael Moreno Valle present\u00f3 el video promocional \u201cPuebla es mi destino\u201d, que muestra la historia, tradici\u00f3n, cultura, riqueza y m\u00e1s"},"content":{"rendered":"<h2>De cinco estrellas<\/h2>\n<h5>Victoria Gonz\u00e1lez Prado<\/h5>\n<p>&nbsp;<\/p>\n<ul>\n<li><em><strong>Amadeus y la OMT unen fuerzas para impulsar el uso de las m\u00e1s innovadoras tecnolog\u00edas en \u00e1reas del turismo<\/strong><\/em><\/li>\n<li><em><strong>Volaris report\u00f3 los resultados preliminares de tr\u00e1fico del mes de junio de 2015 y acumulados del a\u00f1o<\/strong><\/em><\/li>\n<\/ul>\n<div id=\"attachment_225048\" style=\"width: 250px\" class=\"wp-caption alignleft\"><a href=\"http:\/\/www.diarioimagen.net\/wp-content\/uploads\/2015\/07\/turismo-2650.jpg\"><img loading=\"lazy\" decoding=\"async\" aria-describedby=\"caption-attachment-225048\" class=\"size-medium wp-image-225048\" src=\"http:\/\/www.diarioimagen.net\/wp-content\/uploads\/2015\/07\/turismo-2650-240x135.jpg\" alt=\"Antes de la presentaci\u00f3n del video promocional \u201cPuebla es mi destino\u201d.\" width=\"240\" height=\"135\" srcset=\"https:\/\/www.diarioimagen.net\/wp-content\/uploads\/2015\/07\/turismo-2650-240x135.jpg 240w, https:\/\/www.diarioimagen.net\/wp-content\/uploads\/2015\/07\/turismo-2650-420x236.jpg 420w, https:\/\/www.diarioimagen.net\/wp-content\/uploads\/2015\/07\/turismo-2650-235x132.jpg 235w, https:\/\/www.diarioimagen.net\/wp-content\/uploads\/2015\/07\/turismo-2650-202x114.jpg 202w, https:\/\/www.diarioimagen.net\/wp-content\/uploads\/2015\/07\/turismo-2650-350x196.jpg 350w, https:\/\/www.diarioimagen.net\/wp-content\/uploads\/2015\/07\/turismo-2650-220x123.jpg 220w, https:\/\/www.diarioimagen.net\/wp-content\/uploads\/2015\/07\/turismo-2650-237x132.jpg 237w, https:\/\/www.diarioimagen.net\/wp-content\/uploads\/2015\/07\/turismo-2650.jpg 480w\" sizes=\"auto, (max-width: 240px) 100vw, 240px\" \/><\/a><p id=\"caption-attachment-225048\" class=\"wp-caption-text\">Antes de la presentaci\u00f3n del video promocional \u201cPuebla es mi destino\u201d.<\/p><\/div>\n<p><strong>Rafael Moreno Valle<\/strong>, gobernador de Puebla, present\u00f3 el video promocional \u201cPuebla es mi destino\u201d, que muestra la historia, tradici\u00f3n, cultura, riqueza, atractivos y modernidad del estado, para proyectarlo a nivel nacional e internacional y posicionarlo como una entidad en desarrollo, \u00edntegra, segura y con condiciones para ser considerada un destino tur\u00edstico e id\u00f3neo para invertir.<\/p>\n<p>Durante la presentaci\u00f3n, <strong>Moreno Valle<\/strong> dijo que Puebla ha sido protagonista importante de la historia del pa\u00eds. Por lo que ahora su administraci\u00f3n trabaja para devolverle el lugar que le corresponde ante el mundo y para generar factores de competitividad que impulsen su potencial.<\/p>\n<p>Se\u00f1al\u00f3 que la seguridad, la educaci\u00f3n, la infraestructura y el turismo son esenciales para lograr el desarrollo y consolidar un mejor futuro para todos y destac\u00f3 los atractivos tur\u00edsticos que alberga la entidad.<\/p>\n<p>Se refiri\u00f3 tambi\u00e9n a los siete Pueblos M\u00e1gicos, a Cantona, que cuenta con el juego de pelota m\u00e1s grande del mundo; a Tehuac\u00e1n el Viejo, Cuetzalan y las zonas arqueol\u00f3gicas.<\/p>\n<p>Se\u00f1al\u00f3 que durante la Colonia, Puebla fue la segunda ciudad m\u00e1s importante de la Nueva Espa\u00f1a y fue paso obligado de Veracruz a la ciudad de M\u00e9xico; habl\u00f3 del Centro Hist\u00f3rico de Puebla, Patrimonio Cultural de la Humanidad; la Catedral que hoy tiene un <em>video maping<\/em>; la Capilla del Rosario, los museos\u2026<\/p>\n<p>Dijo a todos los ah\u00ed reunidos que la primera f\u00e1brica textil en Am\u00e9rica Latina estuvo en Puebla; hoy cuentan con el Museo de la M\u00fasica de Viena y en unos d\u00edas abrir\u00e1n el Museo de los Ni\u00f1os y del Papalote y el Museo Barroco Internacional, que se inaugurar\u00e1 en enero del a\u00f1o pr\u00f3ximo.<\/p>\n<p>Asimismo, destac\u00f3 que Puebla tendr\u00e1 un tren tur\u00edstico que conectar\u00e1 a la capital poblana con Cholula y al respecto dijo: \u201cestuve con el secretario de Comunicaciones y Transportes (SCT), <strong>Gerardo Ruiz Esparza<\/strong>, para firmar el t\u00edtulo de asignaci\u00f3n para la\u00a0construcci\u00f3n del tren tur\u00edstico. Se proyecta que ser\u00e1 de\u00a0una v\u00eda \u00fanica con dos tranv\u00edas de propulsi\u00f3n combinada diesel-el\u00e9ctrica y una capacidad de 80 pasajeros. El tren se desplazar\u00e1 a una velocidad promedio de 35 kil\u00f3metros por hora.<\/p>\n<p>El plan contempla dos terminales por parte de la SCT y el gobierno estatal, que funcionar\u00edan de las 8:00 de la ma\u00f1ana a 8:00 de la noche, con 11 corridas en s\u00e1bados, domingos y d\u00edas festivos; cinco o seis en viernes, y tres los jueves.<\/p>\n<p>\u201cEsta asignaci\u00f3n para la prestaci\u00f3n del servicio p\u00fablico de transporte ferroviario de pasajeros, se traduce en beneficios al turismo nacional y extranjero, al generarse un nuevo atractivo tur\u00edstico, adem\u00e1s de convertirse en un polo de atracci\u00f3n para la inversi\u00f3n y as\u00ed coadyuvar al posicionamiento del estado de Puebla como un atractivo con proyectos estrat\u00e9gicos innovadores\u201d. Asimismo resalt\u00f3 que Puebla es de las entidades m\u00e1s seguras, producto de una estrategia integral implementada durante este sexenio, al ser la seguridad un elemento primordial para el desarrollo de un estado.<\/p>\n<p>Destac\u00f3 que continuar\u00e1 construyendo arcos de seguridad en lugares estrat\u00e9gicos y asegur\u00f3 que la Academia de Polic\u00eda Ignacio Zaragoza, donde se capacitan los mandos de la Polic\u00eda Federal, es la mejor del pa\u00eds.<\/p>\n<p>Se\u00f1al\u00f3 que Puebla cuenta con el Centro de Convenciones sin columnas m\u00e1s grande de Am\u00e9rica Latina; el Auditorio Metropolitano; 383 universidades, tecnol\u00f3gicos y centros de educaci\u00f3n y una gastronom\u00eda, de la que dijo: \u201cno les puedo hablar, tienen que degustarla\u201d.<\/p>\n<p><strong>Moreno Valle<\/strong> se\u00f1al\u00f3: \u201cen Puebla, el a\u00f1o pasado, el turismo dej\u00f3 una derrama econ\u00f3mica de 11 mil 203 millones de pesos, lo que se tradujo en un incremento de 22.64%, respecto a 2013.<\/p>\n<p>Indic\u00f3 que de acuerdo con datos de la Secretar\u00eda de Turismo estatal, que preside <strong>Roberto Trauwitz<\/strong>, en 2013 se captaron 9 mil 135 millones de pesos por derrama hotelera.<\/p>\n<p>La ciudad de Puebla concentra la mayor derrama econ\u00f3mica por turismo, con 8 mil 694 millones 584 mil 787 pesos, es decir el 77.6%. Lo que significa que casi ocho de cada diez pesos que ingresan a la entidad por derrama econ\u00f3mica se concentran en la capital poblana.<\/p>\n<p>\u2730\u2730\u2730\u2730\u2730 Amadeus, soluciones tecnol\u00f3gicas para el sector tur\u00edstico, y la Organizaci\u00f3n Mundial de Turismo (OMT), unen fuerzas para impulsar el uso de las m\u00e1s innovadoras tecnolog\u00edas en \u00e1reas del turismo tales como la ense\u00f1anza y el transporte multimodal.<\/p>\n<p>La OMT y Amadeus, Miembro Afiliado de la OMT desde 2007, firmaron un memorando de entendimiento para consolidar su alianza en diversas esferas. El acuerdo incluye el desarrollo de un prototipo de la OMT sobre multimodalidad (la planificaci\u00f3n de viajes y la emisi\u00f3n de pasajes de puerta a puerta con todas las opciones posibles de transporte), para integrar en mayor medida los diferentes medios de transporte entre destinos de todo el mundo.<\/p>\n<p>\u201cLa b\u00fasqueda de soluciones tecnol\u00f3gicas innovadoras es fundamental para la competitividad del sector tur\u00edstico y para aprovechar su capacidad de crear empleo y desarrollo inclusivo en todo el planeta. La OMT tiene un gran inter\u00e9s en intensificar a\u00fan m\u00e1s la relaci\u00f3n con Amadeus, un Miembro Afiliado a quien valora especialmente y un actor clave en este terreno, a fin de reforzar los nexos entre el turismo y la tecnolog\u00eda\u00bb, afirm\u00f3 el secretario general de la OMT, <strong>Taleb Rifai<\/strong>.<\/p>\n<p>\u201cEstamos muy ilusionados por poder estrechar a\u00fan m\u00e1s la relaci\u00f3n con la OMT con este acuerdo que se enfoca en dos \u00e1mbitos en los que ambas entidades tenemos una s\u00f3lida trayectoria: la tecnolog\u00eda y el turismo. Este acuerdo pone tambi\u00e9n de manifiesto nuestro firme compromiso con el fortalecimiento del sector de los viajes y el turismo a trav\u00e9s de una serie de iniciativas conjuntas acordadas en \u00e1reas tan importantes como la educaci\u00f3n de los profesionales del sector o la innovaci\u00f3n tecnol\u00f3gica. Invitamos a los Miembros Afiliados de la red de la OMT a que se unan a alguna de estas iniciativas de colaboraci\u00f3n para seguir construyendo juntos el futuro del sector\u201d, coment\u00f3 <strong>Tom\u00e1s L\u00f3pez Fernebrand<\/strong>, <em>Senior Vice President, General Counsel &amp; Corporate Secretary <\/em>de Amadeus IT Group.<\/p>\n<p>La OMT y Amadeus colaborar\u00e1n adem\u00e1s en temas de sostenibilidad, responsabilidad social corporativa y ense\u00f1anza mediante la participaci\u00f3n de Amadeus en el proyecto piloto de la OMT \u00abDesarrollo del talento en el sector tur\u00edstico\u00bb y en diversas iniciativas de la Organizaci\u00f3n en el \u00e1mbito de la capacitaci\u00f3n.<\/p>\n<p>\u2730\u2730\u2730\u2730\u2730 Volaris report\u00f3 los resultados preliminares de tr\u00e1fico del mes de junio de 2015 y acumulados del a\u00f1o.<\/p>\n<p>Durante el mes de junio de 2015, continu\u00f3 demostrando disciplina en la administraci\u00f3n de la capacidad en el mercado nacional y crecimiento en el mercado internacional.<\/p>\n<p>La capacidad total, medida en t\u00e9rminos de asientos disponibles por milla (ASMs por sus siglas en ingl\u00e9s) para el mes de junio aument\u00f3 20.9% comparado con el mismo periodo del a\u00f1o anterior. Los pasajeros totales fueron 991 mil, un incremento de 23.7% respecto al a\u00f1o anterior, 786 mil fueron dom\u00e9sticos y los otros 205 mil fueron viajeros internacionales.<\/p>\n<p>La demanda total de la aerol\u00ednea por el mes de junio medida en pasajeros reservados por milla (RPMs por sus siglas en ingl\u00e9s) aument\u00f3 20.5%, comparado con el mismo periodo del a\u00f1o anterior, alcanzando 960 millones. Como resultado, el factor de ocupaci\u00f3n para el mes de junio alcanz\u00f3 83.5% una disminuci\u00f3n de 0.2 puntos porcentuales comparados con el mismo periodo del a\u00f1o anterior.<\/p>\n<p>Durante el mes de junio de 2015 comenz\u00f3 a volar dos nuevas rutas nacionales (Canc\u00fan-Tuxtla Guti\u00e9rrez y Canc\u00fan-Villahermosa) y tres rutas internacionales (Le\u00f3n-Los \u00c1ngeles, Canc\u00fan-Guatemala y Guadalajara-Guatemala).<\/p>\n<p><em><i><a href=\"mailto:victoriagprado@gmail.com\" target=\"_blank\">victoriagprado@gmail.com<\/a><\/i><\/em><\/p>\n","protected":false},"excerpt":{"rendered":"<p><strong>Rafael Moreno Valle<\/strong>, gobernador de Puebla, present\u00f3 el video promocional \u201cPuebla es mi destino\u201d, que muestra la historia, tradici\u00f3n, cultura, riqueza, atractivos y modernidad del estado, para proyectarlo a nivel nacional e internacional y posicionarlo como una entidad en desarrollo, \u00edntegra, segura y con condiciones para ser considerada un destino tur\u00edstico e id\u00f3neo para invertir.<\/p>\n","protected":false},"author":3,"featured_media":225048,"comment_status":"open","ping_status":"open","sticky":false,"template":"","format":"standard","meta":{"_monsterinsights_skip_tracking":false,"_monsterinsights_sitenote_active":false,"_monsterinsights_sitenote_note":"","_monsterinsights_sitenote_category":0,"footnotes":""},"categories":[11],"tags":[107,43674,43681,106],"class_list":["post-224968","post","type-post","status-publish","format-standard","has-post-thumbnail","hentry","category-turismo","tag-de-cinco-estrellas","tag-opinion","tag-turismo","tag-victoria-gonzalez-prado"],"_links":{"self":[{"href":"https:\/\/www.diarioimagen.net\/index.php?rest_route=\/wp\/v2\/posts\/224968","targetHints":{"allow":["GET"]}}],"collection":[{"href":"https:\/\/www.diarioimagen.net\/index.php?rest_route=\/wp\/v2\/posts"}],"about":[{"href":"https:\/\/www.diarioimagen.net\/index.php?rest_route=\/wp\/v2\/types\/post"}],"author":[{"embeddable":true,"href":"https:\/\/www.diarioimagen.net\/index.php?rest_route=\/wp\/v2\/users\/3"}],"replies":[{"embeddable":true,"href":"https:\/\/www.diarioimagen.net\/index.php?rest_route=%2Fwp%2Fv2%2Fcomments&post=224968"}],"version-history":[{"count":0,"href":"https:\/\/www.diarioimagen.net\/index.php?rest_route=\/wp\/v2\/posts\/224968\/revisions"}],"wp:featuredmedia":[{"embeddable":true,"href":"https:\/\/www.diarioimagen.net\/index.php?rest_route=\/wp\/v2\/media\/225048"}],"wp:attachment":[{"href":"https:\/\/www.diarioimagen.net\/index.php?rest_route=%2Fwp%2Fv2%2Fmedia&parent=224968"}],"wp:term":[{"taxonomy":"category","embeddable":true,"href":"https:\/\/www.diarioimagen.net\/index.php?rest_route=%2Fwp%2Fv2%2Fcategories&post=224968"},{"taxonomy":"post_tag","embeddable":true,"href":"https:\/\/www.diarioimagen.net\/index.php?rest_route=%2Fwp%2Fv2%2Ftags&post=224968"}],"curies":[{"name":"wp","href":"https:\/\/api.w.org\/{rel}","templated":true}]}}