{"id":225000,"date":"2015-07-09T00:07:42","date_gmt":"2015-07-09T05:07:42","guid":{"rendered":"http:\/\/www.diarioimagen.net\/?p=225000"},"modified":"2015-07-09T02:37:26","modified_gmt":"2015-07-09T07:37:26","slug":"cambios-reacomodos-y-especulaciones","status":"publish","type":"post","link":"https:\/\/www.diarioimagen.net\/?p=225000","title":{"rendered":"Cambios, reacomodos y especulaciones"},"content":{"rendered":"<h2>De frente y de perfil<\/h2>\n<h5>Ram\u00f3n Zurita Sahag\u00fan<\/h5>\n<p>&nbsp;<\/p>\n<p>Pasaron los comicios y, al parecer, llegaron los tiempos de que otros personajes pol\u00edticos o los mismos se acomoden en sitios diferentes de la actividad p\u00fablica.<\/p>\n<p>La sorpresiva decisi\u00f3n del jefe de Gobierno de solicitar la renuncia de todo su gabinete deja abierta la posibilidad de enroques, salidas e ingresos a cargos de la administraci\u00f3n p\u00fablica local.<\/p>\n<p>Pero tambi\u00e9n a nivel federal, se espera hace alg\u00fan tiempo, nombramientos en algunas \u00e1reas que se encuentran ac\u00e9falas.<\/p>\n<p>L\u00f3gicamente las especulaciones, las filtraciones, los chismes y las versiones bien y mal intencionadas circulan arduamente por diversos sitios.<\/p>\n<p>El t\u00e9rmino de sus gestiones de varios personajes los ubica, con o sin raz\u00f3n, como prospectos para ocupar otros cargos p\u00fablicos.<\/p>\n<p>Dentro de estos personajes que llegan al final de sus actividades para las que fueron elegidos se encuentra la figura del sonorense Manlio Fabio Beltrones, un pol\u00edtico que ha transitado por varios de los principales cargos de elecci\u00f3n popular, los que van desde tres veces diputado federal, dos m\u00e1s senador y gobernador, aunque recientemente dos veces diputado federal y una m\u00e1s de senador, lo hizo por la v\u00eda de la representaci\u00f3n proporcional.<\/p>\n<p>Manlio, como se le conoce coloquialmente, ya fue subsecretario de Gobernaci\u00f3n, dirigente priista en Sonora, secretario de Gobierno en Sonora y dirigente sectorial del PRI (Sector Popular).<\/p>\n<p>La versatilidad de los cargos p\u00fablicos desempe\u00f1ados lo convierte en un activo para diversas vacantes o futuros relevos, aunque en cada una de ellas tiene sus asegunes.<\/p>\n<p>Se le menciona para ocupar la presidencia del PRI, cargo que dejar\u00e1 en unas semanas m\u00e1s C\u00e9sar Camacho Quiroz, de quien se menciona solamente enrocar\u00e1 con Beltrones, si es que uno llega al PRI y el otro a la coordinaci\u00f3n de los diputados en la LXIII legislatura.<\/p>\n<p>Uno y otro no la llevan segura. De acuerdo con diversos estudiosos, dejar el PRI en manos de Manlio Fabio ser\u00eda un riesgo grande para la sucesi\u00f3n presidencial, ya que lo situar\u00eda en la c\u00faspide de la candidatura presidencial.<\/p>\n<p>Con doce gubernaturas en juego el a\u00f1o pr\u00f3ximo y tres m\u00e1s en 2017, el sonorense tendr\u00eda a la mano la posibilidad que anhela desde hace varios a\u00f1os, siempre y cuando su partido obtenga buenos resultados.<\/p>\n<p>Hay otros que lo ubican en la secretar\u00eda de Educaci\u00f3n P\u00fablica, en un eventual relevo de Emilio Chuayffet Chemor, lo que dar\u00eda margen a que Manlio Fabio, siendo un buen negociador, pudiese conciliar con los miembros de la Coordinadora Nacional de Trabajadores de la Educaci\u00f3n, lo que tambi\u00e9n encumbrar\u00eda al sonorense en la misma posibilidad de la eventual candidatura presidencial.<\/p>\n<p>Esas dos posibilidades vendr\u00edan a modificar el cuadro que pudiese tener el presidente Pe\u00f1a Nieto en torno a su sucesi\u00f3n y al candidato de su partido.<\/p>\n<p>Por eso Manlio Fabio es por mucho, el principal activo que ir\u00eda al desempleo el pr\u00f3ximo 31 de agosto.<\/p>\n<p>C\u00e9sar Camacho dejar\u00e1 la presidencia del PRI para irse a su nueva labor, la de diputado federal, donde se espera coordine a la mayor\u00eda priista, aunque sus escasos logros como dirigente de su partido provocan dudas sobre su futuro.<\/p>\n<p>Dos veces diputado federal, otra senador y una m\u00e1s gobernador, no significan que Camacho Quiroz sea un buen estratega, negociador o conciliador y mucho menos popular, ya que cada uno de esos cargos los logr\u00f3 por la v\u00eda de la designaci\u00f3n, sea como candidato plurinominal o de interino en el caso de gobernante.<\/p>\n<p>C\u00e9sar Camacho no hizo buena qu\u00edmica en la dirigencia nacional de su partido, ni con la secretaria general, Ivonne Ortega Pacheco, ni mucho menos con otros futuros diputados que conformar\u00e1n la LXIII legislatura.<\/p>\n<p>Hay otros como los gobernadores Rodrigo Medina, Nuevo Le\u00f3n; Jos\u00e9 Eduardo Calzada, \u00a0Quer\u00e9taro; Fernando Toranzo Fern\u00e1ndez, San Luis Potos\u00ed; Mario Anguiano Moreno, Colima y Fernando Eutimio Ortega, Campeche, todos ellos de militancia priista que dif\u00edcilmente pudieran incorporarse a tareas del gobierno federal, ya que ninguno de ellos brillo como gobernante.<\/p>\n<p>Cada uno de ellos dejar\u00e1 el poder entre los meses de septiembre y noviembre del presente a\u00f1o, a m\u00e1s tardar.<\/p>\n<p>Sin embargo, tal vez, alguno de ellos podr\u00eda acomodarse en alguna de las posiciones menores que se encuentran vac\u00edas desde hace tiempo, incluso en alguna subsecretar\u00eda de menor importancia.<\/p>\n<p>Pero tambi\u00e9n la atenci\u00f3n se centra en el gobierno del Distrito Federal, donde la semana pr\u00f3xima se determinar\u00e1 qu\u00e9 hacer con el \u00a0gabinete renunciado, si alguno de ellos o todos se quedan, si se incorporan otros nombres, hay enroques o cu\u00e1les son los planes del Jefe de Gobierno, Miguel \u00c1ngel Mancera.<\/p>\n<p>La historia es la siguiente, pocos d\u00edas despu\u00e9s de la derrota perredista en la capital del pa\u00eds, se le pidi\u00f3 al Jefe de Gobierno despidiera a los secretarios de Gobierno, H\u00e9ctor Serrano y la de Desarrollo Social, Rosa Icela Rodr\u00edguez, adem\u00e1s del director del Metro, Joel Ortega.<\/p>\n<p>Ante esa petici\u00f3n, Mancera decidi\u00f3 solicitar la renuncia de todo su gabinete, preparar baraja nueva, delinear cu\u00e1les de ellos se quedan y experimentar con enroques, los que dar\u00e1 a conocer la semana pr\u00f3xima.<\/p>\n<p>Entre los personajes que se mencionan para ocupar algunas de las secretar\u00edas que dejar\u00edan vacante sus actuales titulares se mencionan los de los senadores Armando R\u00edos Piter y Alejandra Barrales Magdaleno, ambos ganadores de sus espacios por mayor\u00eda; Manuel Granados, diputado local y Beatriz Mojica, candidata perdedora al gobierno de Guerrero y David Raz\u00fa, igualmente perdedor en Miguel Hidalgo.<\/p>\n<p><em><a href=\"mailto:ramonzurita44@hotmail.com\" target=\"_blank\">ramonzurita44@hotmail.com<\/a><\/em><br \/>\n<a href=\"mailto:%20zurita_sahagun@hotmail.com\" target=\"_blank\"><em>zurita_sahagun@hotmail.com<\/em><\/a><\/p>\n","protected":false},"excerpt":{"rendered":"<p><span style=\"color: #005497;\"><strong>Ram\u00f3n Zurita Sahag\u00fan<\/strong><\/span><\/p>\n","protected":false},"author":3,"featured_media":0,"comment_status":"open","ping_status":"open","sticky":false,"template":"","format":"standard","meta":{"_monsterinsights_skip_tracking":false,"_monsterinsights_sitenote_active":false,"_monsterinsights_sitenote_note":"","_monsterinsights_sitenote_category":0,"footnotes":""},"categories":[234],"tags":[304,43674,43687],"class_list":["post-225000","post","type-post","status-publish","format-standard","hentry","category-ramon-zurita-sahagun","tag-de-frente-y-de-perfil","tag-opinion","tag-ramon-zurita-sahagun"],"_links":{"self":[{"href":"https:\/\/www.diarioimagen.net\/index.php?rest_route=\/wp\/v2\/posts\/225000","targetHints":{"allow":["GET"]}}],"collection":[{"href":"https:\/\/www.diarioimagen.net\/index.php?rest_route=\/wp\/v2\/posts"}],"about":[{"href":"https:\/\/www.diarioimagen.net\/index.php?rest_route=\/wp\/v2\/types\/post"}],"author":[{"embeddable":true,"href":"https:\/\/www.diarioimagen.net\/index.php?rest_route=\/wp\/v2\/users\/3"}],"replies":[{"embeddable":true,"href":"https:\/\/www.diarioimagen.net\/index.php?rest_route=%2Fwp%2Fv2%2Fcomments&post=225000"}],"version-history":[{"count":0,"href":"https:\/\/www.diarioimagen.net\/index.php?rest_route=\/wp\/v2\/posts\/225000\/revisions"}],"wp:attachment":[{"href":"https:\/\/www.diarioimagen.net\/index.php?rest_route=%2Fwp%2Fv2%2Fmedia&parent=225000"}],"wp:term":[{"taxonomy":"category","embeddable":true,"href":"https:\/\/www.diarioimagen.net\/index.php?rest_route=%2Fwp%2Fv2%2Fcategories&post=225000"},{"taxonomy":"post_tag","embeddable":true,"href":"https:\/\/www.diarioimagen.net\/index.php?rest_route=%2Fwp%2Fv2%2Ftags&post=225000"}],"curies":[{"name":"wp","href":"https:\/\/api.w.org\/{rel}","templated":true}]}}