{"id":225115,"date":"2015-07-10T00:06:18","date_gmt":"2015-07-10T05:06:18","guid":{"rendered":"http:\/\/www.diarioimagen.net\/?p=225115"},"modified":"2015-07-13T00:02:26","modified_gmt":"2015-07-13T05:02:26","slug":"lanza-eruviel-avila-campana-contra-violencia-hacia-mujeres","status":"publish","type":"post","link":"https:\/\/www.diarioimagen.net\/?p=225115","title":{"rendered":"Lanza Eruviel \u00c1vila campa\u00f1a contra violencia hacia mujeres"},"content":{"rendered":"<ul>\n<li><strong><em>Pide alerta de g\u00e9nero para 11 municipios<\/em><\/strong><\/li>\n<\/ul>\n<div id=\"attachment_225203\" style=\"width: 250px\" class=\"wp-caption alignleft\"><a href=\"http:\/\/www.diarioimagen.net\/?attachment_id=225203\" rel=\"attachment wp-att-225203\"><img loading=\"lazy\" decoding=\"async\" aria-describedby=\"caption-attachment-225203\" class=\"size-medium wp-image-225203\" src=\"http:\/\/www.diarioimagen.net\/wp-content\/uploads\/2015\/07\/eruviel-2651-240x135.jpg\" alt=\"El gobernador Eruviel \u00c1vila durante la firma del convenio de igualdad de oportunidades con INMujeres.\" width=\"240\" height=\"135\" srcset=\"https:\/\/www.diarioimagen.net\/wp-content\/uploads\/2015\/07\/eruviel-2651-240x135.jpg 240w, https:\/\/www.diarioimagen.net\/wp-content\/uploads\/2015\/07\/eruviel-2651-420x236.jpg 420w, https:\/\/www.diarioimagen.net\/wp-content\/uploads\/2015\/07\/eruviel-2651-235x132.jpg 235w, https:\/\/www.diarioimagen.net\/wp-content\/uploads\/2015\/07\/eruviel-2651-202x114.jpg 202w, https:\/\/www.diarioimagen.net\/wp-content\/uploads\/2015\/07\/eruviel-2651-350x196.jpg 350w, https:\/\/www.diarioimagen.net\/wp-content\/uploads\/2015\/07\/eruviel-2651-220x123.jpg 220w, https:\/\/www.diarioimagen.net\/wp-content\/uploads\/2015\/07\/eruviel-2651-237x132.jpg 237w, https:\/\/www.diarioimagen.net\/wp-content\/uploads\/2015\/07\/eruviel-2651.jpg 480w\" sizes=\"auto, (max-width: 240px) 100vw, 240px\" \/><\/a><p id=\"caption-attachment-225203\" class=\"wp-caption-text\">El gobernador Eruviel \u00c1vila durante la firma del convenio de igualdad de oportunidades con INMujeres.<\/p><\/div>\n<p><strong>Toluca, Estado de M\u00e9xico<\/strong>.- El gobernador Eruviel \u00c1vila Villegas dio a conocer que para fortalecer los programas y acciones en favor de las mujeres, y a\u00fan y cuando en el Estado de M\u00e9xico se registran menos feminicidios por cada 100 mil habitantes con respecto a otras entidades, el gobierno de la entidad decidi\u00f3 promover y solicitar de manera oficial la declaratoria de Alerta de G\u00e9nero en los 11 municipios m\u00e1s poblados de la entidad.<\/p>\n<p>Destac\u00f3 que esto es con la finalidad de hacer uso de todas las herramientas legales y financieras para proteger a\u00fan m\u00e1s a las mujeres, en especial en el rubro de vivir sin violencia, por lo que la medida podr\u00eda implementarse en los municipios de Ecatepec, Nezahualc\u00f3yotl, Valle de Chalco, Toluca, Tlalnepantla, Chimalhuac\u00e1n, Naucalpan, Tultitl\u00e1n, Ixtapaluca, Cuautitl\u00e1n Izcalli y Chalco, que son los que registran la mayor poblaci\u00f3n.<\/p>\n<p>Para ello, inform\u00f3 que gir\u00f3 un oficio al Sistema Nacional para Prevenir, Atender, Sancionar y Erradicar la Violencia contra las Mujeres e instruy\u00f3 al secretario general de Gobierno dar seguimiento a dicha solicitud para obtener una pronta respuesta a este planteamiento, que se realiza tambi\u00e9n haciendo eco de la opini\u00f3n de diversas organizaciones civiles y diputadas de diversos partidos.<\/p>\n<p>\u201cLa alerta nos permitir\u00e1 fortalecer nuestras pol\u00edticas p\u00fablicas en favor de las mujeres e incluso obtener recursos adicionales para canalizarlos al sector.<\/p>\n<p>\u201cY aun cuando la tendencia dice que no somos la entidad con el mayor \u00edndice de estos delitos, nuestro compromiso con las mujeres es tan fuerte, que con un solo caso que exista debemos estar alertas, pues nos preocupa y nos ocupa\u201d, expres\u00f3.<\/p>\n<p>Ante Roberto Campa Cifri\u00e1n, subsecretario de Derechos Humanos de la Secretar\u00eda de Gobernaci\u00f3n y Lorena Cruz S\u00e1nchez, presidenta del Instituto Nacional de las Mujeres, Eruviel \u00c1vila consider\u00f3 que la alerta de g\u00e9nero ser\u00e1 una herramienta m\u00e1s para consolidar los programas y acciones que se llevan a cabo en el Estado de M\u00e9xico para combatir la violencia contra las mujeres, en coordinaci\u00f3n con los gobiernos municipales y el gobierno federal, permitiendo fortalecer las pol\u00edticas p\u00fablicas y obtener recursos adicionales para este sector.<\/p>\n<p>Eruviel \u00c1vila afirm\u00f3 que en el Estado de M\u00e9xico se est\u00e1 en alerta permanente para proteger los derechos de las mujeres y se ha demostrado con hechos, como ser la primera entidad en tipificar el delito de feminicidio con penas que van de los 40 a los 70 a\u00f1os o prisi\u00f3n vitalicia.<\/p>\n<p>Adem\u00e1s, se contemplan agravantes de este il\u00edcito cuando la v\u00edctima es menor de edad, est\u00e9 embarazada o discapacitada, as\u00ed como cuando el responsable sea servidor p\u00fablico o se cometa en transporte p\u00fablico. Cabe destacar que en el Estado de M\u00e9xico se emiti\u00f3 la primera sentencia condenatoria por dicho delito en todo el pa\u00eds, esto en noviembre de 2011.<\/p>\n<p>Puntualiz\u00f3 que, a la fecha, se tienen registrados 209 casos, de los cuales 130, es decir el 63 por ciento, ya fueron judicializados, y 67 ya tienen sentencia condenatoria de alta penalidad. Las cinco sentencias m\u00e1s altas contra feminicidas se han dictado en territorio mexiquense.<\/p>\n<p>Precis\u00f3 que el Estado de M\u00e9xico no tiene la cifra m\u00e1s elevada en cuando a incidencia de feminicidios por cada 100 mil habitantes.<\/p>\n<p>Esto derivado de un estudio elaborado por la Comisi\u00f3n Especial para el Seguimiento de los Feminicidios de la C\u00e1mara de Diputados (LXI Legislatura), INMUJERES y ONU Mujeres, a partir de la informaci\u00f3n que hay en el INEGI, el Secretariado Ejecutivo del Sistema Nacional de Seguridad P\u00fablica y el Consejo Nacional de Poblaci\u00f3n, la entidad ten\u00eda una incidencia de 1.75 casos por cada 100 mil habitantes, una tendencia que se ha mantenido hasta la fecha, mientras otras entidades tienen una incidencia de hasta 6.61.<\/p>\n<p>Adem\u00e1s enumer\u00f3 otras acciones, entre ellas:<\/p>\n<p>La creaci\u00f3n de la subprocuradur\u00eda de Delitos Vinculados a la Violencia de G\u00e9nero, la Fiscal\u00eda de Feminicidio, la Fiscal\u00eda Especializada de Trata de Personas, la Fiscal\u00eda de personas desaparecidas y 14 agencias del Ministerio P\u00fablico, todas con personal capacitado y especializado en investigaciones con perspectiva de g\u00e9nero.<\/p>\n<p>Se pusieron en funcionamiento los Centros de Justicia Especializados para las Mujeres, en Toluca y Cuautitl\u00e1n Izcalli; pr\u00f3ximamente operar\u00e1 el de Amecameca y estamos por iniciar la construcci\u00f3n del de Ecatepec.<\/p>\n","protected":false},"excerpt":{"rendered":"<p>El gobernador Eruviel \u00c1vila Villegas dio a conocer que para fortalecer los programas y acciones en favor de las mujeres, y a\u00fan y cuando en el Estado de M\u00e9xico se registran menos feminicidios por cada 100 mil habitantes con respecto a otras entidades, el gobierno de la entidad decidi\u00f3 promover y solicitar de manera oficial la declaratoria de Alerta de G\u00e9nero en los 11 municipios m\u00e1s poblados de la entidad.<\/p>\n","protected":false},"author":3,"featured_media":225203,"comment_status":"open","ping_status":"open","sticky":false,"template":"","format":"standard","meta":{"_monsterinsights_skip_tracking":false,"_monsterinsights_sitenote_active":false,"_monsterinsights_sitenote_note":"","_monsterinsights_sitenote_category":0,"footnotes":""},"categories":[5],"tags":[5828,43675,452,5066],"class_list":["post-225115","post","type-post","status-publish","format-standard","has-post-thumbnail","hentry","category-estado-de-mexico","tag-eruviel-avila-villegas","tag-estado-de-mexico","tag-toluca","tag-violencia"],"_links":{"self":[{"href":"https:\/\/www.diarioimagen.net\/index.php?rest_route=\/wp\/v2\/posts\/225115","targetHints":{"allow":["GET"]}}],"collection":[{"href":"https:\/\/www.diarioimagen.net\/index.php?rest_route=\/wp\/v2\/posts"}],"about":[{"href":"https:\/\/www.diarioimagen.net\/index.php?rest_route=\/wp\/v2\/types\/post"}],"author":[{"embeddable":true,"href":"https:\/\/www.diarioimagen.net\/index.php?rest_route=\/wp\/v2\/users\/3"}],"replies":[{"embeddable":true,"href":"https:\/\/www.diarioimagen.net\/index.php?rest_route=%2Fwp%2Fv2%2Fcomments&post=225115"}],"version-history":[{"count":0,"href":"https:\/\/www.diarioimagen.net\/index.php?rest_route=\/wp\/v2\/posts\/225115\/revisions"}],"wp:featuredmedia":[{"embeddable":true,"href":"https:\/\/www.diarioimagen.net\/index.php?rest_route=\/wp\/v2\/media\/225203"}],"wp:attachment":[{"href":"https:\/\/www.diarioimagen.net\/index.php?rest_route=%2Fwp%2Fv2%2Fmedia&parent=225115"}],"wp:term":[{"taxonomy":"category","embeddable":true,"href":"https:\/\/www.diarioimagen.net\/index.php?rest_route=%2Fwp%2Fv2%2Fcategories&post=225115"},{"taxonomy":"post_tag","embeddable":true,"href":"https:\/\/www.diarioimagen.net\/index.php?rest_route=%2Fwp%2Fv2%2Ftags&post=225115"}],"curies":[{"name":"wp","href":"https:\/\/api.w.org\/{rel}","templated":true}]}}