{"id":225141,"date":"2015-07-10T00:03:24","date_gmt":"2015-07-10T05:03:24","guid":{"rendered":"http:\/\/www.diarioimagen.net\/?p=225141"},"modified":"2015-07-10T05:10:16","modified_gmt":"2015-07-10T10:10:16","slug":"bebe-muere-en-florida-al-ser-olvidado-en-auto","status":"publish","type":"post","link":"https:\/\/www.diarioimagen.net\/?p=225141","title":{"rendered":"Beb\u00e9 muere en Florida al ser olvidado en auto"},"content":{"rendered":"<ul>\n<li><strong><em>Descuido de los padres<\/em><\/strong><\/li>\n<\/ul>\n<div id=\"attachment_225229\" style=\"width: 250px\" class=\"wp-caption alignleft\"><a href=\"http:\/\/www.diarioimagen.net\/?attachment_id=225229\" rel=\"attachment wp-att-225229\"><img loading=\"lazy\" decoding=\"async\" aria-describedby=\"caption-attachment-225229\" class=\"size-medium wp-image-225229\" src=\"http:\/\/www.diarioimagen.net\/wp-content\/uploads\/2015\/07\/BEBE-2651-240x135.jpg\" alt=\"El descuido de padres cobr\u00f3 otra v\u00edctima, al registrarse en Florida la muerte de un beb\u00e9 que fue olvidado dentro de un autom\u00f3vil.\" width=\"240\" height=\"135\" srcset=\"https:\/\/www.diarioimagen.net\/wp-content\/uploads\/2015\/07\/BEBE-2651-240x135.jpg 240w, https:\/\/www.diarioimagen.net\/wp-content\/uploads\/2015\/07\/BEBE-2651-420x236.jpg 420w, https:\/\/www.diarioimagen.net\/wp-content\/uploads\/2015\/07\/BEBE-2651-235x132.jpg 235w, https:\/\/www.diarioimagen.net\/wp-content\/uploads\/2015\/07\/BEBE-2651-202x114.jpg 202w, https:\/\/www.diarioimagen.net\/wp-content\/uploads\/2015\/07\/BEBE-2651-350x196.jpg 350w, https:\/\/www.diarioimagen.net\/wp-content\/uploads\/2015\/07\/BEBE-2651-220x123.jpg 220w, https:\/\/www.diarioimagen.net\/wp-content\/uploads\/2015\/07\/BEBE-2651-237x132.jpg 237w, https:\/\/www.diarioimagen.net\/wp-content\/uploads\/2015\/07\/BEBE-2651.jpg 480w\" sizes=\"auto, (max-width: 240px) 100vw, 240px\" \/><\/a><p id=\"caption-attachment-225229\" class=\"wp-caption-text\">El descuido de padres cobr\u00f3 otra v\u00edctima, al registrarse en Florida la muerte de un beb\u00e9 que fue olvidado dentro de un autom\u00f3vil.<\/p><\/div>\n<p>Un beb\u00e9 de 11 meses muri\u00f3 despu\u00e9s de ser olvidado por sus padres en el interior de un veh\u00edculo estacionado afuera de un apartamento cerca de Fort Lauderdale, Florida, inform\u00f3 la polic\u00eda.<\/p>\n<p>El portavoz de la polic\u00eda de Lauderhill, Gregory Solowsky, dijo a la televisora CBS que los padres del beb\u00e9 y otros cuatro ni\u00f1os descargaron los v\u00edveres del auto la noche del mi\u00e9rcoles y se olvidaron de sacar al menor.<\/p>\n<p>Una hora m\u00e1s tarde los familiares se dieron cuenta que el beb\u00e9 no estaba en casa, fueron al auto y lo encontraron, pero el menor no respond\u00eda.<\/p>\n<p>Luego los param\u00e9dicos administraron resucitaci\u00f3n cardiopulmonar, pero el menor fue declarado muerto la noche del mi\u00e9rcoles en un hospital local.<\/p>\n<p>Los padres cooperan con la investigaci\u00f3n dijo el oficial Gregory Solowsky al se\u00f1alar a la CBS que \u201cen este momento parece ser un tr\u00e1gico accidente\u201d.<\/p>\n<p>La temperatura corporal de un menor se eleva mucho m\u00e1s r\u00e1pido que la de un adulto y encerrado dentro de un auto es muy peligroso, m\u00e1xime que en el sur de Florida las altas temperaturas superan los 30 grados cent\u00edgrados.<\/p>\n<p>Jeanette Fenell fundadora de la organizaci\u00f3n \u201cNi\u00f1os y Autom\u00f3viles\u201d dijo a la cadena ABC que en la mayor\u00eda de los casos los padres simplemente se olvidan de los beb\u00e9s.<\/p>\n<p>Ante el alarmante n\u00famero de este tipo de casos, estados como Tennessee, Virginia, Oklahoma e Indiana han aprobado leyes de \u201cBuen Samaritano\u201d que permiten salvar a un menor si lo observan solo dentro de un auto sin enfrentar cargos.<\/p>\n<p>Otras entidades como Connecticut, Nueva York, Carolina del Norte, del Sur y Kentucky estudian la implementaci\u00f3n de este tipo de leyes.<\/p>\n<p style=\"text-align: center;\"><strong>Abuelo y nieto mueren en el desierto de Arizona <\/strong><\/p>\n<p>En otro caso tr\u00e1gico, un abuelo y su nieto fueron localizados muertos en el desierto del sur de Arizona, horas despu\u00e9s de que los familiares los reportaron como extraviados, inform\u00f3 hoy la Oficina del Sheriff del Condado de Maricopa.<\/p>\n<p>La dependencia detall\u00f3 que Thomas Gillespie, de 64 a\u00f1os, y su nieto Robert Miller, de 12 a\u00f1os, fueron reportados como desaparecidos a las 16:30 horas del mi\u00e9rcoles (00:30 GMT del jueves) y horas m\u00e1s tarde fueron localizados muertos.<\/p>\n<p>La madre del ni\u00f1o llam\u00f3 a la polic\u00eda para notificar que no sab\u00eda nada de ambos desde hac\u00eda m\u00e1s de 24 horas.<\/p>\n<p>El vocero de la Oficina del Sheriff, Chris Hegstrom, dijo que el gerente del hotel donde se alojaban, en Gila Bend, al suroeste de Phoenix, inform\u00f3 que hab\u00eda visto al abuelo y a su nieto salir del hotel antes de las 09:00 horas del martes y que pens\u00f3 que iban a caminar y tomar fotograf\u00edas de la vereda del Batall\u00f3n Morm\u00f3n.<\/p>\n<p>El Batall\u00f3n Morm\u00f3n fue parte del ej\u00e9rcito de Estados Unidos durante la Guerra M\u00e9xico-Estados Unidos y march\u00f3 desde Iowa hasta San Diego.<\/p>\n<p>De acuerdo con los familiares, Gillespie estaba involucrado con un grupo de recreaci\u00f3n y hab\u00eda asumido este verano el proyecto de fotografiar los puntos hist\u00f3ricos de inter\u00e9s a lo largo de la ruta en la parte de Arizona.<\/p>\n<p>Hegstrom inform\u00f3 que los agentes del Sheriff localizaron el autom\u00f3vil de Gillespie alrededor de las 17:30 del mi\u00e9rcoles sobre la carretera estatal 238.<\/p>\n<p>Los investigadores creen que la pareja camin\u00f3 unos ocho o 10 kil\u00f3metros antes de regresar hacia donde estaba el autom\u00f3vil.<\/p>\n<p>Sin embargo, los agentes del Sheriff consideraron que Gillespie se derrumb\u00f3 un kil\u00f3metro despu\u00e9s de emprender el camino de regreso, dijo Hegstrom.<\/p>\n<p>Su nieto, Robert, que ten\u00eda las llaves de su abuelo cuando lo encontraron, estaba a unos dos kil\u00f3metros del lugar donde hab\u00eda quedado el autom\u00f3vil, cuando se derrumb\u00f3.<\/p>\n<p>Ni Gillespie ni su nieto tra\u00edan un tel\u00e9fono ni llevaban consigo comida o agua, cuando fueron encontrados, cerca de las 23:45 horas del mi\u00e9rcoles.<\/p>\n<p>&nbsp;<\/p>\n","protected":false},"excerpt":{"rendered":"<p>Un beb\u00e9 de 11 meses muri\u00f3 despu\u00e9s de ser olvidado por sus padres en el interior de un veh\u00edculo estacionado afuera de un apartamento cerca de Fort Lauderdale, Florida, inform\u00f3 la polic\u00eda.<\/p>\n","protected":false},"author":3,"featured_media":225229,"comment_status":"open","ping_status":"open","sticky":false,"template":"","format":"standard","meta":{"_monsterinsights_skip_tracking":false,"_monsterinsights_sitenote_active":false,"_monsterinsights_sitenote_note":"","_monsterinsights_sitenote_category":0,"footnotes":""},"categories":[9],"tags":[4584,3577,1359,2343,43679],"class_list":["post-225141","post","type-post","status-publish","format-standard","has-post-thumbnail","hentry","category-mundo","tag-auto","tag-bebe","tag-florida","tag-muere","tag-mundo"],"_links":{"self":[{"href":"https:\/\/www.diarioimagen.net\/index.php?rest_route=\/wp\/v2\/posts\/225141","targetHints":{"allow":["GET"]}}],"collection":[{"href":"https:\/\/www.diarioimagen.net\/index.php?rest_route=\/wp\/v2\/posts"}],"about":[{"href":"https:\/\/www.diarioimagen.net\/index.php?rest_route=\/wp\/v2\/types\/post"}],"author":[{"embeddable":true,"href":"https:\/\/www.diarioimagen.net\/index.php?rest_route=\/wp\/v2\/users\/3"}],"replies":[{"embeddable":true,"href":"https:\/\/www.diarioimagen.net\/index.php?rest_route=%2Fwp%2Fv2%2Fcomments&post=225141"}],"version-history":[{"count":0,"href":"https:\/\/www.diarioimagen.net\/index.php?rest_route=\/wp\/v2\/posts\/225141\/revisions"}],"wp:featuredmedia":[{"embeddable":true,"href":"https:\/\/www.diarioimagen.net\/index.php?rest_route=\/wp\/v2\/media\/225229"}],"wp:attachment":[{"href":"https:\/\/www.diarioimagen.net\/index.php?rest_route=%2Fwp%2Fv2%2Fmedia&parent=225141"}],"wp:term":[{"taxonomy":"category","embeddable":true,"href":"https:\/\/www.diarioimagen.net\/index.php?rest_route=%2Fwp%2Fv2%2Fcategories&post=225141"},{"taxonomy":"post_tag","embeddable":true,"href":"https:\/\/www.diarioimagen.net\/index.php?rest_route=%2Fwp%2Fv2%2Ftags&post=225141"}],"curies":[{"name":"wp","href":"https:\/\/api.w.org\/{rel}","templated":true}]}}