{"id":225173,"date":"2015-07-10T00:02:33","date_gmt":"2015-07-10T05:02:33","guid":{"rendered":"http:\/\/www.diarioimagen.net\/?p=225173"},"modified":"2015-07-13T03:48:38","modified_gmt":"2015-07-13T08:48:38","slug":"ohl-empresa-incomoda-sin-pesquisas-serias","status":"publish","type":"post","link":"https:\/\/www.diarioimagen.net\/?p=225173","title":{"rendered":"OHL, empresa inc\u00f3moda, sin pesquisas serias"},"content":{"rendered":"<h2>Poder y dinero<\/h2>\n<h5>V\u00edctor S\u00e1nchez Ba\u00f1os<\/h5>\n<p>&nbsp;<\/p>\n<p style=\"text-align: right;\"><em>En su lucha contra el individuo, la sociedad tiene tres armas: ley, opini\u00f3n p\u00fablica y conciencia.<br \/>\n<strong>William Somerset Maugham (1874-1965) Escritor<\/strong><\/em><\/p>\n<p>Esc\u00e1ndalo tras esc\u00e1ndalo, reconocimiento de fraudes multimillonarios y sobre todo el involucramiento, as\u00ed como la renuncia de funcionarios p\u00fablicos y de sus empleados de alto rango, la constructora OHL se convirti\u00f3 en un dolor de muelas para el gobierno federal, as\u00ed como a los estatales de Puebla y Edomex.<\/p>\n<p>Y, no es para menos. De ser ciertas las grabaciones difundidas en Youtube sobre corrupci\u00f3n de funcionarios p\u00fablicos, deber\u00edan haberse iniciado investigaciones judiciales y penales. Esto no ha ocurrido.<\/p>\n<p>Asimismo, son muchas las grabaciones difundidas y en el an\u00e1lisis de las mismas poco espacio hay para las dudas sobre el cinismo y la alegr\u00eda con que se maneja la violaci\u00f3n de los t\u00edtulos de concesi\u00f3n.<\/p>\n<p>Por si fuera poco, OHL que en M\u00e9xico preside Jos\u00e9 Andr\u00e9s de Oteyza, increment\u00f3 desmedidamente las tarifas de las concesiones que le prest\u00f3 por un tiempo el gobierno mexicano. Sus servicios son exageradamente caros a comparaci\u00f3n con los que tienen en otros pa\u00edses y muy especialmente en Espa\u00f1a.<\/p>\n<p>A todo ello, las grabaciones en las que se involucran a funcionarios de todos niveles en el pa\u00eds, simplemente son descalificadas cuando deber\u00edan investigarse a fondo, publicarse dict\u00e1menes periciales de las mismas e investigar, caiga quien caiga. Si son inocentes, pues que su honorabilidad quede fuera de toda duda.<\/p>\n<p>La inmovilidad sobre este caso genera sospechas a la clase pol\u00edtica.<\/p>\n<p><strong>PODEROSOS CABALLEROS<\/strong>.- Arturo Zamora, senador por Jalisco, me coment\u00f3 en entrevista con Proyecto 40, para el programa \u201cDesde las C\u00e1maras\u201d, que la reforma pol\u00edtica aprobada el a\u00f1o pasado, super\u00f3 la prueba de fuego de las elecciones de junio pasado. Sin embargo, es una legislaci\u00f3n perfectible.<\/p>\n<p>Por el momento no hay planes de reformarla para evitar que los pr\u00f3fugos partidistas se enlisten como independientes, como ocurri\u00f3 en Chihuahua, con la Ley C\u00e9sar Duarte. *** Grave desorden en las empresas de seguridad privada. De acuerdo con la Asociaci\u00f3n Mexicana de Empresas de Seguridad Privada, que preside Marco Antonio Sosa Ordo\u00f1o, denunci\u00f3 que en el pa\u00eds s\u00f3lo existen registradas ante el gobierno federal, 895 empresas de este tipo. Otras 2 mil pudieran tener permisos locales o estatales sin tener el federal y el resto no est\u00e1n reguladas. Es decir, el n\u00famero de las empresas irregulares, son m\u00e1s del 50 por ciento de las establecidas una vez que se estima que existan 6 mil. Seguridad privada, en muchos casos en manos de desconocidos y sin conocimiento en el ramo. *** Hacienda no deja de poner el dedo en el rengl\u00f3n de homologar el IVA a alimentos y medicinas. Esto debe manejarse con mucho tiento, sobre todo para no aniquilar los ingresos de quienes gastan m\u00e1s del 80% de su salario en ese rubro. Las medicinas, no deber\u00edan pagar IVA y por el contrario, estimular la competencia y exigir a los laboratorios m\u00e1s responsabilidad en el manejo de sus f\u00f3rmulas. En medicinas gen\u00e9ricas para pobres e instituciones p\u00fablicas, dan menor cantidad y calidad de sustancias activas a diferencia de las de patente. Este tema empieza a calentarse en la Cofepris, de Mikel Arriola. *** Con una inversi\u00f3n de 20 millones de d\u00f3lares, Frialsa Frigor\u00edfico, empresa de almacenaje y distribuci\u00f3n de productos refrigerados, que dirige Luis Jorba Servitje, inaugur\u00f3 su centro de distribuci\u00f3n 22, en el estado de Hidalgo, entidad gobernada por Francisco Olvera.<\/p>\n<p><strong>RESPONSABILIDAD SOCIAL CORPORATIVA<\/strong>.- Durante la sesi\u00f3n anual de Pacto Mundial de las Naciones Unidas, celebrada en la sede de la ONU, la Red Mexicana, que preside Gustavo P\u00e9rez Berlanga, recibi\u00f3 el reconocimiento como una de las mejores en el mundo. La Red Pacto Mundial de la ONU es un llamado a las empresas para dirigir sus esfuerzos a la defensa de los derechos humanos y laborales, la protecci\u00f3n ambiental y la anti-corrupci\u00f3n. Es mediante este tipo de acciones que se reconoce a nivel global el trabajo realizado por empresarios mexicanos en beneficio de la sociedad. El comit\u00e9 de Pacto Mundial M\u00e9xico est\u00e1 integrado por ICA, de Alonso Quintana; Telef\u00f3nica, de Francisco Gil; Aeropuertos del Sureste, de Fernando Chico Pardo; Cemex, de Rogelio Zambrano; Ipade, de Rafael G\u00f3mez Nava, Xcaret, de Miguel Quintana Pali, entre otras.<\/p>\n<p><a href=\"mailto:vsanchezb@gmail.com\" target=\"_blank\"><em>vsanchezb@gmail.com<\/em><\/a><\/p>\n<p><em>Twitter, Facebook y Printerest:<strong> vsanchezbano<\/strong><\/em><\/p>\n","protected":false},"excerpt":{"rendered":"<p><span style=\"color: #005497;\"><strong>V\u00edctor S\u00e1nchez Ba\u00f1os<\/strong><\/span><\/p>\n","protected":false},"author":3,"featured_media":0,"comment_status":"open","ping_status":"open","sticky":false,"template":"","format":"standard","meta":{"_monsterinsights_skip_tracking":false,"_monsterinsights_sitenote_active":false,"_monsterinsights_sitenote_note":"","_monsterinsights_sitenote_category":0,"footnotes":""},"categories":[38844],"tags":[43674,38847,38848],"class_list":["post-225173","post","type-post","status-publish","format-standard","hentry","category-victor-sanchez-banos","tag-opinion","tag-poder-y-dinero","tag-victor-sanchez-banos"],"_links":{"self":[{"href":"https:\/\/www.diarioimagen.net\/index.php?rest_route=\/wp\/v2\/posts\/225173","targetHints":{"allow":["GET"]}}],"collection":[{"href":"https:\/\/www.diarioimagen.net\/index.php?rest_route=\/wp\/v2\/posts"}],"about":[{"href":"https:\/\/www.diarioimagen.net\/index.php?rest_route=\/wp\/v2\/types\/post"}],"author":[{"embeddable":true,"href":"https:\/\/www.diarioimagen.net\/index.php?rest_route=\/wp\/v2\/users\/3"}],"replies":[{"embeddable":true,"href":"https:\/\/www.diarioimagen.net\/index.php?rest_route=%2Fwp%2Fv2%2Fcomments&post=225173"}],"version-history":[{"count":0,"href":"https:\/\/www.diarioimagen.net\/index.php?rest_route=\/wp\/v2\/posts\/225173\/revisions"}],"wp:attachment":[{"href":"https:\/\/www.diarioimagen.net\/index.php?rest_route=%2Fwp%2Fv2%2Fmedia&parent=225173"}],"wp:term":[{"taxonomy":"category","embeddable":true,"href":"https:\/\/www.diarioimagen.net\/index.php?rest_route=%2Fwp%2Fv2%2Fcategories&post=225173"},{"taxonomy":"post_tag","embeddable":true,"href":"https:\/\/www.diarioimagen.net\/index.php?rest_route=%2Fwp%2Fv2%2Ftags&post=225173"}],"curies":[{"name":"wp","href":"https:\/\/api.w.org\/{rel}","templated":true}]}}