{"id":225383,"date":"2015-07-13T00:01:20","date_gmt":"2015-07-13T05:01:20","guid":{"rendered":"http:\/\/www.diarioimagen.net\/?p=225383"},"modified":"2015-07-14T01:58:20","modified_gmt":"2015-07-14T06:58:20","slug":"en-julio-se-celebran-ocho-anos-de-que-machu-picchu-fue-declarada-nueva-maravilla-del-mundo","status":"publish","type":"post","link":"https:\/\/www.diarioimagen.net\/?p=225383","title":{"rendered":"En julio se celebran ocho a\u00f1os de que Machu Picchu fue declarada \u2018Nueva maravilla del mundo\u2019"},"content":{"rendered":"<h2>De cinco estrellas<\/h2>\n<h5>Victoria Gonz\u00e1lez Prado<\/h5>\n<p>&nbsp;<\/p>\n<ul>\n<li><em><strong>Abrir\u00e1n 50 hoteles en \u00c1frica entre 2015 y 2017, de la cadena francesa Accor, lo que se traducir\u00e1 en m\u00e1s de 6 mil 200 habitaciones<\/strong><\/em><\/li>\n<li><em><strong>Hola present\u00f3 en Canc\u00fan los casos de \u00e9xito del sector hotelero, donde la empresa ha desatado el poder de la tecnolog\u00eda<\/strong><\/em><\/li>\n<li><em><strong>Un vanguardista men\u00fa con lo mejor de la comida mexicana y la experiencia de la alta cocina francesa, del 20 de julio al 30 de septiembre<\/strong><\/em><\/li>\n<\/ul>\n<div id=\"attachment_225471\" style=\"width: 250px\" class=\"wp-caption alignleft\"><a href=\"http:\/\/www.diarioimagen.net\/?attachment_id=225471\" rel=\"attachment wp-att-225471\"><img loading=\"lazy\" decoding=\"async\" aria-describedby=\"caption-attachment-225471\" class=\"size-medium wp-image-225471\" src=\"http:\/\/www.diarioimagen.net\/wp-content\/uploads\/2015\/07\/turismo-2652-240x135.jpg\" alt=\"Machu Picchu.\" width=\"240\" height=\"135\" srcset=\"https:\/\/www.diarioimagen.net\/wp-content\/uploads\/2015\/07\/turismo-2652-240x135.jpg 240w, https:\/\/www.diarioimagen.net\/wp-content\/uploads\/2015\/07\/turismo-2652-420x236.jpg 420w, https:\/\/www.diarioimagen.net\/wp-content\/uploads\/2015\/07\/turismo-2652-235x132.jpg 235w, https:\/\/www.diarioimagen.net\/wp-content\/uploads\/2015\/07\/turismo-2652-202x114.jpg 202w, https:\/\/www.diarioimagen.net\/wp-content\/uploads\/2015\/07\/turismo-2652-350x196.jpg 350w, https:\/\/www.diarioimagen.net\/wp-content\/uploads\/2015\/07\/turismo-2652-220x123.jpg 220w, https:\/\/www.diarioimagen.net\/wp-content\/uploads\/2015\/07\/turismo-2652-237x132.jpg 237w, https:\/\/www.diarioimagen.net\/wp-content\/uploads\/2015\/07\/turismo-2652.jpg 480w\" sizes=\"auto, (max-width: 240px) 100vw, 240px\" \/><\/a><p id=\"caption-attachment-225471\" class=\"wp-caption-text\">Machu Picchu.<\/p><\/div>\n<p>En 2007, la empresa\u00a0<em>New Open World Corporation<\/em>\u00a0organiz\u00f3 un concurso a nivel mundial para elegir las Siete Nuevas Maravillas del mundo moderno, a iniciativa del empresario suizo <strong>Bernard Weber<\/strong>; el 7 de julio de ese a\u00f1o millones de votantes consagraron a Machu Picchu dentro de este ranking.<\/p>\n<p>En el siglo XV, el emperador inca, Pachac\u00fatec, construy\u00f3 una ciudad en las nubes en la monta\u00f1a conocida como Machu Picchu, que quiere decir monta\u00f1a vieja. Este asentamiento extraordinario se encuentra a medio camino encima de la meseta de los Andes, al lado del r\u00edo Urubamba.<\/p>\n<p>Fue abandonada por los incas debido a la llegada de los espa\u00f1oles. Permaneci\u00f3 \u201cperdida\u201d m\u00e1s de tres siglos hasta que en 1911, fue redescubierta por <strong>Hiram Bingham<\/strong>.<\/p>\n<p>\u2730\u2730\u2730\u2730\u2730 La cadena hotelera <em>AccorHotels<\/em> sell\u00f3 una sociedad exclusiva con la compa\u00f1\u00eda m\u00e1s grande de Angola <em>AAA Activos LDA<\/em>, para abrir 50 hoteles (m\u00e1s de 6 mil 200 habitaciones) en Angola desde lujosos hasta econ\u00f3micos entre 2015 y 2017.<\/p>\n<p>\u201cEste establecimiento hist\u00f3rico testifica la ambici\u00f3n de la cadena hotelera francesa en \u00c1frica, donde el turismo se est\u00e1 desarrollando r\u00e1pidamente\u201d, dice <strong>Sebastien Bazin<\/strong>, director y CEO de de la cadena. \u201cAngola tiene 25 millones de habitantes, de los cuales el 40% est\u00e1n en edad de trabajar. Por lo tanto, 3 mil empleados ser\u00e1n contratados localmente en una gran secci\u00f3n de trabajos en el \u00e1rea de hospitalidad, que van desde servicio de restaurante a posiciones ejecutivas: El grupo se compromete a capacitar a los empleados\u201d.<\/p>\n<p><strong>Carlos Manuel de Sao Vicente<\/strong>, director de AAA, enfatiz\u00f3 que esta colaboraci\u00f3n con <em>AccorHotels<\/em> fue una alianza sin precedentes en la industria global de la hospitalidad en Angola y que apunta a cubrir una creciente demanda internacional, con una red que cubre todo el territorio.<\/p>\n<p>\u201cAngola est\u00e1 diversificando la econom\u00eda para reducir la dependencia de la econom\u00eda en el mineral, es decir la industria del petr\u00f3leo y los diamantes. AAA ya est\u00e1 contribuyendo para lograr este rol estrat\u00e9gico al invertir en la construcci\u00f3n de una cadena nacional de 50 hoteles en todas las provincias capitales y una cadena de tres centros log\u00edsticos para abastecer a los hoteles. Ahora hemos establecido una sociedad con la cadena francesa para administrar los hoteles, capacitar a los angole\u00f1os y proveer servicios hospitalarios en todos los hoteles con est\u00e1ndares de calidad internacional con un sabor franc\u00e9s y un toque angole\u00f1o. Estamos seguros que Angola se convertir\u00e1 pr\u00f3ximamente en un gran jugador en la actividad de turismo y hospitalidad en \u00c1frica. Ser\u00e1 un destino tur\u00edstico grande. Nuestros 50 hoteles ayudar\u00e1n a estimularlo nacional e internacionalmente\u201d.<\/p>\n<p>AAA es una corporaci\u00f3n angole\u00f1a grande, conocida por su liderazgo en el seguro de petr\u00f3leo y en inversiones. Comenz\u00f3 como un proveedor especializado en el manejo de riesgos en servicios financieros y ha llevado el mercado de los co-seguros en el sector petrolero angole\u00f1o desde el 2000. Tambi\u00e9n opera en el reaseguro petrolero y agencia de corredores en Reino Unido y las Bermudas.<\/p>\n<p>Durante los siguientes dos a\u00f1os, 50 hoteles ser\u00e1n abiertos en ubicaciones estrat\u00e9gicas, tales como Luanda, la capital de Angola, y las 17 provincias capitales: seis hoteles en 2015, 22 en 2016 y 22 en 2017. La oferta cubrir\u00e1 todos los segmentos del mercado hotelero, desde lujo hasta la econ\u00f3mica. Habr\u00e1 <em>ibis Styles,<\/em> <em>Mercure,<\/em> y <em>Sofitel. <\/em><\/p>\n<p>\u2730\u2730\u2730\u2730\u2730 Hola present\u00f3 en Canc\u00fan los casos de \u00e9xito del sector hotelero donde la empresa ha desatado el poder de la tecnolog\u00eda al aplicar sus soluciones especializadas.<\/p>\n<p>Durante el evento denominado \u201cEl Sabor de Ti en los Negocios\u201d organizado por ho1a, <strong>Elliott Ortega<\/strong>, director de Infraestructura y Tecnolog\u00eda de <em>BestDay,<\/em> agencia de viajes en l\u00ednea explic\u00f3 que la industria de agencias de viajes enfrenta muchos nuevos retos ya que los hoteles han comenzado a operar sus propias plataformas de comercio electr\u00f3nico y de reservaciones, de modo que ya no contratan los servicios de agencias tradicionales o digitales. Por esa raz\u00f3n, la <em>online<\/em> decidi\u00f3 actualizarse y estar a la vanguardia en t\u00e9rminos de atenci\u00f3n a clientes y adquirieron los servicios de Ho1a.<\/p>\n<p>\u201cSe opt\u00f3 por una soluci\u00f3n B2C, servicio de <em>call center<\/em> de Ho1a, con \u00e9l logramos personalizar la atenci\u00f3n, adem\u00e1s de crear un diferenciador ante nuestros clientes\u201d, coment\u00f3 Ortega quien record\u00f3 tambi\u00e9n que han trabajado con ho1a durante ocho a\u00f1os continuos en los que nos han ayudado a crecer, automatizar, para acercarnos a los <em>partners, <\/em>entender un poco m\u00e1s de lo que tenemos instalado y que esto sea m\u00e1s eficiente\u201d, destac\u00f3 el directivo.<\/p>\n<p>Por su parte, <strong>Carlos Gonz\u00e1lez Alvarado<\/strong>, gerente Corporativo TI de <em>Royal Resorts,<\/em> dijo que su principal desaf\u00edo radica en lograr cambios tecnol\u00f3gicos que se traduzcan en efectos positivos para sus consumidores.<\/p>\n<p>El grupo hotelero que cuenta con varios hoteles en Quintana Roo y en el Caribe, no puede perder la continuidad de sus operaciones, por lo que decidieron adquirir la soluci\u00f3n de comunicaci\u00f3n junto con, el soporte experto en la planeaci\u00f3n e implementaci\u00f3n con el fin de atender a sus 70 mil socios activos, detall\u00f3 <strong>Gonz\u00e1lez<\/strong>.<\/p>\n<p>\u201cLa seriedad y experiencia de la empresa tecnol\u00f3gica brinda la seguridad de saber que las operaciones tendr\u00e1n la continuidad que el grupo hotelero necesita\u201d, asegur\u00f3 el gerente.<\/p>\n<p>Durante el evento, que invito a todos los participantes a probar El Sabor de Ti en los Negocios; <strong>Roberto De La Mora<\/strong>, CMO y director de Mercadotecnia, Innovaci\u00f3n y Desarrollo de Negocios de la empresa tecnol\u00f3gica, realiz\u00f3 la presentaci\u00f3n \u201cTransformando el Servicio al Cliente &#8211; Oportunidades habilitadas por el Internet de las Cosas (IoT)\u201d.<\/p>\n<p>\u201cEl IoT es la nueva plataforma econ\u00f3mica y tecnol\u00f3gica y est\u00e1 transformando la experiencia del cliente mediante la automatizaci\u00f3n, el uso de <em>Big Data<\/em> y <em>analytics,<\/em> que permiten pasar de un estado reactivo a uno proactivo\u201d, finaliz\u00f3.<\/p>\n<p>\u2730\u2730\u2730\u2730\u2730 Un vanguardista men\u00fa que combina lo mejor de la comida mexicana con la experiencia de la alta cocina francesa, se presentar\u00e1 del 20 de julio al 30 de septiembre en la Fonda Mexicana.<\/p>\n<p>El chef <strong>Gayt\u00e1n<\/strong>, por cierto del restaurante <em>Mexique,<\/em> el segundo mejor de Chicago, fue quien se refiri\u00f3 al men\u00fa y estuvo acompa\u00f1ado por <strong>Joaqu\u00edn Vargas Mier y Ter\u00e1n<\/strong>, presidente ejecutivo de CMR y <strong>Pamela Esquivel<\/strong>, responsable de las creaciones gastron\u00f3micas del restaurante.<\/p>\n<p>Los comensales degustaron los tres tirados y el trio de cazuelitas como entrada. Pescado pastoreado, medall\u00f3n con salsa de piloncillo al chipotle; envuelto de pollo con arroz cremoso de huitlacoche, maridado con vino tinto, rosado y blanco, y de postre pan de nata con cajeta y un cremoso de chocolate.<\/p>\n<p><strong>Dulce Figueroa<\/strong>, gerente de Mercadotecnia de CMR y <strong>Paula Castej\u00f3n<\/strong>, directora de Comunicaci\u00f3n y Relaciones P\u00fablicas, participaron en un panel con preguntas relacionadas a la creaci\u00f3n de esta muestra. As\u00ed, se conoci\u00f3 a detalle c\u00f3mo surgi\u00f3 esta colaboraci\u00f3n y cu\u00e1l fue el proceso para llegar al resultado.<\/p>\n<p>Cabe destacar que<strong> Carlos Gayt\u00e1n<\/strong>, es el primer chef mexicano reconocido con una estrella Michelin, presenta una revoluci\u00f3n de la cocina de nuestro pa\u00eds, aport\u00e1ndole creatividad, ligereza, modernidad y un toque de influencia francesa. El festival estar\u00e1 en todas las sucursales del restaurante.<\/p>\n<p><em><i><a href=\"mailto:victoriagprado@gmail.com\" target=\"_blank\">victoriagprado@gmail.com<\/a><\/i><\/em><\/p>\n","protected":false},"excerpt":{"rendered":"<p>En 2007, la empresa <em>New Open World Corporation<\/em> organiz\u00f3 un concurso a nivel mundial para elegir las Siete Nuevas Maravillas del mundo moderno, a iniciativa del empresario suizo <strong>Bernard Weber<\/strong>; el 7 de julio de ese a\u00f1o millones de votantes consagraron a Machu Picchu dentro de este ranking.<\/p>\n","protected":false},"author":3,"featured_media":225471,"comment_status":"open","ping_status":"open","sticky":false,"template":"","format":"standard","meta":{"_monsterinsights_skip_tracking":false,"_monsterinsights_sitenote_active":false,"_monsterinsights_sitenote_note":"","_monsterinsights_sitenote_category":0,"footnotes":""},"categories":[11],"tags":[107,43674,43681,106],"class_list":["post-225383","post","type-post","status-publish","format-standard","has-post-thumbnail","hentry","category-turismo","tag-de-cinco-estrellas","tag-opinion","tag-turismo","tag-victoria-gonzalez-prado"],"_links":{"self":[{"href":"https:\/\/www.diarioimagen.net\/index.php?rest_route=\/wp\/v2\/posts\/225383","targetHints":{"allow":["GET"]}}],"collection":[{"href":"https:\/\/www.diarioimagen.net\/index.php?rest_route=\/wp\/v2\/posts"}],"about":[{"href":"https:\/\/www.diarioimagen.net\/index.php?rest_route=\/wp\/v2\/types\/post"}],"author":[{"embeddable":true,"href":"https:\/\/www.diarioimagen.net\/index.php?rest_route=\/wp\/v2\/users\/3"}],"replies":[{"embeddable":true,"href":"https:\/\/www.diarioimagen.net\/index.php?rest_route=%2Fwp%2Fv2%2Fcomments&post=225383"}],"version-history":[{"count":0,"href":"https:\/\/www.diarioimagen.net\/index.php?rest_route=\/wp\/v2\/posts\/225383\/revisions"}],"wp:featuredmedia":[{"embeddable":true,"href":"https:\/\/www.diarioimagen.net\/index.php?rest_route=\/wp\/v2\/media\/225471"}],"wp:attachment":[{"href":"https:\/\/www.diarioimagen.net\/index.php?rest_route=%2Fwp%2Fv2%2Fmedia&parent=225383"}],"wp:term":[{"taxonomy":"category","embeddable":true,"href":"https:\/\/www.diarioimagen.net\/index.php?rest_route=%2Fwp%2Fv2%2Fcategories&post=225383"},{"taxonomy":"post_tag","embeddable":true,"href":"https:\/\/www.diarioimagen.net\/index.php?rest_route=%2Fwp%2Fv2%2Ftags&post=225383"}],"curies":[{"name":"wp","href":"https:\/\/api.w.org\/{rel}","templated":true}]}}