{"id":225385,"date":"2015-07-13T00:01:10","date_gmt":"2015-07-13T05:01:10","guid":{"rendered":"http:\/\/www.diarioimagen.net\/?p=225385"},"modified":"2015-07-13T03:45:55","modified_gmt":"2015-07-13T08:45:55","slug":"inocultable-corrupcion-en-fuga-de-el-chapo","status":"publish","type":"post","link":"https:\/\/www.diarioimagen.net\/?p=225385","title":{"rendered":"Inocultable corrupci\u00f3n en fuga de \u201cEl Chapo\u201d"},"content":{"rendered":"<h2>\u201cHora 14\u201d<\/h2>\n<h5>Mauricio Conde Olivares<\/h5>\n<p>&nbsp;<\/p>\n<p>Ahora que Joaqu\u00edn\u00a0 \u201cEl Chapo\u201d Guzm\u00e1n Loera entr\u00f3 al libro de Records Guinness, al escaparse ya dos veces de un penal de m\u00e1xima seguridad en M\u00e9xico, convendr\u00eda analizar cu\u00e1nto dinero cost\u00f3 la corrupci\u00f3n alrededor de esta fuga de pel\u00edcula, sobre todo si consideramos que los impactos de la violencia y el crimen organizado le han significado a la econom\u00eda nacional la suma de 221.4 mil millones de d\u00f3lares en 2014.<\/p>\n<p>Esta cifra, seg\u00fan el \u00cdndice Global de Paz 2015, publicado por el Centro de Investigaciones Globales del\u00a0Instituto para la Econom\u00eda y la Paz (Institute for Economics and Peace, IEP), equivale a 10.3% del Producto Interno Bruto (PIB), es decir, como a mil 810 d\u00f3lares por persona.<\/p>\n<p>Al respecto, Juan Pardinas, titular del IMCO reiter\u00f3 a HORA 14, que \u201cmientras esa erosi\u00f3n que es la corrupci\u00f3n no se resuelva, va a ser imposible plantear c\u00f3mo mejorar, no s\u00f3lo el \u00edndice de paz, sino las condiciones de vida de los mexicanos\u201d.<\/p>\n<p>El \u00cdndice Global de Paz 2015 tambi\u00e9n se\u00f1ala que el pa\u00eds bajo el manto de una corrupci\u00f3n galopante se ha deteriorado 24% en los \u00faltimos ocho a\u00f1os, mientras que la tasa de impunidad en homicidios empeor\u00f3 en 24 de las 32 entidades federativas, pues en estados como Guerrero, Morelos y Chihuahua el porcentaje de homicidios impunes creci\u00f3.<\/p>\n<p>Este 2015, las entidades calificadas como las m\u00e1s pacificas son Hidalgo, Yucat\u00e1n, Quer\u00e9taro, Campeche y Tlaxcala, en tanto que en el extremo opuesto se ubicaron Guerrero, Morelos, Sinaloa, Michoac\u00e1n y Guanajuato. Y los estados que experimentaron un mayor deterioro en su \u00edndice de paz (de entre 42% y 72%) fueron: Colima, Coahuila, Nuevo Le\u00f3n, Morelos, Guanajuato y Aguascalientes.<\/p>\n<p>De las 76 zonas metropolitanas m\u00e1s grandes de M\u00e9xico, la m\u00e1s pac\u00edfica es Orizaba en Veracruz y la menos pac\u00edfica es Culiac\u00e1n en Sinaloa. La regi\u00f3n del este se mantiene como la m\u00e1s pac\u00edfica de M\u00e9xico, en tanto que la del norte es todav\u00eda la m\u00e1s violenta; sin embargo, la brecha entre el norte y otras regiones se encuentra ahora en su punto m\u00e1s bajo desde 2004.<\/p>\n<p>Adem\u00e1s, M\u00e9xico retrocedi\u00f3 seis lugares en el \u00cdndice Global de Paz 2015, al colocarse en la posici\u00f3n 144 de un total de 162 pa\u00edses y en la pasada edici\u00f3n de HORA 14, con fecha 22 de junio, difundi\u00f3 DIARIOIMAGEN, que M\u00e9xico a nivel de Centroam\u00e9rica y el Caribe somos el pa\u00eds con la m\u00e1s baja calificaci\u00f3n, donde alcanzamos el \u00faltimo lugar de 12 posibles, al considerarse el nivel de seguridad y protecci\u00f3n a la sociedad, detr\u00e1s de Costa Rica, Panam\u00e1, Nicaragua, Cuba, Trinidad y Tobago, Hait\u00ed, Dominicana, Jamaica, Honduras, Guatemala y El Salvador, en ese orden.<\/p>\n<p>El \u00cdndice de Paz Global 2015 revela un mundo cada vez m\u00e1s dividido entre pa\u00edses que est\u00e1n disfrutando de paz y prosperidad sin precedentes, y pa\u00edses sucumbiendo m\u00e1s y m\u00e1s en violencia y conflicto. De todos los indicadores, s\u00f3lo dos han mejorado notablemente desde el 2008: el fondo para el mantenimiento de la paz de las Naciones Unidas\u00a0 creci\u00f3, y\u00a0los conflictos externos han disminuido, de mil 982 a 410\u00a0conflictos en los \u00faltimos 8 a\u00f1os.<\/p>\n<p>El a\u00f1o pasado, el impacto econ\u00f3mico total de violencia\u00a0alcanz\u00f3 US 4.3 trillones o 13.14% del PIB.\u00a0Eso es equivalente a la suma de las econom\u00edas de Canad\u00e1, Francia, Alemania, Espa\u00f1a e Inglaterra.<\/p>\n<p>La intensificaci\u00f3n de conflictos civiles y la consecuente crisis de refugiados han estado entre los principales factores responsables del aumento en el costo de la contenci\u00f3n de la violencia global, seg\u00fan el \u00cdndice de Paz Global 2015.<\/p>\n<p>Desde 2008 el impacto econ\u00f3mico total de la violencia ha aumentado en\u00a0US 1.9\u00a0billones (+15.3%). El impacto econ\u00f3mico total de refugiados y desplazados internos se ha incrementado 267% desde 2008, y ahora equivale a\u00a0US 128 mil millones. Sin embargo, el gasto militar, los homicidios y las fuerzas policiales siguen siendo las categor\u00edas m\u00e1s costosas, y en conjunto son responsables del 68.3% del costo total.<\/p>\n<p>As\u00ed, \u00a0es c\u00f3mo el \u00cdndice coloc\u00f3 a M\u00e9xico en la posici\u00f3n 144 de entre 162 pa\u00edses, es decir que s\u00f3lo super\u00f3 a 18 naciones, entre las cuales se destacan Irak, Afganist\u00e1n, Siria, Rusia y Corea del Norte, actualmente todas estas sufren de conflictos internos o b\u00e9licos con otros pa\u00edses. En Am\u00e9rica Latina, nuestro pa\u00eds es el segundo m\u00e1s violento, el primero es Colombia, quien siempre ha ocupado la misma posici\u00f3n desde que se desarroll\u00f3 el IPG en 2008.<\/p>\n<p>Hablar de los negocios de \u201cEl Chapo\u201d en Quintana Roo, seg\u00fan el reporte \u00a0Specially Designated Nationals and Blocked Persons List, del Departamento del Tesoro de Estados Unidos, nos obliga a\u00a0referir \u00a0empresas que fueron sujetas aqu\u00ed a investigaci\u00f3n por parte de la Procuradur\u00eda General de la Rep\u00fablica y autoridades hacendarias, como el caso de la hija de Juan Jos\u00e9 Esparragoza, \u201cEl Azul\u201d, de nombre Brenda Esparragoza Gast\u00e9lum, que operaba la negociaci\u00f3n Desarrollo Arquitect\u00f3nico Fortia, con el Registro Federal de Causantes DAF0301276R6.<\/p>\n<p>Dicha empresa estaba localizada en el lote B, de la manzana 47, regi\u00f3n 92 de Canc\u00fan, y conforme el Departamento del Tesoro, a trav\u00e9s de \u00e9sta se \u201clavaba\u201d dinero procedente de la producci\u00f3n ilegal de anfetaminas por parte de Ezio Benjam\u00edn Figueroa V\u00e1squez y Hassein Eduardo Figueroa G\u00f3mez, mientras que Brenda estaba domiciliada con una oficina de representaci\u00f3n en el lote 1, manzana 11 de la calle Calkin\u00ed, fraccionamiento Sol del Mayab.<\/p>\n<p>Adem\u00e1s, \u00a0Brenda Esparrragoza Gast\u00e9lum ten\u00eda registrada en Canc\u00fan la compa\u00f1\u00eda Socialika Rentas y Catering, con el RFC SRC-080222-274, con sede en el municipio de Zapopan, Jalisco, pero tambi\u00e9n hab\u00eda negocios de Jorge Octavio L\u00f3pez Rodr\u00edguez, presunto v\u00ednculo entre el C\u00e1rtel de Sinaloa con el C\u00e1rtel de Medell\u00edn, para el \u201clavado\u201d de dinero, como el que se ubicaba en la avenida Andr\u00e9s Quintana Roo, denominado \u201cLa Torre y Cumbres Soluciones Inmobiliarias\u201d, que casualmente tambi\u00e9n ten\u00eda su sede en el municipio de Zapopan, Jalisco.<\/p>\n<p>Ya que hablamos de los Esparragoza Gast\u00e9lum, conviene recordar que en abril pasado, autoridades federales detuvieron \u00a0a C\u00e9sar Gast\u00e9lum Serrano, integrante del C\u00e1rtel de Sinaloa y catalogado por el Departamento del Tesoro de EU como uno de los principales proveedores de coca\u00edna para y desde Centroam\u00e9rica hacia territorio estadounidense.<\/p>\n<p>Gast\u00e9lum Serrano, de 47 a\u00f1os, fue detenido por marinos en Canc\u00fan, mientras cambiaba de veh\u00edculo, como medida para no ser identificado, sobre la avenida Kukulc\u00e1n. Durante la detenci\u00f3n se le aseguraron dos veh\u00edculos, 16 cartuchos \u00fatiles, dos celulares, 700 gramos de coca\u00edna y 200 envoltorios con coca\u00edna.<\/p>\n<p>Las autoridades estadounidenses identificaron a Gast\u00e9lum como parte del C\u00e1rtel de Sinaloa y\u00a0uno de los principales proveedores de coca\u00edna para y desde Centroam\u00e9rica, adem\u00e1s de que est\u00e1 incluido en la lista de narcotraficantes m\u00e1s buscados de EU, seg\u00fan Monte Alejandro Rubido, comisionado Nacional de Seguridad.<\/p>\n<p>Gast\u00e9lum manten\u00eda una amplia \u00a0red criminal que le permit\u00eda transportar m\u00faltiples toneladas de droga, adem\u00e1s ten\u00eda compa\u00f1\u00edas en M\u00e9xico y Centroam\u00e9rica valuadas en varios millones de pesos, entre ellas una de construcci\u00f3n de andamios, que utilizaba para el tr\u00e1fico de droga.<\/p>\n<p>Esta empresa, dirigida por Francisco Javier Gast\u00e9lum, hermano del detenido, fue sancionada en febrero pasado por el Departamento del Tesoro, con lo que quedaron congelados todos sus activos financieros que pueda tener bajo jurisdicci\u00f3n estadounidense, y se prohibi\u00f3 \u00a0que ciudadanos estadounidenses realicen operaciones financieras con \u00e9l.<\/p>\n<p>Seg\u00fan las investigaciones mexicanas, tras sentirse amenazado, Gast\u00e9lum se traslad\u00f3 a San Pedro Sula, en Honduras, pues es socio de la principal organizaci\u00f3n criminal de ese pa\u00eds, liderada por los hermanos Valle. Tambi\u00e9n est\u00e1 vinculado al homicidio de altos mandos de la polic\u00eda de ese pa\u00eds centroamericano.<\/p>\n<p>El detenido era traficante y distribuidor de coca\u00edna a gran escala desde Colombia, Honduras y Guatemala a M\u00e9xico, hacia Estados Unidos como destino final. Tambi\u00e9n se le consideraba como presunto socio de los l\u00edderes del c\u00e1rtel de Sinaloa: Ismael \u201cEl Mayo\u201d Zambada, D\u00e1maso L\u00f3pez N\u00fa\u00f1ez, \u201cEl Lic\u201d, y Joaqu\u00edn \u201cEl Chapo\u201d Guzm\u00e1n, quienes \u00a0ahora nuevamente podr\u00e1n reunirse para futuros negocios del crimen organizado; pero esto ser\u00e1 motivo de an\u00e1lisis en otra entrega de <strong><em>Hora 14<\/em><\/strong>.<\/p>\n<p><em><a href=\"mailto:%20mauricio_conde@msn.com\" target=\"_blank\">mauricio_conde@msn.com<\/a><\/em><\/p>\n","protected":false},"excerpt":{"rendered":"<p><span style=\"color: #005497;\"><strong>Mauricio Conde Olivares<\/strong><\/span><\/p>\n","protected":false},"author":3,"featured_media":0,"comment_status":"open","ping_status":"open","sticky":false,"template":"","format":"standard","meta":{"_monsterinsights_skip_tracking":false,"_monsterinsights_sitenote_active":false,"_monsterinsights_sitenote_note":"","_monsterinsights_sitenote_category":0,"footnotes":""},"categories":[35889],"tags":[43712,43674],"class_list":["post-225385","post","type-post","status-publish","format-standard","hentry","category-mauricio-conde-olivares","tag-mauricio-conde-olivares","tag-opinion"],"_links":{"self":[{"href":"https:\/\/www.diarioimagen.net\/index.php?rest_route=\/wp\/v2\/posts\/225385","targetHints":{"allow":["GET"]}}],"collection":[{"href":"https:\/\/www.diarioimagen.net\/index.php?rest_route=\/wp\/v2\/posts"}],"about":[{"href":"https:\/\/www.diarioimagen.net\/index.php?rest_route=\/wp\/v2\/types\/post"}],"author":[{"embeddable":true,"href":"https:\/\/www.diarioimagen.net\/index.php?rest_route=\/wp\/v2\/users\/3"}],"replies":[{"embeddable":true,"href":"https:\/\/www.diarioimagen.net\/index.php?rest_route=%2Fwp%2Fv2%2Fcomments&post=225385"}],"version-history":[{"count":0,"href":"https:\/\/www.diarioimagen.net\/index.php?rest_route=\/wp\/v2\/posts\/225385\/revisions"}],"wp:attachment":[{"href":"https:\/\/www.diarioimagen.net\/index.php?rest_route=%2Fwp%2Fv2%2Fmedia&parent=225385"}],"wp:term":[{"taxonomy":"category","embeddable":true,"href":"https:\/\/www.diarioimagen.net\/index.php?rest_route=%2Fwp%2Fv2%2Fcategories&post=225385"},{"taxonomy":"post_tag","embeddable":true,"href":"https:\/\/www.diarioimagen.net\/index.php?rest_route=%2Fwp%2Fv2%2Ftags&post=225385"}],"curies":[{"name":"wp","href":"https:\/\/api.w.org\/{rel}","templated":true}]}}