{"id":225396,"date":"2015-07-13T00:06:37","date_gmt":"2015-07-13T05:06:37","guid":{"rendered":"http:\/\/www.diarioimagen.net\/?p=225396"},"modified":"2015-07-13T03:57:57","modified_gmt":"2015-07-13T08:57:57","slug":"inehrm-y-el-centenario-de-la-constitucion","status":"publish","type":"post","link":"https:\/\/www.diarioimagen.net\/?p=225396","title":{"rendered":"INEHRM y el centenario de la Constituci\u00f3n"},"content":{"rendered":"<h2>Como veo, doy<\/h2>\n<h5>Alejo S\u00e1nchez Cano<\/h5>\n<p>&nbsp;<\/p>\n<p>Imperfecta, inacabada, legitimadora del Estado, renovadora, vanguardista, emblem\u00e1tica, din\u00e1mica, plural, democr\u00e1tica, progresista, magna, manirrota, moderna, m\u00e1xima, vieja, nueva, revolucionaria, reformista, son algunos de los calificativos con que los mexicanos identifican o se refieren a nuestra Constituci\u00f3n; lo cierto, es que el esp\u00edritu jur\u00eddico con el que fue concebido permanece vigente a casi cien a\u00f1os de su origen, escrita y promulgada en 1917.<\/p>\n<p>Es cierto que al paso del tiempo nuestra carta magna se ha modificado o reformado en su texto original, pero hoy la sociedad mexicana en su conjunto seguimos gozando desde entonces de derechos como la libertad de expresi\u00f3n, de asociaci\u00f3n, creencia religiosa, educaci\u00f3n y salud, entre muchos otros ordenamientos legales, que al final del camino nos permiten seguir transitando por la v\u00eda del orden, donde la Constituci\u00f3n es un instrumento o herramienta que tiene por objetivo dar soluciones a las dificultades que en materia pol\u00edtica, social y econ\u00f3mica se le presentan al pa\u00eds.<\/p>\n<p>As\u00ed, en ese contexto hist\u00f3rico y de debate ideol\u00f3gico, los tres poderes de la Uni\u00f3n -Ejecutivo, Legislativo y Judicial- se aprestan a conmemorar el centenario de la Constituci\u00f3n Pol\u00edtica de los Estados Unidos Mexicanos, y al respecto tenemos noticias que hablan de eventos, foros, exposiciones, homenajes, talleres de lectura, galer\u00edas fotogr\u00e1ficas, concursos de oratoria y toda una serie de actividades que ya se est\u00e1n preparando con la participaci\u00f3n de organismos p\u00fablicos y privados.<\/p>\n<p>Cabe mencionar que el Instituto Nacional de Estudios Hist\u00f3ricos de las Revoluciones de M\u00e9xico (INEHRM), organismo que encabeza Patricia Galeana, jugar\u00e1 un papel relevante en la organizaci\u00f3n y coordinaci\u00f3n de los festejos conmemorativos del Centenario de la Constituci\u00f3n, ya que -seg\u00fan acuerdo celebrado entre los poderes de la Uni\u00f3n, del pasado 5 de febrero de 2013- fungir\u00e1 como secretario t\u00e9cnico del Comit\u00e9.<\/p>\n<p>Entre otros objetivos del acuerdo signado, se establece que: Los poderes de la Uni\u00f3n acuerdan la creaci\u00f3n del Comit\u00e9 para la conmemoraci\u00f3n del Centenario de la Constituci\u00f3n Pol\u00edtica de los Estados Unidos Mexicanos, con el objeto de establecer en forma coordinada los eventos, celebraciones, homenajes, expresiones y dem\u00e1s acciones que ser\u00e1n llevados a cabo a partir de esta fecha y hasta el 5 de febrero de 2017. Para el cumplimiento de su objeto deber\u00e1 propiciarse la participaci\u00f3n de los sectores p\u00fablico, social y privado.<\/p>\n<p>Enhorabuena, aun cuando \u00a0el texto constitucional es motivo de reflexiones constantes, es un hecho que para la mayor\u00eda de los mexicanos llegaremos a la celebraci\u00f3n de la efem\u00e9ride con una idea: que la Constituci\u00f3n de 1917 no es la misma, pero la que celebremos en 2017 es la Constituci\u00f3n de la reformas del siglo XXI, las reformas estructurales que impuls\u00f3 el presidente Enrique Pe\u00f1a Nieto, las que -mediante un pacto pol\u00edtico- lograron el apoyo de las tres fuerzas pol\u00edticas m\u00e1s importantes del pa\u00eds representadas en el Congreso de la Uni\u00f3n (PRI, PAN y PRD), las reformas que estamos seguros est\u00e1n quitando las ataduras para un mejor desarrollo pol\u00edtico, social y econ\u00f3mico de todo M\u00e9xico.<\/p>\n<p><strong>CARTAS ABIERTAS<\/strong>.- Ya que hemos tocado el tema de la proximidad del centenario de nuestra Constituci\u00f3n, para profundizar un poco m\u00e1s sobre el asunto, vamos a retomar textualmente parte de una reciente colaboraci\u00f3n que en las p\u00e1ginas del <em>Diario Imagen<\/em> hizo Roberto Vizca\u00edno en su le\u00edda columna \u201cTras la puerta del poder\u201d, de fecha 29 de junio del a\u00f1o en curso. \u00a0El autor expone lo siguiente:<\/p>\n<p>\u201cLas Constituciones, Cartas Magnas, son las que definen los sistemas de un pa\u00eds. De ellas surgen los reg\u00edmenes presidencialistas, parlamentarios o mon\u00e1rquicos. Sociales o liberales. Son el eje del acuerdo social, pol\u00edtico y econ\u00f3mico de la naci\u00f3n. Los ciudadanos son, al final de la cadena de principios y normas, lo que define su Constituci\u00f3n.<\/p>\n<p>En M\u00e9xico es com\u00fan escuchar desde la escuela, la casa, o en el discurso p\u00fablico que nuestra Constituci\u00f3n Pol\u00edtica fue la primera y la m\u00e1s avanzada de su tiempo en cuanto a derechos sociales.<\/p>\n<p>Promulgada por Venustiano Carranza en Quer\u00e9taro el 5 de febrero de 1917, nuestra Constituci\u00f3n supli\u00f3 a la del 5 de febrero de 1857 y est\u00e1 integrada por 8 t\u00edtulos y 136 art\u00edculos m\u00e1s 19 transitorios.<\/p>\n<p>Surgida de los reclamos de la Revoluci\u00f3n de 1910, se elimin\u00f3 la reelecci\u00f3n presidencial y el cargo de vicepresidente.<\/p>\n<p>Se signific\u00f3 por introducir garant\u00edas individuales y la divisi\u00f3n de poderes en Ejecutivo, Legislativo y Federal, y por dar una mayor soberan\u00eda a los estados y definir el Municipio Libre.<\/p>\n<p>Fue la m\u00e1s avanzada en lo referente a la propiedad de la tierra (con su concepto posterior del Ejido); en lo laboral y educativo -al establecer jornadas de trabajo de 8 horas- y una educaci\u00f3n laica y gratuita.<\/p>\n<p>Garantizar la libertad de expresi\u00f3n y la libre asociaci\u00f3n de los trabajadores fueron logros important\u00edsimos.\u201d<\/p>\n<p><strong>VA MI RESTO<\/strong>.- Hemos se\u00f1alado que el INEHRM, en su calidad de secretario t\u00e9cnico del Comit\u00e9\u00a0 para la Conmemoraci\u00f3n del Centenario de la Constituci\u00f3n Pol\u00edtica de los Estados Unidos Mexicanos, \u00a0ser\u00e1 el organismo encargado de coordinar y dar seguimiento a cada una de las actividades de esta celebraci\u00f3n y que Patricia Galeana es la Directora General del referido instituto. Aqu\u00ed una brev\u00edsima semblanza de ella: Historiadora. Licenciada en Historia, Maestra en Historia de M\u00e9xico y Doctora en Estudios Latinoamericanos por la UNAM.\u00a0Catedr\u00e1tica en la Facultad de Filosof\u00eda y Letras, UNAM. Catedr\u00e1tica visitante de la Facultad de Filosof\u00eda y Letras en la Universidad Aut\u00f3noma de Madrid, en la Universidad de California y en la Universidad del Externado de Colombia. Miembro del Sistema Nacional de Investigadores de CONACYT, nivel II. Y hasta ah\u00ed, porque como veo, doy.<\/p>\n<p><a href=\"mailto:alejosanchezcanom@yahoo.com.mx\" target=\"_blank\"><i>alejosanchezcanom@yahoo.com.mx<\/i><\/a><\/p>\n","protected":false},"excerpt":{"rendered":"<p><span style=\"color: #005497;\"><strong>Alejo S\u00e1nchez Cano<\/strong><\/span><\/p>\n","protected":false},"author":3,"featured_media":0,"comment_status":"open","ping_status":"open","sticky":false,"template":"","format":"standard","meta":{"_monsterinsights_skip_tracking":false,"_monsterinsights_sitenote_active":false,"_monsterinsights_sitenote_note":"","_monsterinsights_sitenote_category":0,"footnotes":""},"categories":[5722],"tags":[43699,28722,43674],"class_list":["post-225396","post","type-post","status-publish","format-standard","hentry","category-alejo-sanchez-cano","tag-alejo-sanchez-cano","tag-como-veo-doy","tag-opinion"],"_links":{"self":[{"href":"https:\/\/www.diarioimagen.net\/index.php?rest_route=\/wp\/v2\/posts\/225396","targetHints":{"allow":["GET"]}}],"collection":[{"href":"https:\/\/www.diarioimagen.net\/index.php?rest_route=\/wp\/v2\/posts"}],"about":[{"href":"https:\/\/www.diarioimagen.net\/index.php?rest_route=\/wp\/v2\/types\/post"}],"author":[{"embeddable":true,"href":"https:\/\/www.diarioimagen.net\/index.php?rest_route=\/wp\/v2\/users\/3"}],"replies":[{"embeddable":true,"href":"https:\/\/www.diarioimagen.net\/index.php?rest_route=%2Fwp%2Fv2%2Fcomments&post=225396"}],"version-history":[{"count":0,"href":"https:\/\/www.diarioimagen.net\/index.php?rest_route=\/wp\/v2\/posts\/225396\/revisions"}],"wp:attachment":[{"href":"https:\/\/www.diarioimagen.net\/index.php?rest_route=%2Fwp%2Fv2%2Fmedia&parent=225396"}],"wp:term":[{"taxonomy":"category","embeddable":true,"href":"https:\/\/www.diarioimagen.net\/index.php?rest_route=%2Fwp%2Fv2%2Fcategories&post=225396"},{"taxonomy":"post_tag","embeddable":true,"href":"https:\/\/www.diarioimagen.net\/index.php?rest_route=%2Fwp%2Fv2%2Ftags&post=225396"}],"curies":[{"name":"wp","href":"https:\/\/api.w.org\/{rel}","templated":true}]}}