{"id":225568,"date":"2015-07-14T00:03:03","date_gmt":"2015-07-14T05:03:03","guid":{"rendered":"http:\/\/www.diarioimagen.net\/?p=225568"},"modified":"2015-07-14T03:32:58","modified_gmt":"2015-07-14T08:32:58","slug":"rommel-y-jahir-oro-en-trampolin-de-tres-metros","status":"publish","type":"post","link":"https:\/\/www.diarioimagen.net\/?p=225568","title":{"rendered":"Rommel y Jahir, oro en trampol\u00edn de tres metros"},"content":{"rendered":"<ul>\n<li><strong><em>Espinosa y Orozco ganan bronce en plataforma<\/em><\/strong><\/li>\n<\/ul>\n<div id=\"attachment_225677\" style=\"width: 250px\" class=\"wp-caption alignleft\"><a href=\"http:\/\/www.diarioimagen.net\/?attachment_id=225677\" rel=\"attachment wp-att-225677\"><img loading=\"lazy\" decoding=\"async\" aria-describedby=\"caption-attachment-225677\" class=\"size-medium wp-image-225677\" src=\"http:\/\/www.diarioimagen.net\/wp-content\/uploads\/2015\/07\/deportes-2653-240x135.jpg\" alt=\"Paola Espinosa y Alejandra Orozco se conformaron con la medalla de bronce en la plataforma de los 10 metros.\" width=\"240\" height=\"135\" srcset=\"https:\/\/www.diarioimagen.net\/wp-content\/uploads\/2015\/07\/deportes-2653-240x135.jpg 240w, https:\/\/www.diarioimagen.net\/wp-content\/uploads\/2015\/07\/deportes-2653-420x236.jpg 420w, https:\/\/www.diarioimagen.net\/wp-content\/uploads\/2015\/07\/deportes-2653-235x132.jpg 235w, https:\/\/www.diarioimagen.net\/wp-content\/uploads\/2015\/07\/deportes-2653-202x114.jpg 202w, https:\/\/www.diarioimagen.net\/wp-content\/uploads\/2015\/07\/deportes-2653-350x196.jpg 350w, https:\/\/www.diarioimagen.net\/wp-content\/uploads\/2015\/07\/deportes-2653-220x123.jpg 220w, https:\/\/www.diarioimagen.net\/wp-content\/uploads\/2015\/07\/deportes-2653-237x132.jpg 237w, https:\/\/www.diarioimagen.net\/wp-content\/uploads\/2015\/07\/deportes-2653.jpg 480w\" sizes=\"auto, (max-width: 240px) 100vw, 240px\" \/><\/a><p id=\"caption-attachment-225677\" class=\"wp-caption-text\">Paola Espinosa y Alejandra Orozco se conformaron con la medalla de bronce en la plataforma de los 10 metros.<\/p><\/div>\n<p>Las mexicanas Paola Espinosa y Alejandra Orozco se conformaron con la medalla de bronce en el evento de clavados sincronizados desde la plataforma de 10 metros dentro de los Panamericanos Toronto 2015.<\/p>\n<p>Las clavadistas, vigentes subcampeonas ol\u00edmpicas, cosecharon 287.91 puntos entre sus cinco saltos y con lo justo se colaron al podio, dominado por Canad\u00e1 (316.89) y Brasil (291.36).<\/p>\n<p>Para Espinosa S\u00e1nchez, esta presea se une a la dorada ganada en esta misma plataforma, pero de forma individual, y por la noche de este lunes buscar\u00e1 a\u00f1adir una m\u00e1s en compa\u00f1\u00eda de Dolores Hern\u00e1ndez en el trampol\u00edn de tres metros.<\/p>\n<p>La dupla \u201ctricolor\u201d sufri\u00f3 de m\u00e1s con su cuarta ejecuci\u00f3n, la de mayor grado de dificultad en su repertorio con 3.3 grados, en la que lleg\u00f3 a recibir calificaciones de 4.5 a 7.0 y fue el cuarto en promedio de cinco parejas que pelearon por las preseas.<\/p>\n<p>Esas tres y media vueltas hacia atr\u00e1s les cost\u00f3 perder el oro que ostentaban hasta ese momento y en el quinto tampoco convencieron del todo a los jueces, por lo cual permanecieron en el tercer esca\u00f1o con apenas nueve d\u00e9cimas de distancia sobre las estadounidenses Samantha Bromberg y Delaney Schnell.<\/p>\n<p>Por su parte, con el soporte de sus compatriotas, las canadienses Meaghan Benfeito y Roseline Filion se lucieron en la fosa del Centro Acu\u00e1tico y Complejo Deportivo Panamericano para demostrar la jerarqu\u00eda que las impuls\u00f3 hasta el bronce en los Ol\u00edmpicos de Londres 2012.<\/p>\n<p>Mientras las brasile\u00f1as Ingrid de Oliveira y Giovanna Pedroso se dieron el lujo de hacer su peor aparici\u00f3n en su \u00faltima presentaci\u00f3n y aun as\u00ed les alcanz\u00f3 para retener la plata.<\/p>\n<p style=\"text-align: center;\"><strong>Oro en trampol\u00edn de 3 metros<\/strong><\/p>\n<p>La sexta medalla de oro para M\u00e9xico en los Juegos Panamericanos Toronto 2015 cay\u00f3 en la fosa de clavados cortes\u00eda de Rommel Pacheco y Jahir Ocampo, quienes fueron los mejores en el evento del trampol\u00edn de tres metros sincronizados.<\/p>\n<p>Pacheco ya se hab\u00eda proclamado monarca continental en la prueba individual y este lunes uni\u00f3 fuerzas con Ocampo para alcanzar 438.27 puntos, con lo cual relegaron a la dupla canadiense con la plata y a los estadounidenses con el bronce.<\/p>\n<p>El yucateco, de 29 a\u00f1os, demostr\u00f3 perfecta armon\u00eda con su compa\u00f1ero, de 25 y que ya tiene en su palmar\u00e9s varias preseas en distintos Grand Prix de la especialidad, por lo cual se echaron a la bolsa a los jueces con sus seis saltos en el Centro Acu\u00e1tico y Complejo Deportivo Panamericano de esta ciudad.<\/p>\n<p>Salvo su quinta ejecuci\u00f3n, en el resto de las rondas siempre se mantuvieron en la cima de la clasificaci\u00f3n y en una estupenda estrategia programaron un acto de 3.8 grados de dificultad con cuatro vueltas y media hacia adelante, mismo que les reditu\u00f3 91.20 unidades.<\/p>\n<p>&nbsp;<\/p>\n<blockquote>\n<h1 style=\"text-align: center;\">Consigue Jorge Mart\u00ednez bronce que sabe a oro<\/h1>\n<p>El patinador mexicano, Jorge Mart\u00ednez, coment\u00f3 que la medalla de bronce conseguida en el patinaje de velocidad sabe a oro, debido a que era inesperada, aunque reconoci\u00f3 que cuando accedi\u00f3 a la final decidi\u00f3 buscar el podio. \u201cDesde que empec\u00e9 la prueba estaba con la incertidumbre, pero luego al avanzar a la final, ya era cosa de echarle ganas y dar todo para estar en el podio\u201d, dijo.<\/p>\n<p>Coment\u00f3 que desde la semifinal de los 500 metros tuvo rivales fuertes, entre ellos el colombiano Pedro Causil, pero el deseo de seguir en busca de su sue\u00f1o, fue m\u00e1s fuerte para dejar todo en la pista. \u201cLa verdad no me lo esperaba, ayer s\u00ed, pero ahora no.<\/p>\n<p>Es mi segunda medalla y eso me tiene contento. Esta no es mi prueba y estuvo fuerte y eso me tiene contento\u201d, expres\u00f3.<\/p>\n<p>El sonorense, que se dedic\u00f3 al patinaje de velocidad al practicarlo en las calles de su barrio, sostuvo que la final estuvo cerrada porque en una prueba tan corta (500 metros) en donde se imprime mucha velocidad, todo pod\u00eda pasar.<\/p><\/blockquote>\n<p>&nbsp;<\/p>\n","protected":false},"excerpt":{"rendered":"<p>Las mexicanas Paola Espinosa y Alejandra Orozco se conformaron con la medalla de bronce en el evento de clavados sincronizados desde la plataforma de 10 metros dentro de los Panamericanos Toronto 2015.<\/p>\n","protected":false},"author":3,"featured_media":225677,"comment_status":"open","ping_status":"open","sticky":false,"template":"","format":"standard","meta":{"_monsterinsights_skip_tracking":false,"_monsterinsights_sitenote_active":false,"_monsterinsights_sitenote_note":"","_monsterinsights_sitenote_category":0,"footnotes":""},"categories":[10],"tags":[22292,13183,7734,43673,5451],"class_list":["post-225568","post","type-post","status-publish","format-standard","has-post-thumbnail","hentry","category-deportes","tag-alejandra-orozco","tag-juegos-panamericanos","tag-montreal","tag-nacional","tag-paola-espinosa"],"_links":{"self":[{"href":"https:\/\/www.diarioimagen.net\/index.php?rest_route=\/wp\/v2\/posts\/225568","targetHints":{"allow":["GET"]}}],"collection":[{"href":"https:\/\/www.diarioimagen.net\/index.php?rest_route=\/wp\/v2\/posts"}],"about":[{"href":"https:\/\/www.diarioimagen.net\/index.php?rest_route=\/wp\/v2\/types\/post"}],"author":[{"embeddable":true,"href":"https:\/\/www.diarioimagen.net\/index.php?rest_route=\/wp\/v2\/users\/3"}],"replies":[{"embeddable":true,"href":"https:\/\/www.diarioimagen.net\/index.php?rest_route=%2Fwp%2Fv2%2Fcomments&post=225568"}],"version-history":[{"count":0,"href":"https:\/\/www.diarioimagen.net\/index.php?rest_route=\/wp\/v2\/posts\/225568\/revisions"}],"wp:featuredmedia":[{"embeddable":true,"href":"https:\/\/www.diarioimagen.net\/index.php?rest_route=\/wp\/v2\/media\/225677"}],"wp:attachment":[{"href":"https:\/\/www.diarioimagen.net\/index.php?rest_route=%2Fwp%2Fv2%2Fmedia&parent=225568"}],"wp:term":[{"taxonomy":"category","embeddable":true,"href":"https:\/\/www.diarioimagen.net\/index.php?rest_route=%2Fwp%2Fv2%2Fcategories&post=225568"},{"taxonomy":"post_tag","embeddable":true,"href":"https:\/\/www.diarioimagen.net\/index.php?rest_route=%2Fwp%2Fv2%2Ftags&post=225568"}],"curies":[{"name":"wp","href":"https:\/\/api.w.org\/{rel}","templated":true}]}}