{"id":225753,"date":"2015-07-15T00:13:37","date_gmt":"2015-07-15T05:13:37","guid":{"rendered":"http:\/\/www.diarioimagen.net\/?p=225753"},"modified":"2015-07-15T03:52:15","modified_gmt":"2015-07-15T08:52:15","slug":"inicia-campana-de-afiliacion-al-sat-en-edomex","status":"publish","type":"post","link":"https:\/\/www.diarioimagen.net\/?p=225753","title":{"rendered":"Inicia campa\u00f1a de afiliaci\u00f3n al SAT en Edomex"},"content":{"rendered":"<h2>Arco Norte<\/h2>\n<h5>Jos\u00e9 Luis Monta\u00f1ez Aguilar<\/h5>\n<p>&nbsp;<\/p>\n<p><a href=\"http:\/\/www.diarioimagen.net\/?attachment_id=225841\" rel=\"attachment wp-att-225841\"><img loading=\"lazy\" decoding=\"async\" class=\"alignleft size-medium wp-image-225841\" src=\"http:\/\/www.diarioimagen.net\/wp-content\/uploads\/2015\/07\/sat-2654-240x135.jpg\" alt=\"sat-2654\" width=\"240\" height=\"135\" srcset=\"https:\/\/www.diarioimagen.net\/wp-content\/uploads\/2015\/07\/sat-2654-240x135.jpg 240w, https:\/\/www.diarioimagen.net\/wp-content\/uploads\/2015\/07\/sat-2654-420x236.jpg 420w, https:\/\/www.diarioimagen.net\/wp-content\/uploads\/2015\/07\/sat-2654-235x132.jpg 235w, https:\/\/www.diarioimagen.net\/wp-content\/uploads\/2015\/07\/sat-2654-202x114.jpg 202w, https:\/\/www.diarioimagen.net\/wp-content\/uploads\/2015\/07\/sat-2654-350x196.jpg 350w, https:\/\/www.diarioimagen.net\/wp-content\/uploads\/2015\/07\/sat-2654-220x123.jpg 220w, https:\/\/www.diarioimagen.net\/wp-content\/uploads\/2015\/07\/sat-2654-237x132.jpg 237w, https:\/\/www.diarioimagen.net\/wp-content\/uploads\/2015\/07\/sat-2654.jpg 480w\" sizes=\"auto, (max-width: 240px) 100vw, 240px\" \/><\/a>Con el objetivo de actualizar, ampliar y depurar el padr\u00f3n de contribuyentes ante el Servicio de Administraci\u00f3n Tributaria (SAT), dar\u00e1 inicio en el Estado de M\u00e9xico la campa\u00f1a \u201cCrezcamos Juntos, Af\u00edliate\u201d que recorrer\u00e1 los municipios de Nezahualc\u00f3yotl, Ecatepec, San Mateo Atenco, Toluca y Metepec con la meta de inscribir dentro de la formalidad a m\u00e1s de 159 mil negocios. Blanca Esthela Mercado Rodr\u00edguez, subsecretaria de Ingresos de la Secretar\u00eda de Finanzas estatal, dio a conocer que se trata de un trabajo coordinado entre las tres instancias de gobierno que busca la actualizaci\u00f3n del padr\u00f3n de contribuyentes mediante el registro de negocios que actualmente trabajan en la informalidad, visit\u00e1ndolos en su domicilio para explicarles las mejor\u00edas que ahora se pueden lograr siendo formal como el seguro social, cr\u00e9dito a la vivienda a trav\u00e9s del Infonavit y pr\u00e9stamos para ampliar y mejorar sus comercios. Los recorridos se llevar\u00e1n a cabo a trav\u00e9s de 457 asesores, quienes cubrir\u00e1n un total de 24 mil 275 manzanas e instalar\u00e1n 21 m\u00f3dulos de informaci\u00f3n y orientaci\u00f3n, dentro de los municipios m\u00e1s poblados del territorio mexiquense acciones que ya arrancaron el primer d\u00eda del mes de julio y culminar\u00e1n el 30 de noviembre del presente a\u00f1o. Ricardo Rocha Galicia, administrador local de servicios al contribuyente del SAT en el Valle de Toluca, explic\u00f3 que se capacit\u00f3 a los asesores para que de forma amable, sencilla y clara, platiquen con los due\u00f1os de los negocios a fin de explicarles la mejor forma de darse de alta en el Registro Federal de Contribuyentes, c\u00f3mo manejar el pago de sus obligaciones, corregir errores y actualizar su situaci\u00f3n si es que ya est\u00e1n registrados.<\/p>\n<p><em><a href=\"mailto:montanezaguilar@gmail.com\" target=\"_blank\">montanezaguilar@gmail.com<\/a><\/em><\/p>\n","protected":false},"excerpt":{"rendered":"<p><span style=\"color: #005497;\"><strong>Jos\u00e9 Luis Monta\u00f1ez Aguilar<\/strong><\/span><br \/>\n<br \/>\nCon el objetivo de actualizar, ampliar y depurar el padr\u00f3n de contribuyentes ante el Servicio de Administraci\u00f3n Tributaria (SAT), dar\u00e1 inicio en el Estado de M\u00e9xico la campa\u00f1a \u201cCrezcamos Juntos, Af\u00edliate\u201d que recorrer\u00e1 los municipios de Nezahualc\u00f3yotl, Ecatepec, San Mateo Atenco, Toluca y Metepec con la meta de inscribir dentro de la formalidad a m\u00e1s de 159 mil negocios.<\/p>\n","protected":false},"author":3,"featured_media":225841,"comment_status":"open","ping_status":"open","sticky":false,"template":"","format":"standard","meta":{"_monsterinsights_skip_tracking":false,"_monsterinsights_sitenote_active":false,"_monsterinsights_sitenote_note":"","_monsterinsights_sitenote_category":0,"footnotes":""},"categories":[5],"tags":[13284,43704,43674],"class_list":["post-225753","post","type-post","status-publish","format-standard","has-post-thumbnail","hentry","category-estado-de-mexico","tag-arco-norte","tag-jose-luis-montanez-aguilar","tag-opinion"],"_links":{"self":[{"href":"https:\/\/www.diarioimagen.net\/index.php?rest_route=\/wp\/v2\/posts\/225753","targetHints":{"allow":["GET"]}}],"collection":[{"href":"https:\/\/www.diarioimagen.net\/index.php?rest_route=\/wp\/v2\/posts"}],"about":[{"href":"https:\/\/www.diarioimagen.net\/index.php?rest_route=\/wp\/v2\/types\/post"}],"author":[{"embeddable":true,"href":"https:\/\/www.diarioimagen.net\/index.php?rest_route=\/wp\/v2\/users\/3"}],"replies":[{"embeddable":true,"href":"https:\/\/www.diarioimagen.net\/index.php?rest_route=%2Fwp%2Fv2%2Fcomments&post=225753"}],"version-history":[{"count":0,"href":"https:\/\/www.diarioimagen.net\/index.php?rest_route=\/wp\/v2\/posts\/225753\/revisions"}],"wp:featuredmedia":[{"embeddable":true,"href":"https:\/\/www.diarioimagen.net\/index.php?rest_route=\/wp\/v2\/media\/225841"}],"wp:attachment":[{"href":"https:\/\/www.diarioimagen.net\/index.php?rest_route=%2Fwp%2Fv2%2Fmedia&parent=225753"}],"wp:term":[{"taxonomy":"category","embeddable":true,"href":"https:\/\/www.diarioimagen.net\/index.php?rest_route=%2Fwp%2Fv2%2Fcategories&post=225753"},{"taxonomy":"post_tag","embeddable":true,"href":"https:\/\/www.diarioimagen.net\/index.php?rest_route=%2Fwp%2Fv2%2Ftags&post=225753"}],"curies":[{"name":"wp","href":"https:\/\/api.w.org\/{rel}","templated":true}]}}