{"id":225779,"date":"2015-07-15T00:03:34","date_gmt":"2015-07-15T05:03:34","guid":{"rendered":"http:\/\/www.diarioimagen.net\/?p=225779"},"modified":"2015-07-15T04:22:16","modified_gmt":"2015-07-15T09:22:16","slug":"basta-hillary-a-trump","status":"publish","type":"post","link":"https:\/\/www.diarioimagen.net\/?p=225779","title":{"rendered":"\u201c\u00a1Basta!\u201d: Hillary a Trump"},"content":{"rendered":"<ul>\n<li><strong><em>Enfrentamiento en redes sociales<\/em><\/strong><\/li>\n<\/ul>\n<div id=\"attachment_225871\" style=\"width: 250px\" class=\"wp-caption alignleft\"><a href=\"http:\/\/www.diarioimagen.net\/?attachment_id=225871\" rel=\"attachment wp-att-225871\"><img loading=\"lazy\" decoding=\"async\" aria-describedby=\"caption-attachment-225871\" class=\"size-medium wp-image-225871\" src=\"http:\/\/www.diarioimagen.net\/wp-content\/uploads\/2015\/07\/clinton-2654-240x135.jpg\" alt=\"Los comentarios xen\u00f3fobos de Donald Trump contra los migrantes mexicanos fueron rebatidos por la aspirante democrata, Hillary Clinton.\" width=\"240\" height=\"135\" srcset=\"https:\/\/www.diarioimagen.net\/wp-content\/uploads\/2015\/07\/clinton-2654-240x135.jpg 240w, https:\/\/www.diarioimagen.net\/wp-content\/uploads\/2015\/07\/clinton-2654-420x236.jpg 420w, https:\/\/www.diarioimagen.net\/wp-content\/uploads\/2015\/07\/clinton-2654-235x132.jpg 235w, https:\/\/www.diarioimagen.net\/wp-content\/uploads\/2015\/07\/clinton-2654-202x114.jpg 202w, https:\/\/www.diarioimagen.net\/wp-content\/uploads\/2015\/07\/clinton-2654-350x196.jpg 350w, https:\/\/www.diarioimagen.net\/wp-content\/uploads\/2015\/07\/clinton-2654-220x123.jpg 220w, https:\/\/www.diarioimagen.net\/wp-content\/uploads\/2015\/07\/clinton-2654-237x132.jpg 237w, https:\/\/www.diarioimagen.net\/wp-content\/uploads\/2015\/07\/clinton-2654.jpg 480w\" sizes=\"auto, (max-width: 240px) 100vw, 240px\" \/><\/a><p id=\"caption-attachment-225871\" class=\"wp-caption-text\">Los comentarios xen\u00f3fobos de Donald Trump contra los migrantes mexicanos fueron rebatidos por la aspirante democrata, Hillary Clinton.<\/p><\/div>\n<p>La precandidata dem\u00f3crata, Hillary Clinton, responde con un \u201c\u00a1Basta!\u201d a los comentarios xen\u00f3fobos hechos por su rival republicano, Donald Trump, principalmente contra los migrantes mexicanos.<\/p>\n<p>Desde su cuenta de Twitter (@HillaryClinton), la aspirante presidencial envi\u00f3 un mensaje completamente en espa\u00f1ol al magnate, quien ha defendido su dura postura contra la migraci\u00f3n ilegal.<\/p>\n<p>\u201cPara el se\u00f1or Trump, s\u00f3lo tengo una palabra. Basta\u201d, escribi\u00f3 la favorita a competir por el Partido Dem\u00f3crata por la presidencia de Estados Unidos.<\/p>\n<p>En su aparente respuesta desde Facebook, Donald J. Trump revela la supuesta desesperaci\u00f3n de Clinton quien est\u00e1 \u201ctratando desesperadamente de aferrarse a su ventaja en la primaria dem\u00f3crata\u201d.<\/p>\n<p>\u201cElla habla de \u2018mi tono\u2019 (contra la migraci\u00f3n ilegal) y ese es el problema con los l\u00edderes de nuestro pa\u00eds. Ellos est\u00e1n m\u00e1s preocupados por el tono de los resultados, pero no se trata de ser amable, se trata de ser competente\u201d, critic\u00f3.<\/p>\n<p>En su mensaje, el empresario asegura que su rival dem\u00f3crata \u201cdeber\u00eda dedicar m\u00e1s tiempo a la producci\u00f3n de su correos electr\u00f3nicos escondidos ilegalmente\u201d y menos tiempo tratando de ocultar una declaraci\u00f3n hecha por m\u00ed que es totalmente clara.<\/p>\n<p>En este sentido defendi\u00f3 que \u00e9l es cr\u00edtico de la migraci\u00f3n ilegal por los \u201ctremendos problemas, como la delincuencia, que \u00e9sta provoca\u201d.<\/p>\n<p style=\"text-align: center;\"><strong>EU rechaza que obligue a mantener detenidos\u00a0<\/strong><strong style=\"line-height: 1.5;\">a inmigrantes<\/strong><\/p>\n<p>El Departamento de Seguridad Interna (DHS) de Estados Unidos reconoci\u00f3 que alguaciles de ciudades del pa\u00eds ignoraron 12 mil peticiones para mantener detenidos a inmigrantes, pero rechaz\u00f3 convertir la detenci\u00f3n en obligatoria.<\/p>\n<p>\u201cNo creo que sea el camino correcto que a trav\u00e9s de legislaci\u00f3n federal se fije una conducta obligatoria a los alguaciles y jefes de la polic\u00eda\u201d, dijo el secretario de Seguridad Interna, Jeh Johnson, en audiencia del Comit\u00e9 Judicial de la C\u00e1mara de Representantes.<\/p>\n<p>Johnson fue cuestionado sobre el tema luego que la ciudad de San Francisco, autodenominada \u201csantuario\u201d para inmigrantes indocumentados, ignor\u00f3 una petici\u00f3n de la Oficina de Inmigraci\u00f3n y Aduanas (ICE) para ser informada de la liberaci\u00f3n del mexicano Juan Francisco L\u00f3pez S\u00e1nchez.<\/p>\n<p>Deportado a M\u00e9xico en cinco ocasiones, L\u00f3pez S\u00e1nchez caus\u00f3 el mes pasado la muerte de la joven Kate Steinle en San Francisco, California.<\/p>\n<p>L\u00f3pez S\u00e1nchez hab\u00eda estado en custodia del ICE tras cumplir una condena por ingreso ilegal a Estados Unidos y fue entregado a la oficina de alguaciles de San Francisco por una acusaci\u00f3n separada de posesi\u00f3n de mariguana.<\/p>\n<p>Pero bajo las reglas de la ciudad, el inmigrante mexicano fue liberado cuando se retiraron los cargos por la segunda acusaci\u00f3n y porque no exist\u00eda una causa criminal pendiente en su contra.<\/p>\n<p>L\u00f3pez S\u00e1nchez, quien acept\u00f3 haber disparado accidentalmente el arma que caus\u00f3 la muerte de la joven, dijo en una entrevista con una televisora local que viaj\u00f3 a San Francisco por ser una ciudad \u201csantuario\u201d de indocumentados. Actualmente permanece preso acusado de homicidio.<\/p>\n<p>Johnson dijo conocer el caso del mexicano, pero insisti\u00f3 en que la mejor manera de lidiar con el tema es buscar la cooperaci\u00f3n de los jefes policiales de Estados Unidos.<\/p>\n<p>\u201cQuiero que trabajemos de manera cooperativa con las agencias policiales estatales y locales, y creo que estamos listos para hacer eso\u201d, dijo el funcionario.<\/p>\n<p>Estados Unidos aplic\u00f3 durante a\u00f1os el programa de \u201cComunidades Seguras\u201d a fin de que las jefaturas de polic\u00eda locales cruzaran la informaci\u00f3n de personas detenidas con los bancos de datos federales para determinar si eran buscadas por violaciones migratorias.<\/p>\n<p>El programa fue cancelado luego de sucesivas quejas judiciales de las jefaturas de polic\u00eda en el sentido de que carec\u00edan de autoridad -bajo la cl\u00e1usula de proceso debido de la Constituci\u00f3n- para retenerlos encarcelados hasta que fueran procesados por fines migratorios.<\/p>\n<p>La administraci\u00f3n del presidente Barack Obama decidi\u00f3 cancelar el a\u00f1o pasado \u201cComunidades Seguras\u201d y sustituirlo con el Programa de Prioridades de Cumplimiento (PEP), que limita la transferencia de detenidos a aquellos buscados por graves delitos o que son un riesgo a la seguridad nacional.<\/p>\n<p>Pero legisladores republicanos sostienen que el PEP es un \u201cfracaso\u201d porque es optativo y las jefaturas de polic\u00eda \u2013especialmente aquellas de unas 200 ciudades santuario del pa\u00eds- siguen ignorando las peticiones del DHS.<\/p>\n<p>&nbsp;<\/p>\n","protected":false},"excerpt":{"rendered":"<p>La precandidata dem\u00f3crata, Hillary Clinton, responde con un \u201c\u00a1Basta!\u201d a los comentarios xen\u00f3fobos hechos por su rival republicano, Donald Trump, principalmente contra los migrantes mexicanos.<\/p>\n","protected":false},"author":3,"featured_media":225871,"comment_status":"open","ping_status":"open","sticky":false,"template":"","format":"standard","meta":{"_monsterinsights_skip_tracking":false,"_monsterinsights_sitenote_active":false,"_monsterinsights_sitenote_note":"","_monsterinsights_sitenote_category":0,"footnotes":""},"categories":[9],"tags":[41813,177,43679,28514],"class_list":["post-225779","post","type-post","status-publish","format-standard","has-post-thumbnail","hentry","category-mundo","tag-donald-trump","tag-estados-unidos","tag-mundo","tag-partido-republicano"],"_links":{"self":[{"href":"https:\/\/www.diarioimagen.net\/index.php?rest_route=\/wp\/v2\/posts\/225779","targetHints":{"allow":["GET"]}}],"collection":[{"href":"https:\/\/www.diarioimagen.net\/index.php?rest_route=\/wp\/v2\/posts"}],"about":[{"href":"https:\/\/www.diarioimagen.net\/index.php?rest_route=\/wp\/v2\/types\/post"}],"author":[{"embeddable":true,"href":"https:\/\/www.diarioimagen.net\/index.php?rest_route=\/wp\/v2\/users\/3"}],"replies":[{"embeddable":true,"href":"https:\/\/www.diarioimagen.net\/index.php?rest_route=%2Fwp%2Fv2%2Fcomments&post=225779"}],"version-history":[{"count":0,"href":"https:\/\/www.diarioimagen.net\/index.php?rest_route=\/wp\/v2\/posts\/225779\/revisions"}],"wp:featuredmedia":[{"embeddable":true,"href":"https:\/\/www.diarioimagen.net\/index.php?rest_route=\/wp\/v2\/media\/225871"}],"wp:attachment":[{"href":"https:\/\/www.diarioimagen.net\/index.php?rest_route=%2Fwp%2Fv2%2Fmedia&parent=225779"}],"wp:term":[{"taxonomy":"category","embeddable":true,"href":"https:\/\/www.diarioimagen.net\/index.php?rest_route=%2Fwp%2Fv2%2Fcategories&post=225779"},{"taxonomy":"post_tag","embeddable":true,"href":"https:\/\/www.diarioimagen.net\/index.php?rest_route=%2Fwp%2Fv2%2Ftags&post=225779"}],"curies":[{"name":"wp","href":"https:\/\/api.w.org\/{rel}","templated":true}]}}