{"id":225781,"date":"2015-07-15T00:08:37","date_gmt":"2015-07-15T05:08:37","guid":{"rendered":"http:\/\/www.diarioimagen.net\/?p=225781"},"modified":"2015-07-15T03:54:36","modified_gmt":"2015-07-15T08:54:36","slug":"funcionarios-locales-podran-signar-acuerdos-internacionales","status":"publish","type":"post","link":"https:\/\/www.diarioimagen.net\/?p=225781","title":{"rendered":"Funcionarios locales podr\u00e1n signar acuerdos internacionales"},"content":{"rendered":"<ul>\n<li><strong><em>Aprueba Congreso mexiquense minuta de reforma<\/em><\/strong><\/li>\n<\/ul>\n<div id=\"attachment_225845\" style=\"width: 250px\" class=\"wp-caption alignleft\"><a href=\"http:\/\/www.diarioimagen.net\/?attachment_id=225845\" rel=\"attachment wp-att-225845\"><img loading=\"lazy\" decoding=\"async\" aria-describedby=\"caption-attachment-225845\" class=\"size-medium wp-image-225845\" src=\"http:\/\/www.diarioimagen.net\/wp-content\/uploads\/2015\/07\/LEGISLATURA-2654-240x135.jpg\" alt=\"La LVIII Legislatura aprob\u00f3 la adici\u00f3n de un segundo p\u00e1rrafo al art\u00edculo 137 de la Constituci\u00f3n, que busca resolver las problem\u00e1ticas que plantea la poblaci\u00f3n, tanto local como la que radica en el extranjero.\" width=\"240\" height=\"135\" srcset=\"https:\/\/www.diarioimagen.net\/wp-content\/uploads\/2015\/07\/LEGISLATURA-2654-240x135.jpg 240w, https:\/\/www.diarioimagen.net\/wp-content\/uploads\/2015\/07\/LEGISLATURA-2654-420x236.jpg 420w, https:\/\/www.diarioimagen.net\/wp-content\/uploads\/2015\/07\/LEGISLATURA-2654-235x132.jpg 235w, https:\/\/www.diarioimagen.net\/wp-content\/uploads\/2015\/07\/LEGISLATURA-2654-202x114.jpg 202w, https:\/\/www.diarioimagen.net\/wp-content\/uploads\/2015\/07\/LEGISLATURA-2654-350x196.jpg 350w, https:\/\/www.diarioimagen.net\/wp-content\/uploads\/2015\/07\/LEGISLATURA-2654-220x123.jpg 220w, https:\/\/www.diarioimagen.net\/wp-content\/uploads\/2015\/07\/LEGISLATURA-2654-237x132.jpg 237w, https:\/\/www.diarioimagen.net\/wp-content\/uploads\/2015\/07\/LEGISLATURA-2654.jpg 480w\" sizes=\"auto, (max-width: 240px) 100vw, 240px\" \/><\/a><p id=\"caption-attachment-225845\" class=\"wp-caption-text\">La LVIII Legislatura aprob\u00f3 la adici\u00f3n de un segundo p\u00e1rrafo al art\u00edculo 137 de la Constituci\u00f3n, que busca resolver las problem\u00e1ticas que plantea la poblaci\u00f3n, tanto local como la que radica en el extranjero.<\/p><\/div>\n<p>La Diputaci\u00f3n Permanente de la LVIII Legislatura estatal emiti\u00f3 la Declaratoria de Aprobaci\u00f3n de la minuta de Reforma Constitucional que faculta a los titulares de los poderes Ejecutivo, Judicial y Legislativo, a los presidentes municipales y a los representantes de cualquier dependencia u organismo descentralizado de la administraci\u00f3n p\u00fablica estatal a celebrar acuerdos interinstitucionales con \u00f3rganos gubernamentales extranjeros u organizaciones internacionales, a fin de establecer relaciones de car\u00e1cter social, cultural, cient\u00edfico, art\u00edstico, econ\u00f3mico, entre otros.<\/p>\n<p>La adici\u00f3n de un segundo p\u00e1rrafo al art\u00edculo 137 de la Constituci\u00f3n local, declarada constitucional en sesi\u00f3n presidida por la diputada Guadalupe Gabriela Castilla Garc\u00eda (PRI), busca facilitar la b\u00fasqueda de alternativas para resolver las problem\u00e1ticas que constantemente plantea la poblaci\u00f3n tanto local como la que radica en el extranjero, ya que la norma fundamental mexiquense no preve\u00eda entre sus disposiciones el reconocimiento expreso de las atribuciones de los funcionarios estatales para suscribir este tipo de acuerdos.<\/p>\n<p style=\"text-align: center;\"><strong>Piden incorporar la atenci\u00f3n a la salud mental en la legislaci\u00f3n estatal<\/strong><\/p>\n<p>Establecer como una obligaci\u00f3n del estado, de los poderes y las entidades p\u00fablicas, proteger y promover el derecho a la salud mental entre sus habitantes y quienes transiten por la entidad, es el prop\u00f3sito de la iniciativa que crea el Cap\u00edtulo Cuarto Bis del T\u00edtulo Tercero del Libro Segundo del C\u00f3digo Administrativo estatal denominado \u201cDe la salud mental\u201d, propuesta por el diputado Juan Abad de Jes\u00fas (MC).<\/p>\n<p>Propone facultar a la Secretar\u00eda de Salud a presentar a los ayuntamientos el convenio de colaboraci\u00f3n en la materia; a incorporar en los centros de atenci\u00f3n primaria o preventiva servicio de psicolog\u00eda y psiquiatr\u00eda, y presentar anualmente un diagn\u00f3stico estatal en la materia, as\u00ed como coordinar con la Secretar\u00eda de Educaci\u00f3n un servicio similar.<\/p>\n<p>Remitido a las comisiones de Gobernaci\u00f3n y Puntos Constitucionales y de Salud, Asistencia y Bienestar Social, el documento define salud mental como \u201cel Estado de bienestar de una persona que le permite una vida saludable y fomenta sus v\u00ednculos sociales en los aspectos cognoscitivos, conductuales y afectivos\u201d.<\/p>\n<p>Adicionalmente, pretende ofrecer un servicio de asistencia y orientaci\u00f3n psicol\u00f3gica v\u00eda telef\u00f3nica; emitir gu\u00edas t\u00e9cnicas de mejora de la salud mental para los centros de trabajo; emitir y operar un programa de atenci\u00f3n en los centros penitenciarios y coordinarse con la Comisi\u00f3n Estatal de Derechos Humanos para evitar o sancionar pr\u00e1cticas indebidas.<\/p>\n<p style=\"text-align: center;\"><strong>Informe del gobernador sobre salida al extranjero<\/strong><\/p>\n<p>La diputada Gabriela Castilla dio a conocer la recepci\u00f3n del informe de actividades y resultados obtenidos en la gira oficial que el gobernador Eruviel \u00c1vila Villegas realiz\u00f3 a la Rep\u00fablica Francesa del 29 de junio al 1 de julio pasados.<\/p>\n<p>El documento destaca el encuentro con Jos\u00e9 \u00c1ngel Gurr\u00eda, secretario general de la Organizaci\u00f3n para la Cooperaci\u00f3n y el Desarrollo Econ\u00f3micos\u00a0(OCDE), con quien se acord\u00f3 trabajar para aprovechar experiencia y asesor\u00edas de este organismo a efecto de promover el desarrollo regional de M\u00e9xico; la participaci\u00f3n en el Foro de la Acci\u00f3n Internacional de los gobiernos locales de la ONU, en el que la Conago y la Asociaci\u00f3n de Regiones de Francia suscribieron la Declaraci\u00f3n sobre la Acci\u00f3n Exterior de los Gobiernos Locales de ambos pa\u00edses, y se sign\u00f3 una carta de intenci\u00f3n con Jean Paul Bachy, presidente del Consejo Regional Champagne Ardenne, con la presencia del presidente Francois Hollande.<\/p>\n<p>En la sede de la UNESCO, el Gobierno mexiquense y la Conago firmaron diversos convenios de cooperaci\u00f3n en materias educativa, cultural y cient\u00edfica; con el rector de la Universidad Aut\u00f3noma del Estado de M\u00e9xico (UAEM) Jorge Olvera Garc\u00eda se realiz\u00f3 un encuentro con Thierry Tuot, presidente del Consorcio de La Sorbonne Universit\u00e9s y se firm\u00f3 una carta de intenci\u00f3n con el presidente de la Academia Nacional de Medicina de dicho pa\u00eds.<\/p>\n<p>&nbsp;<\/p>\n","protected":false},"excerpt":{"rendered":"<p>La Diputaci\u00f3n Permanente de la LVIII Legislatura estatal emiti\u00f3 la Declaratoria de Aprobaci\u00f3n de la minuta de Reforma Constitucional que faculta a los titulares de los poderes Ejecutivo, Judicial y Legislativo, a los presidentes municipales y a los representantes de cualquier dependencia u organismo descentralizado de la administraci\u00f3n p\u00fablica estatal a celebrar acuerdos interinstitucionales con \u00f3rganos gubernamentales extranjeros u organizaciones internacionales, a fin de establecer relaciones de car\u00e1cter social, cultural, cient\u00edfico, art\u00edstico, econ\u00f3mico, entre otros.<\/p>\n","protected":false},"author":3,"featured_media":225845,"comment_status":"open","ping_status":"open","sticky":false,"template":"","format":"standard","meta":{"_monsterinsights_skip_tracking":false,"_monsterinsights_sitenote_active":false,"_monsterinsights_sitenote_note":"","_monsterinsights_sitenote_category":0,"footnotes":""},"categories":[5],"tags":[43675,17916],"class_list":["post-225781","post","type-post","status-publish","format-standard","has-post-thumbnail","hentry","category-estado-de-mexico","tag-estado-de-mexico","tag-reforma-constitucional"],"_links":{"self":[{"href":"https:\/\/www.diarioimagen.net\/index.php?rest_route=\/wp\/v2\/posts\/225781","targetHints":{"allow":["GET"]}}],"collection":[{"href":"https:\/\/www.diarioimagen.net\/index.php?rest_route=\/wp\/v2\/posts"}],"about":[{"href":"https:\/\/www.diarioimagen.net\/index.php?rest_route=\/wp\/v2\/types\/post"}],"author":[{"embeddable":true,"href":"https:\/\/www.diarioimagen.net\/index.php?rest_route=\/wp\/v2\/users\/3"}],"replies":[{"embeddable":true,"href":"https:\/\/www.diarioimagen.net\/index.php?rest_route=%2Fwp%2Fv2%2Fcomments&post=225781"}],"version-history":[{"count":0,"href":"https:\/\/www.diarioimagen.net\/index.php?rest_route=\/wp\/v2\/posts\/225781\/revisions"}],"wp:featuredmedia":[{"embeddable":true,"href":"https:\/\/www.diarioimagen.net\/index.php?rest_route=\/wp\/v2\/media\/225845"}],"wp:attachment":[{"href":"https:\/\/www.diarioimagen.net\/index.php?rest_route=%2Fwp%2Fv2%2Fmedia&parent=225781"}],"wp:term":[{"taxonomy":"category","embeddable":true,"href":"https:\/\/www.diarioimagen.net\/index.php?rest_route=%2Fwp%2Fv2%2Fcategories&post=225781"},{"taxonomy":"post_tag","embeddable":true,"href":"https:\/\/www.diarioimagen.net\/index.php?rest_route=%2Fwp%2Fv2%2Ftags&post=225781"}],"curies":[{"name":"wp","href":"https:\/\/api.w.org\/{rel}","templated":true}]}}