{"id":225950,"date":"2015-07-16T00:06:40","date_gmt":"2015-07-16T05:06:40","guid":{"rendered":"http:\/\/www.diarioimagen.net\/?p=225950"},"modified":"2015-07-17T01:27:09","modified_gmt":"2015-07-17T06:27:09","slug":"destaca-eruviel-avila-labor-diplomatica-de-pena-nieto","status":"publish","type":"post","link":"https:\/\/www.diarioimagen.net\/?p=225950","title":{"rendered":"Destaca Eruviel \u00c1vila labor diplom\u00e1tica de Pe\u00f1a Nieto"},"content":{"rendered":"<ul>\n<li><strong><em>Acuerdos entre M\u00e9xico y Francia<\/em><\/strong><\/li>\n<\/ul>\n<div id=\"attachment_226006\" style=\"width: 250px\" class=\"wp-caption alignleft\"><a href=\"http:\/\/www.diarioimagen.net\/?attachment_id=226006\" rel=\"attachment wp-att-226006\"><img loading=\"lazy\" decoding=\"async\" aria-describedby=\"caption-attachment-226006\" class=\"size-medium wp-image-226006\" src=\"http:\/\/www.diarioimagen.net\/wp-content\/uploads\/2015\/07\/eruviel-2655-240x135.jpg\" alt=\"El gobernador Eruviel \u00c1vila Inaugur\u00f3 la exposici\u00f3n \u201cUna Muestra Imposible: Leonardo, Rafael y Caravaggio\u201d, en la Escuela Normal de Atlacomulco, donde permanecer\u00e1 hasta el pr\u00f3ximo 9 de agosto y cuya entrada es gratuita.\" width=\"240\" height=\"135\" srcset=\"https:\/\/www.diarioimagen.net\/wp-content\/uploads\/2015\/07\/eruviel-2655-240x135.jpg 240w, https:\/\/www.diarioimagen.net\/wp-content\/uploads\/2015\/07\/eruviel-2655-420x236.jpg 420w, https:\/\/www.diarioimagen.net\/wp-content\/uploads\/2015\/07\/eruviel-2655-235x132.jpg 235w, https:\/\/www.diarioimagen.net\/wp-content\/uploads\/2015\/07\/eruviel-2655-202x114.jpg 202w, https:\/\/www.diarioimagen.net\/wp-content\/uploads\/2015\/07\/eruviel-2655-350x196.jpg 350w, https:\/\/www.diarioimagen.net\/wp-content\/uploads\/2015\/07\/eruviel-2655-220x123.jpg 220w, https:\/\/www.diarioimagen.net\/wp-content\/uploads\/2015\/07\/eruviel-2655-237x132.jpg 237w, https:\/\/www.diarioimagen.net\/wp-content\/uploads\/2015\/07\/eruviel-2655.jpg 480w\" sizes=\"auto, (max-width: 240px) 100vw, 240px\" \/><\/a><p id=\"caption-attachment-226006\" class=\"wp-caption-text\">El gobernador Eruviel \u00c1vila Inaugur\u00f3 la exposici\u00f3n \u201cUna Muestra Imposible: Leonardo, Rafael y Caravaggio\u201d, en la Escuela Normal de Atlacomulco, donde permanecer\u00e1 hasta el pr\u00f3ximo 9 de agosto y cuya entrada es gratuita.<\/p><\/div>\n<p><strong>Atlacomulco, Estado de M\u00e9xico<\/strong>.- El gobernador Eruviel \u00c1vila Villegas reconoci\u00f3 al presidente Enrique Pe\u00f1a Nieto, por el trabajo diplom\u00e1tico emprendido durante su gira de trabajo en la ciudad de Par\u00eds, Francia, en la cual estableci\u00f3 una serie de acuerdos en los \u00e1mbitos educativo, cultural, de salud, ciencia y tecnolog\u00eda, entre otros, en beneficio de ambas naciones.<\/p>\n<p>\u201cEste tipo de encuentros fortalecen precisamente los v\u00ednculos entre pa\u00edses hermanos y tambi\u00e9n nos permiten poder tener oportunidades de fortalecer la cultura entre ambos pa\u00edses. As\u00ed es que celebro la serie de convenios, de diferentes acuerdos que ha generado M\u00e9xico con Francia, en materia de ciencia, tecnolog\u00eda, de educaci\u00f3n, en el rubro de la industria qu\u00edmica-farmac\u00e9utica, y muchos rubros m\u00e1s que habr\u00e1 de traer beneficios a M\u00e9xico y especialmente a nuestro Estado de M\u00e9xico\u201d, expres\u00f3.<\/p>\n<p>El gobernador tambi\u00e9n celebr\u00f3 que esta es la primera ocasi\u00f3n en la que el gobierno franc\u00e9s invita a un presidente mexicano a participar en el Desfile Militar conmemorativo del D\u00eda Nacional de Francia, hecho que fortalece la relaci\u00f3n entre los dos pa\u00edses y por el cual los mexicanos deben sentirse orgullosos, luego de que elementos del Ej\u00e9rcito Mexicano desfilaron por importantes avenidas de la capital francesa, durante la conmemoraci\u00f3n de la toma de la Bastilla.<\/p>\n<p style=\"text-align: center;\"><strong>Grandes pintores\u00a0<\/strong><strong style=\"line-height: 1.5;\">en Atlacomulco<\/strong><\/p>\n<p>El gobernador Eruviel \u00c1vila, junto con la primera bailarina de la \u00d3pera de Berl\u00edn y embajadora de la Cultura de M\u00e9xico, Elisa Carrillo Cabrera, inauguraron la exposici\u00f3n \u201cUna Muestra Imposible: Leonardo, Rafael y Caravaggio\u201d, en la Escuela Normal de Atlacomulco, donde permanecer\u00e1 hasta el pr\u00f3ximo 9 de agosto y cuya entrada es gratuita.<\/p>\n<p>La muestra est\u00e1 integrada por 57 piezas de estos reconocidos pintores italianos, y las cuales se presentan en formato de reproducci\u00f3n digital, en un horario de 10:00 a 18:00 horas de lunes a domingo. Adem\u00e1s tambi\u00e9n llegar\u00e1 al Centro Cultural Mexiquense Bicentenario, en Texcoco, donde se expondr\u00e1 desde el 18 de agosto, para despedirse de su recorrido por la entidad el 27 de septiembre.<\/p>\n<p>Estuvieron presentes el secretario Cultural y Art\u00edstico de Conaculta, Jos\u00e9 Sa\u00fal Ju\u00e1rez Vega; el agregado cultural de la embajada de Italia en M\u00e9xico, Gianni Vinciguerra; el director general el Centro Nacional de las Artes, Ricardo Calder\u00f3n Figueroa; el secretario de Cultura, Eduardo Gasca Pliego y el alcalde de Atlacomulco, Arturo V\u00e9lez Escamilla.<\/p>\n<p>&nbsp;<\/p>\n","protected":false},"excerpt":{"rendered":"<p>El gobernador Eruviel \u00c1vila Villegas reconoci\u00f3 al presidente Enrique Pe\u00f1a Nieto, por el trabajo diplom\u00e1tico emprendido durante su gira de trabajo en la ciudad de Par\u00eds, Francia, en la cual estableci\u00f3 una serie de acuerdos en los \u00e1mbitos educativo, cultural, de salud, ciencia y tecnolog\u00eda, entre otros, en beneficio de ambas naciones.<\/p>\n","protected":false},"author":3,"featured_media":226006,"comment_status":"open","ping_status":"open","sticky":false,"template":"","format":"standard","meta":{"_monsterinsights_skip_tracking":false,"_monsterinsights_sitenote_active":false,"_monsterinsights_sitenote_note":"","_monsterinsights_sitenote_category":0,"footnotes":""},"categories":[5],"tags":[1302,5828,43675,2115,44],"class_list":["post-225950","post","type-post","status-publish","format-standard","has-post-thumbnail","hentry","category-estado-de-mexico","tag-atlacomulco","tag-eruviel-avila-villegas","tag-estado-de-mexico","tag-francia","tag-mexico"],"_links":{"self":[{"href":"https:\/\/www.diarioimagen.net\/index.php?rest_route=\/wp\/v2\/posts\/225950","targetHints":{"allow":["GET"]}}],"collection":[{"href":"https:\/\/www.diarioimagen.net\/index.php?rest_route=\/wp\/v2\/posts"}],"about":[{"href":"https:\/\/www.diarioimagen.net\/index.php?rest_route=\/wp\/v2\/types\/post"}],"author":[{"embeddable":true,"href":"https:\/\/www.diarioimagen.net\/index.php?rest_route=\/wp\/v2\/users\/3"}],"replies":[{"embeddable":true,"href":"https:\/\/www.diarioimagen.net\/index.php?rest_route=%2Fwp%2Fv2%2Fcomments&post=225950"}],"version-history":[{"count":0,"href":"https:\/\/www.diarioimagen.net\/index.php?rest_route=\/wp\/v2\/posts\/225950\/revisions"}],"wp:featuredmedia":[{"embeddable":true,"href":"https:\/\/www.diarioimagen.net\/index.php?rest_route=\/wp\/v2\/media\/226006"}],"wp:attachment":[{"href":"https:\/\/www.diarioimagen.net\/index.php?rest_route=%2Fwp%2Fv2%2Fmedia&parent=225950"}],"wp:term":[{"taxonomy":"category","embeddable":true,"href":"https:\/\/www.diarioimagen.net\/index.php?rest_route=%2Fwp%2Fv2%2Fcategories&post=225950"},{"taxonomy":"post_tag","embeddable":true,"href":"https:\/\/www.diarioimagen.net\/index.php?rest_route=%2Fwp%2Fv2%2Ftags&post=225950"}],"curies":[{"name":"wp","href":"https:\/\/api.w.org\/{rel}","templated":true}]}}