{"id":225952,"date":"2015-07-16T00:13:32","date_gmt":"2015-07-16T05:13:32","guid":{"rendered":"http:\/\/www.diarioimagen.net\/?p=225952"},"modified":"2015-07-16T03:43:20","modified_gmt":"2015-07-16T08:43:20","slug":"se-fortalecen-los-vinculos-con-francia","status":"publish","type":"post","link":"https:\/\/www.diarioimagen.net\/?p=225952","title":{"rendered":"Se fortalecen los v\u00ednculos con Francia"},"content":{"rendered":"<h2>Arco Norte<\/h2>\n<h5>Jos\u00e9 Luis Monta\u00f1ez Aguilar<\/h5>\n<p>&nbsp;<\/p>\n<div id=\"attachment_226010\" style=\"width: 250px\" class=\"wp-caption alignleft\"><a href=\"http:\/\/www.diarioimagen.net\/?attachment_id=226010\" rel=\"attachment wp-att-226010\"><img loading=\"lazy\" decoding=\"async\" aria-describedby=\"caption-attachment-226010\" class=\"size-medium wp-image-226010\" src=\"http:\/\/www.diarioimagen.net\/wp-content\/uploads\/2015\/07\/arco-2655-240x158.jpg\" alt=\"El gobernador Eruviel \u00c1vila, inaugurando la exposici\u00f3n &quot;Una Muestra Imposible&quot;.\" width=\"240\" height=\"158\" srcset=\"https:\/\/www.diarioimagen.net\/wp-content\/uploads\/2015\/07\/arco-2655-240x158.jpg 240w, https:\/\/www.diarioimagen.net\/wp-content\/uploads\/2015\/07\/arco-2655-420x276.jpg 420w, https:\/\/www.diarioimagen.net\/wp-content\/uploads\/2015\/07\/arco-2655.jpg 640w\" sizes=\"auto, (max-width: 240px) 100vw, 240px\" \/><\/a><p id=\"caption-attachment-226010\" class=\"wp-caption-text\">El gobernador Eruviel \u00c1vila, inaugurando la exposici\u00f3n \u00abUna Muestra Imposible\u00bb.<\/p><\/div>\n<p>Eruviel \u00c1vila Villegas reconoci\u00f3 al presidente Enrique Pe\u00f1a Nieto, por el trabajo diplom\u00e1tico emprendido durante su gira de trabajo en Francia, en la cual estableci\u00f3 una serie de acuerdos en los \u00e1mbitos educativo, cultural, de salud, ciencia y tecnolog\u00eda, entre otros, en beneficio de ambas naciones. El mandatario mexiquense celebr\u00f3 que esta es la primera ocasi\u00f3n en la que el gobierno franc\u00e9s invita a un presidente mexicano a participar en el desfile conmemorativo del D\u00eda Nacional de Francia, hecho que fortalece la relaci\u00f3n entre los dos pa\u00edses y por el cual los mexicanos deben sentirse orgullosos, luego de que elementos del Ej\u00e9rcito mexicano desfilaron por importantes avenidas de Par\u00eds, durante la conmemoraci\u00f3n de La Toma de la Bastilla. Se\u00f1al\u00f3 que rste tipo de encuentros fortalecen precisamente los v\u00ednculos entre pa\u00edses hermanos y tambi\u00e9n nos permiten poder tener oportunidades de fortalecer la cultura entre ambos pa\u00edses. As\u00ed es que celebro la serie de convenios, de diferentes acuerdos que ha generado M\u00e9xico con Francia, en materia de ciencia, tecnolog\u00eda, de educaci\u00f3n, en el rubro de la industria qu\u00edmica-farmac\u00e9utica, y muchos rubros m\u00e1s que habr\u00e1 de traer beneficios a M\u00e9xico y especialmente a nuestro Estado de M\u00e9xico. El titular del Ejecutivo estatal inaugur\u00f3, junto con la primera bailarina de la \u00d3pera de Berl\u00edn y embajadora de la Cultura de M\u00e9xico, Elisa Carrillo Cabrera, la exposici\u00f3n \u201cUna Muestra Imposible: Leonardo, Rafael y Caravaggio\u201d, en la Escuela Normal de Atlacomulco, donde permanecer\u00e1 hasta el pr\u00f3ximo 9 de agosto y cuya entrada es gratuita.<\/p>\n<p><em><a href=\"mailto:montanezaguilar@gmail.com\" target=\"_blank\">montanezaguilar@gmail.com<\/a><\/em><\/p>\n<p>&nbsp;<\/p>\n<p>&nbsp;<\/p>\n","protected":false},"excerpt":{"rendered":"<p><span style=\"color: #005497;\"><strong>Jos\u00e9 Luis Monta\u00f1ez Aguilar<\/strong><\/span><br \/>\n<br \/>\nEruviel \u00c1vila Villegas reconoci\u00f3 al presidente Enrique Pe\u00f1a Nieto, por el trabajo diplom\u00e1tico emprendido durante su gira de trabajo en Francia, en la cual estableci\u00f3 una serie de acuerdos en los \u00e1mbitos educativo, cultural, de salud, ciencia y tecnolog\u00eda, entre otros, en beneficio de ambas naciones. <\/p>\n","protected":false},"author":3,"featured_media":226010,"comment_status":"open","ping_status":"open","sticky":false,"template":"","format":"standard","meta":{"_monsterinsights_skip_tracking":false,"_monsterinsights_sitenote_active":false,"_monsterinsights_sitenote_note":"","_monsterinsights_sitenote_category":0,"footnotes":""},"categories":[5],"tags":[13284,43704,43674],"class_list":["post-225952","post","type-post","status-publish","format-standard","has-post-thumbnail","hentry","category-estado-de-mexico","tag-arco-norte","tag-jose-luis-montanez-aguilar","tag-opinion"],"_links":{"self":[{"href":"https:\/\/www.diarioimagen.net\/index.php?rest_route=\/wp\/v2\/posts\/225952","targetHints":{"allow":["GET"]}}],"collection":[{"href":"https:\/\/www.diarioimagen.net\/index.php?rest_route=\/wp\/v2\/posts"}],"about":[{"href":"https:\/\/www.diarioimagen.net\/index.php?rest_route=\/wp\/v2\/types\/post"}],"author":[{"embeddable":true,"href":"https:\/\/www.diarioimagen.net\/index.php?rest_route=\/wp\/v2\/users\/3"}],"replies":[{"embeddable":true,"href":"https:\/\/www.diarioimagen.net\/index.php?rest_route=%2Fwp%2Fv2%2Fcomments&post=225952"}],"version-history":[{"count":0,"href":"https:\/\/www.diarioimagen.net\/index.php?rest_route=\/wp\/v2\/posts\/225952\/revisions"}],"wp:featuredmedia":[{"embeddable":true,"href":"https:\/\/www.diarioimagen.net\/index.php?rest_route=\/wp\/v2\/media\/226010"}],"wp:attachment":[{"href":"https:\/\/www.diarioimagen.net\/index.php?rest_route=%2Fwp%2Fv2%2Fmedia&parent=225952"}],"wp:term":[{"taxonomy":"category","embeddable":true,"href":"https:\/\/www.diarioimagen.net\/index.php?rest_route=%2Fwp%2Fv2%2Fcategories&post=225952"},{"taxonomy":"post_tag","embeddable":true,"href":"https:\/\/www.diarioimagen.net\/index.php?rest_route=%2Fwp%2Fv2%2Ftags&post=225952"}],"curies":[{"name":"wp","href":"https:\/\/api.w.org\/{rel}","templated":true}]}}