{"id":225954,"date":"2015-07-16T00:08:28","date_gmt":"2015-07-16T05:08:28","guid":{"rendered":"http:\/\/www.diarioimagen.net\/?p=225954"},"modified":"2015-07-16T03:49:29","modified_gmt":"2015-07-16T08:49:29","slug":"rinden-protesta-funcionarios-de-la-secretaria-del-trabajo","status":"publish","type":"post","link":"https:\/\/www.diarioimagen.net\/?p=225954","title":{"rendered":"Rinden protesta funcionarios de la Secretar\u00eda del Trabajo"},"content":{"rendered":"<ul>\n<li><strong><em>Por instrucciones de Eruviel \u00c1vila<\/em><\/strong><\/li>\n<\/ul>\n<div id=\"attachment_226013\" style=\"width: 250px\" class=\"wp-caption alignleft\"><a href=\"http:\/\/www.diarioimagen.net\/?attachment_id=226013\" rel=\"attachment wp-att-226013\"><img loading=\"lazy\" decoding=\"async\" aria-describedby=\"caption-attachment-226013\" class=\"wp-image-226013 size-medium\" src=\"http:\/\/www.diarioimagen.net\/wp-content\/uploads\/2015\/07\/edomex-2655-240x135.jpg\" alt=\"A nombre del gobernador Eruviel \u00c1vila, tom\u00f3 protesta a Germ\u00e1n Ortiz Mondrag\u00f3n, al frente de la Procuradur\u00eda de la Defensa del Trabajo.\" width=\"240\" height=\"135\" srcset=\"https:\/\/www.diarioimagen.net\/wp-content\/uploads\/2015\/07\/edomex-2655-240x135.jpg 240w, https:\/\/www.diarioimagen.net\/wp-content\/uploads\/2015\/07\/edomex-2655-420x236.jpg 420w, https:\/\/www.diarioimagen.net\/wp-content\/uploads\/2015\/07\/edomex-2655-235x132.jpg 235w, https:\/\/www.diarioimagen.net\/wp-content\/uploads\/2015\/07\/edomex-2655-202x114.jpg 202w, https:\/\/www.diarioimagen.net\/wp-content\/uploads\/2015\/07\/edomex-2655-350x196.jpg 350w, https:\/\/www.diarioimagen.net\/wp-content\/uploads\/2015\/07\/edomex-2655-220x123.jpg 220w, https:\/\/www.diarioimagen.net\/wp-content\/uploads\/2015\/07\/edomex-2655-237x132.jpg 237w, https:\/\/www.diarioimagen.net\/wp-content\/uploads\/2015\/07\/edomex-2655.jpg 480w\" sizes=\"auto, (max-width: 240px) 100vw, 240px\" \/><\/a><p id=\"caption-attachment-226013\" class=\"wp-caption-text\">A nombre del gobernador Eruviel \u00c1vila, el secretario del Trabajo, Javier Garc\u00eda Bejos, tom\u00f3 protesta a Germ\u00e1n Ortiz Mondrag\u00f3n, al frente de la Procuradur\u00eda de la Defensa del Trabajo.<\/p><\/div>\n<p><strong>Toluca, Estado de M\u00e9xico<\/strong>.- Por instrucciones del gobernador Eruviel \u00c1vila Villegas, el secretario del Trabajo, Javier Garc\u00eda Bejos, tom\u00f3 protesta de ley a nuevos servidores p\u00fablicos; se trata de Germ\u00e1n Ortiz Mondrag\u00f3n, quien encabezar\u00e1 la Procuradur\u00eda de la Defensa del Trabajo; Nicolle Gisel Rogel Mercado como directora general del Trabajo; Ra\u00fal Falc\u00f3n Arce, como presidente de la Junta Local de Conciliaci\u00f3n y Arbitraje del Valle Cuautitl\u00e1n Texcoco; Evangelina Lara Alc\u00e1ntara en el Tribunal Estatal de Conciliaci\u00f3n y Arbitraje y Carlos Alberto P\u00e9rez Guti\u00e9rrez, como contralor interno de la dependencia.<\/p>\n<p>Germ\u00e1n Ortiz es licenciado en Derecho por la Universidad Aut\u00f3noma del Estado de M\u00e9xico (UAEM), cuenta con m\u00e1s de 20 a\u00f1os de servicio en los tribunales laborales, desempe\u00f1ando cargos como actuario, presidente de Junta Especial, secretario general de Conflictos Colectivos y Huelgas y encargado de Despacho de la presidencia de la Junta Local de Conciliaci\u00f3n y Arbitraje del Valle de Toluca.<\/p>\n<p>Nicolle Gisel Rogel es licenciada en Econom\u00eda por la Universidad Aut\u00f3noma del Estado de M\u00e9xico (UAEM) y Master of Business Administration Menci\u00f3n Honor\u00edfica por la Universidad de las Am\u00e9ricas, A. C. Fue jefa de \u00e1rea en la Secretar\u00eda de Desarrollo Econ\u00f3mico del gobierno del Estado de M\u00e9xico, jefa del Departamento de Promoci\u00f3n a la Industria en el Consejo Mexiquense de Ciencia y Tecnolog\u00eda, es presidenta del Colegio de Economistas del Estado de M\u00e9xico, entre otros cargos.<\/p>\n","protected":false},"excerpt":{"rendered":"<p>Por instrucciones del gobernador Eruviel \u00c1vila Villegas, el secretario del Trabajo, Javier Garc\u00eda Bejos, tom\u00f3 protesta de ley a nuevos servidores p\u00fablicos; se trata de Germ\u00e1n Ortiz Mondrag\u00f3n, quien encabezar\u00e1 la Procuradur\u00eda de la Defensa del Trabajo; Nicolle Gisel Rogel Mercado como directora general del Trabajo; Ra\u00fal Falc\u00f3n Arce, como presidente de la Junta Local de Conciliaci\u00f3n y Arbitraje del Valle Cuautitl\u00e1n Texcoco; Evangelina Lara Alc\u00e1ntara en el Tribunal Estatal de Conciliaci\u00f3n y Arbitraje y Carlos Alberto P\u00e9rez Guti\u00e9rrez, como contralor interno de la dependencia.<\/p>\n","protected":false},"author":3,"featured_media":226013,"comment_status":"open","ping_status":"open","sticky":false,"template":"","format":"standard","meta":{"_monsterinsights_skip_tracking":false,"_monsterinsights_sitenote_active":false,"_monsterinsights_sitenote_note":"","_monsterinsights_sitenote_category":0,"footnotes":""},"categories":[5],"tags":[43675,452],"class_list":["post-225954","post","type-post","status-publish","format-standard","has-post-thumbnail","hentry","category-estado-de-mexico","tag-estado-de-mexico","tag-toluca"],"_links":{"self":[{"href":"https:\/\/www.diarioimagen.net\/index.php?rest_route=\/wp\/v2\/posts\/225954","targetHints":{"allow":["GET"]}}],"collection":[{"href":"https:\/\/www.diarioimagen.net\/index.php?rest_route=\/wp\/v2\/posts"}],"about":[{"href":"https:\/\/www.diarioimagen.net\/index.php?rest_route=\/wp\/v2\/types\/post"}],"author":[{"embeddable":true,"href":"https:\/\/www.diarioimagen.net\/index.php?rest_route=\/wp\/v2\/users\/3"}],"replies":[{"embeddable":true,"href":"https:\/\/www.diarioimagen.net\/index.php?rest_route=%2Fwp%2Fv2%2Fcomments&post=225954"}],"version-history":[{"count":0,"href":"https:\/\/www.diarioimagen.net\/index.php?rest_route=\/wp\/v2\/posts\/225954\/revisions"}],"wp:featuredmedia":[{"embeddable":true,"href":"https:\/\/www.diarioimagen.net\/index.php?rest_route=\/wp\/v2\/media\/226013"}],"wp:attachment":[{"href":"https:\/\/www.diarioimagen.net\/index.php?rest_route=%2Fwp%2Fv2%2Fmedia&parent=225954"}],"wp:term":[{"taxonomy":"category","embeddable":true,"href":"https:\/\/www.diarioimagen.net\/index.php?rest_route=%2Fwp%2Fv2%2Fcategories&post=225954"},{"taxonomy":"post_tag","embeddable":true,"href":"https:\/\/www.diarioimagen.net\/index.php?rest_route=%2Fwp%2Fv2%2Ftags&post=225954"}],"curies":[{"name":"wp","href":"https:\/\/api.w.org\/{rel}","templated":true}]}}