{"id":226112,"date":"2015-07-17T00:09:25","date_gmt":"2015-07-17T05:09:25","guid":{"rendered":"http:\/\/www.diarioimagen.net\/?p=226112"},"modified":"2015-07-17T00:37:46","modified_gmt":"2015-07-17T05:37:46","slug":"anuncia-mancera-9-cambios-en-su-gabinete","status":"publish","type":"post","link":"https:\/\/www.diarioimagen.net\/?p=226112","title":{"rendered":"Anuncia Mancera nueve cambios en su gabinete"},"content":{"rendered":"<ul>\n<li><strong><em>Patricia Mercado, secretaria de Gobierno<\/em><\/strong><\/li>\n<\/ul>\n<div id=\"attachment_226113\" style=\"width: 250px\" class=\"wp-caption alignleft\"><a href=\"http:\/\/www.diarioimagen.net\/?attachment_id=226113\" rel=\"attachment wp-att-226113\"><img loading=\"lazy\" decoding=\"async\" aria-describedby=\"caption-attachment-226113\" class=\"wp-image-226113 size-medium\" src=\"http:\/\/www.diarioimagen.net\/wp-content\/uploads\/2015\/07\/MANCERA-portal2-240x140.jpg\" alt=\"Miguel \u00c1ngel Mancera anunci\u00f3 ajustes en su gabinete legal y ampliado con miras al 2018.\" width=\"240\" height=\"140\" srcset=\"https:\/\/www.diarioimagen.net\/wp-content\/uploads\/2015\/07\/MANCERA-portal2-240x140.jpg 240w, https:\/\/www.diarioimagen.net\/wp-content\/uploads\/2015\/07\/MANCERA-portal2-420x245.jpg 420w, https:\/\/www.diarioimagen.net\/wp-content\/uploads\/2015\/07\/MANCERA-portal2.jpg 480w\" sizes=\"auto, (max-width: 240px) 100vw, 240px\" \/><\/a><p id=\"caption-attachment-226113\" class=\"wp-caption-text\">Miguel \u00c1ngel Mancera anunci\u00f3 ajustes en su gabinete legal y ampliado con miras al 2018.<\/p><\/div>\n<p>El jefe de gobierno, Miguel \u00c1ngel Mancera, anunci\u00f3 nueve ajustes en su gabinete legal y ampliado, tras realizar una evaluaci\u00f3n a sus integrantes.<\/p>\n<p>Destacan los nombramientos de Patricia Mercado en la Secretar\u00eda de Gobierno y Jorge Gavi\u00f1o, en la direcci\u00f3n del Sistema de Transporte Colectivo (STC) Metro.<\/p>\n<p>Anunci\u00f3 adem\u00e1s de los movimientos de Jos\u00e9 Ram\u00f3n Amieva, como secretario de Desarrollo Social; Manuel Granados, en la Consejer\u00eda Jur\u00eddica; Alejandra Barrales, en Educaci\u00f3n P\u00fablica y Amalia Garc\u00eda, en la Secretar\u00eda del Trabajo.<\/p>\n<p>En la Secretar\u00eda de Movildad se ubicar\u00e1 H\u00e9ctor Serrano, junto con Laura Ballesteros, quien fungir\u00e1 como titular del nuevo modelo de Movilidad; Rosa Icela Rodr\u00edguez ser\u00e1 secretaria de Desarrollo Rural y Equidad para las Comunidades.<\/p>\n<p>Se integrar\u00e1 a Amalia Garc\u00eda como secretaria del Trabajo y confirm\u00f3 a Jorge Gavi\u00f1o como nuevo director del Metro.<\/p>\n<p>Miguel \u00c1ngel Mancera afirm\u00f3 que los cambios se dan para seguir con el rumbo progresista de su gobierno, para realizar mejoras y en respuesta a las demandas de los ciudadanos.<\/p>\n<p>\u201cEl gobierno del DF escucha y hemos escuchado el mensaje de los ciudadanos, que exigen acciones, soluciones y resultados concretos\u201d, coment\u00f3 Mancera.<\/p>\n<p>El mandatario dijo que su administraci\u00f3n se adecua al nuevo esp\u00edritu de las pol\u00edticas p\u00fablicas.<\/p>\n<p>\u201cEl gobierno que encabezo es amplio y plural, vamos a demostrar que podemos trabajar y bien, con todas las fuerzas pol\u00edticas en la ALDF.<\/p>\n<p>\u201cTodos los integrantes del nuevo equipo de trabajo deber\u00e1n responder con prontitud y honestidad a las tareas que sean de su competencia\u201d, se\u00f1al\u00f3.<\/p>\n<p>El 2 de julio, Mancera pidi\u00f3 la renuncia de su gabinete legal y jefe de la oficina.<\/p>\n<p>La petici\u00f3n era con fecha al 15 de julio, para realizar una evaluaci\u00f3n de desempe\u00f1o y determinar qui\u00e9nes eran ratificados y qui\u00e9nes no.<\/p>\n<p>Un d\u00eda antes de este plazo, Mancera se\u00f1al\u00f3 que continuaba realizando la evaluaci\u00f3n para definir qui\u00e9nes se ir\u00e1n y qui\u00e9nes permanecer\u00e1n en sus cargos.<\/p>\n<p>La solicitud tambi\u00e9n se hizo extensiva a los integrantes del gabinete ampliado, el cual incluye a los titulares del Metro, RTP y Autoridad del Centro Hist\u00f3rico, entre otros.<\/p>\n<p>Los funcionarios que salieron son: Rufino H. Le\u00f3n Tovar, hasta hoy titular de Semovi; Joel Ortega, del STC Metro; Mara Robles, de Educaci\u00f3n y Hegel Cort\u00e9s. de Sederec.<\/p>\n","protected":false},"excerpt":{"rendered":"<p>El jefe de gobierno, Miguel \u00c1ngel Mancera, anunci\u00f3 nueve ajustes en su gabinete legal y ampliado, tras realizar una evaluaci\u00f3n a sus integrantes.<\/p>\n","protected":false},"author":5,"featured_media":226113,"comment_status":"open","ping_status":"open","sticky":false,"template":"","format":"standard","meta":{"_monsterinsights_skip_tracking":false,"_monsterinsights_sitenote_active":false,"_monsterinsights_sitenote_note":"","_monsterinsights_sitenote_category":0,"footnotes":""},"categories":[6],"tags":[204,19988,5314,1889,4658],"class_list":["post-226112","post","type-post","status-publish","format-standard","has-post-thumbnail","hentry","category-cd-de-mexico","tag-ciudad-de-mexico","tag-gabinete","tag-miguel-angel-mancera-espinosa","tag-sistema-de-transporte-colectivo","tag-stc"],"_links":{"self":[{"href":"https:\/\/www.diarioimagen.net\/index.php?rest_route=\/wp\/v2\/posts\/226112","targetHints":{"allow":["GET"]}}],"collection":[{"href":"https:\/\/www.diarioimagen.net\/index.php?rest_route=\/wp\/v2\/posts"}],"about":[{"href":"https:\/\/www.diarioimagen.net\/index.php?rest_route=\/wp\/v2\/types\/post"}],"author":[{"embeddable":true,"href":"https:\/\/www.diarioimagen.net\/index.php?rest_route=\/wp\/v2\/users\/5"}],"replies":[{"embeddable":true,"href":"https:\/\/www.diarioimagen.net\/index.php?rest_route=%2Fwp%2Fv2%2Fcomments&post=226112"}],"version-history":[{"count":0,"href":"https:\/\/www.diarioimagen.net\/index.php?rest_route=\/wp\/v2\/posts\/226112\/revisions"}],"wp:featuredmedia":[{"embeddable":true,"href":"https:\/\/www.diarioimagen.net\/index.php?rest_route=\/wp\/v2\/media\/226113"}],"wp:attachment":[{"href":"https:\/\/www.diarioimagen.net\/index.php?rest_route=%2Fwp%2Fv2%2Fmedia&parent=226112"}],"wp:term":[{"taxonomy":"category","embeddable":true,"href":"https:\/\/www.diarioimagen.net\/index.php?rest_route=%2Fwp%2Fv2%2Fcategories&post=226112"},{"taxonomy":"post_tag","embeddable":true,"href":"https:\/\/www.diarioimagen.net\/index.php?rest_route=%2Fwp%2Fv2%2Ftags&post=226112"}],"curies":[{"name":"wp","href":"https:\/\/api.w.org\/{rel}","templated":true}]}}