{"id":226150,"date":"2015-07-17T00:13:32","date_gmt":"2015-07-17T05:13:32","guid":{"rendered":"http:\/\/www.diarioimagen.net\/?p=226150"},"modified":"2015-07-17T03:20:22","modified_gmt":"2015-07-17T08:20:22","slug":"franco-dialogo-con-fracciones-legislativas","status":"publish","type":"post","link":"https:\/\/www.diarioimagen.net\/?p=226150","title":{"rendered":"Franco di\u00e1logo con fracciones legislativas"},"content":{"rendered":"<h2>Arco Norte<\/h2>\n<h5>Jos\u00e9 Luis Monta\u00f1ez Aguilar<\/h5>\n<p>&nbsp;<\/p>\n<p><a href=\"http:\/\/www.diarioimagen.net\/?attachment_id=226242\" rel=\"attachment wp-att-226242\"><img loading=\"lazy\" decoding=\"async\" class=\"aligncenter size-large wp-image-226242\" src=\"http:\/\/www.diarioimagen.net\/wp-content\/uploads\/2015\/07\/arco-2656-420x280.jpg\" alt=\"arco-2656\" width=\"420\" height=\"280\" srcset=\"https:\/\/www.diarioimagen.net\/wp-content\/uploads\/2015\/07\/arco-2656-420x280.jpg 420w, https:\/\/www.diarioimagen.net\/wp-content\/uploads\/2015\/07\/arco-2656-240x160.jpg 240w, https:\/\/www.diarioimagen.net\/wp-content\/uploads\/2015\/07\/arco-2656.jpg 1200w\" sizes=\"auto, (max-width: 420px) 100vw, 420px\" \/><\/a><\/p>\n<p>El gobernador Eruviel \u00c1vila Villegas expres\u00f3 el inter\u00e9s de su administraci\u00f3n de trabajar coordinadamente con todos los grupos parlamentarios que conformar\u00e1n la LIX Legislatura local, a trav\u00e9s de un di\u00e1logo abierto y fluido, y construyendo alianzas que permitan generar consensos en beneficio del Estado de M\u00e9xico. Al asistir a la invitaci\u00f3n que le hicieron los diputados locales electos de los partidos Revolucionario Institucional (PRI), Nueva Alianza, Verde Ecologista de M\u00e9xico (PVEM) y Encuentro Social, para sostener un di\u00e1logo, el titular del Ejecutivo estatal destac\u00f3 que en el gobierno del Estado de M\u00e9xico los legisladores tienen a un aliado, porque al trabajar de manera conjunta se podr\u00e1 seguir moviendo a M\u00e9xico a trav\u00e9s del impulso de las reformas transformadoras que se han concretado, con la finalidad de dar resultados a los mexiquenses. Asegur\u00f3 que ser\u00e1 solidario con la agenda legislativa que propongan, sobre todo con aquellas iniciativas que coincidan con el Plan de Desarrollo del Gobierno del Estado de M\u00e9xico. Eruviel \u00c1vila destac\u00f3 la alianza legislativa que conformar\u00e1n los partidos Nueva Alianza, PRI, PVEM y Encuentro Social, cuando entre en funciones la pr\u00f3xima Legislatura estatal, a quienes tambi\u00e9n les reiter\u00f3 el respaldo de su administraci\u00f3n, respetando siempre las funciones del Poder Legislativo. Adem\u00e1s, les expres\u00f3 su inter\u00e9s de que esta alianza traiga beneficios para el presente y futuro del Edom\u00e9x, para que los mexiquenses tengan mejores condiciones de vida, ya que la poblaci\u00f3n espera mucho de la administraci\u00f3n estatal, de sus legisladores, del Poder Judicial y de las autoridades municipales.<\/p>\n","protected":false},"excerpt":{"rendered":"<p><span style=\"color: #005497;\"><strong>Jos\u00e9 Luis Monta\u00f1ez Aguilar<\/strong><\/span><br \/>\n<br \/>\nEl gobernador Eruviel \u00c1vila Villegas expres\u00f3 el inter\u00e9s de su administraci\u00f3n de trabajar coordinadamente con todos los grupos parlamentarios que conformar\u00e1n la LIX Legislatura local, a trav\u00e9s de un di\u00e1logo abierto y fluido, y construyendo alianzas que permitan generar consensos en beneficio del Estado de M\u00e9xico.<\/p>\n","protected":false},"author":3,"featured_media":226242,"comment_status":"open","ping_status":"open","sticky":false,"template":"","format":"standard","meta":{"_monsterinsights_skip_tracking":false,"_monsterinsights_sitenote_active":false,"_monsterinsights_sitenote_note":"","_monsterinsights_sitenote_category":0,"footnotes":""},"categories":[5],"tags":[13284,43704,43674],"class_list":["post-226150","post","type-post","status-publish","format-standard","has-post-thumbnail","hentry","category-estado-de-mexico","tag-arco-norte","tag-jose-luis-montanez-aguilar","tag-opinion"],"_links":{"self":[{"href":"https:\/\/www.diarioimagen.net\/index.php?rest_route=\/wp\/v2\/posts\/226150","targetHints":{"allow":["GET"]}}],"collection":[{"href":"https:\/\/www.diarioimagen.net\/index.php?rest_route=\/wp\/v2\/posts"}],"about":[{"href":"https:\/\/www.diarioimagen.net\/index.php?rest_route=\/wp\/v2\/types\/post"}],"author":[{"embeddable":true,"href":"https:\/\/www.diarioimagen.net\/index.php?rest_route=\/wp\/v2\/users\/3"}],"replies":[{"embeddable":true,"href":"https:\/\/www.diarioimagen.net\/index.php?rest_route=%2Fwp%2Fv2%2Fcomments&post=226150"}],"version-history":[{"count":0,"href":"https:\/\/www.diarioimagen.net\/index.php?rest_route=\/wp\/v2\/posts\/226150\/revisions"}],"wp:featuredmedia":[{"embeddable":true,"href":"https:\/\/www.diarioimagen.net\/index.php?rest_route=\/wp\/v2\/media\/226242"}],"wp:attachment":[{"href":"https:\/\/www.diarioimagen.net\/index.php?rest_route=%2Fwp%2Fv2%2Fmedia&parent=226150"}],"wp:term":[{"taxonomy":"category","embeddable":true,"href":"https:\/\/www.diarioimagen.net\/index.php?rest_route=%2Fwp%2Fv2%2Fcategories&post=226150"},{"taxonomy":"post_tag","embeddable":true,"href":"https:\/\/www.diarioimagen.net\/index.php?rest_route=%2Fwp%2Fv2%2Ftags&post=226150"}],"curies":[{"name":"wp","href":"https:\/\/api.w.org\/{rel}","templated":true}]}}