{"id":226184,"date":"2015-07-17T00:07:02","date_gmt":"2015-07-17T05:07:02","guid":{"rendered":"http:\/\/www.diarioimagen.net\/?p=226184"},"modified":"2015-07-17T03:44:04","modified_gmt":"2015-07-17T08:44:04","slug":"realizan-en-naucalpan-trabajos-de-bacheo-en-frio","status":"publish","type":"post","link":"https:\/\/www.diarioimagen.net\/?p=226184","title":{"rendered":"Realizan en Naucalpan trabajos de bacheo en fr\u00edo"},"content":{"rendered":"<ul>\n<li><strong><em>Recursos por casi 10 mdp<\/em><\/strong><\/li>\n<\/ul>\n<div id=\"attachment_226269\" style=\"width: 250px\" class=\"wp-caption alignleft\"><a href=\"http:\/\/www.diarioimagen.net\/?attachment_id=226269\" rel=\"attachment wp-att-226269\"><img loading=\"lazy\" decoding=\"async\" aria-describedby=\"caption-attachment-226269\" class=\"size-medium wp-image-226269\" src=\"http:\/\/www.diarioimagen.net\/wp-content\/uploads\/2015\/07\/NAUCALPAN-2656-240x135.jpg\" alt=\"Se cumplir\u00e1n las necesidades de vivienda para las personas que ganan menos de 2.5 salarios m\u00ednimos.\" width=\"240\" height=\"135\" srcset=\"https:\/\/www.diarioimagen.net\/wp-content\/uploads\/2015\/07\/NAUCALPAN-2656-240x135.jpg 240w, https:\/\/www.diarioimagen.net\/wp-content\/uploads\/2015\/07\/NAUCALPAN-2656-420x236.jpg 420w, https:\/\/www.diarioimagen.net\/wp-content\/uploads\/2015\/07\/NAUCALPAN-2656-235x132.jpg 235w, https:\/\/www.diarioimagen.net\/wp-content\/uploads\/2015\/07\/NAUCALPAN-2656-202x114.jpg 202w, https:\/\/www.diarioimagen.net\/wp-content\/uploads\/2015\/07\/NAUCALPAN-2656-350x196.jpg 350w, https:\/\/www.diarioimagen.net\/wp-content\/uploads\/2015\/07\/NAUCALPAN-2656-220x123.jpg 220w, https:\/\/www.diarioimagen.net\/wp-content\/uploads\/2015\/07\/NAUCALPAN-2656-237x132.jpg 237w, https:\/\/www.diarioimagen.net\/wp-content\/uploads\/2015\/07\/NAUCALPAN-2656.jpg 480w\" sizes=\"auto, (max-width: 240px) 100vw, 240px\" \/><\/a><p id=\"caption-attachment-226269\" class=\"wp-caption-text\">Se cumplir\u00e1n las necesidades de vivienda para las personas que ganan menos de 2.5 salarios m\u00ednimos.<\/p><\/div>\n<p><strong>Naucalpan, Estado de M\u00e9xico<\/strong>.-\u00a0El gobierno municipal que encabeza Claudia Oyoque Ortiz, a trav\u00e9s de la Direcci\u00f3n de Obras P\u00fablicas, lleva a cabo trabajos de bacheo en frio en diferentes calles y avenidas del territorio municipal con recursos provenientes del Fondo Estatal de Fortalecimiento Municipal (FEFOM).<\/p>\n<p>El pasado 10 de junio, en sesi\u00f3n de Cabildo, los s\u00edndicos, regidores y la presidenta municipal, Claudia Oyoque Ortiz, aprobaron el acuerdo por el que se autoriz\u00f3 la disponibilidad de 9 millones 940 mil 422 mil pesos del FEFOM, para canalizarlos al mantenimiento de la superficie de rodamiento en calles de los diferentes pueblos, colonias y fraccionamientos.<\/p>\n<p>Hasta el momento se han realizado trabajos de bacheo en fr\u00edo en calles y avenidas de las colonias Las Huertas I; Lomas de San Agust\u00edn y en el fraccionamiento La Alte\u00f1a III, inform\u00f3 el director de Obras P\u00fablicas Armando de Anda Sol\u00eds.<\/p>\n<p>\u201cLos trabajos consisten en la limpieza de la superficie a bachear por medio de aire a presi\u00f3n, aplicaci\u00f3n de riego de liga, colocaci\u00f3n de mezcla asf\u00e1ltica en fr\u00edo aplicada a presi\u00f3n denominada \u201cVelocity Patching\u201d, aplicaci\u00f3n de sello a base de emulsi\u00f3n asf\u00e1ltica y riego arena, la cual sufre la compactaci\u00f3n con el paso de los veh\u00edculos\u201d, explic\u00f3.<\/p>\n<p>Los recursos son procedentes del FEFOM y los trabajos se llevar\u00e1n a cabo del 25 de junio al 24 de agosto del 2015, con bacheo en frio en una superficie de 23 mil 870 metros cuadrados, coment\u00f3 el director de Obras P\u00fablicas.<\/p>\n<p><strong>\u00a0<\/strong><\/p>\n<p><strong>\u00a0<\/strong><\/p>\n<p><strong>Se realizan<\/strong> trabajos de bacheo en fr\u00edo en diferentes calles y avenidas del territorio de Naucalpan.<\/p>\n","protected":false},"excerpt":{"rendered":"<p>El gobierno municipal que encabeza Claudia Oyoque Ortiz, a trav\u00e9s de la Direcci\u00f3n de Obras P\u00fablicas, lleva a cabo trabajos de bacheo en frio en diferentes calles y avenidas del territorio municipal con recursos provenientes del Fondo Estatal de Fortalecimiento Municipal (FEFOM).<\/p>\n","protected":false},"author":3,"featured_media":226269,"comment_status":"open","ping_status":"open","sticky":false,"template":"","format":"standard","meta":{"_monsterinsights_skip_tracking":false,"_monsterinsights_sitenote_active":false,"_monsterinsights_sitenote_note":"","_monsterinsights_sitenote_category":0,"footnotes":""},"categories":[35155],"tags":[43675,970],"class_list":["post-226184","post","type-post","status-publish","format-standard","has-post-thumbnail","hentry","category-estado-de-mexico-estado-de-mexico","tag-estado-de-mexico","tag-naucalpan"],"_links":{"self":[{"href":"https:\/\/www.diarioimagen.net\/index.php?rest_route=\/wp\/v2\/posts\/226184","targetHints":{"allow":["GET"]}}],"collection":[{"href":"https:\/\/www.diarioimagen.net\/index.php?rest_route=\/wp\/v2\/posts"}],"about":[{"href":"https:\/\/www.diarioimagen.net\/index.php?rest_route=\/wp\/v2\/types\/post"}],"author":[{"embeddable":true,"href":"https:\/\/www.diarioimagen.net\/index.php?rest_route=\/wp\/v2\/users\/3"}],"replies":[{"embeddable":true,"href":"https:\/\/www.diarioimagen.net\/index.php?rest_route=%2Fwp%2Fv2%2Fcomments&post=226184"}],"version-history":[{"count":0,"href":"https:\/\/www.diarioimagen.net\/index.php?rest_route=\/wp\/v2\/posts\/226184\/revisions"}],"wp:featuredmedia":[{"embeddable":true,"href":"https:\/\/www.diarioimagen.net\/index.php?rest_route=\/wp\/v2\/media\/226269"}],"wp:attachment":[{"href":"https:\/\/www.diarioimagen.net\/index.php?rest_route=%2Fwp%2Fv2%2Fmedia&parent=226184"}],"wp:term":[{"taxonomy":"category","embeddable":true,"href":"https:\/\/www.diarioimagen.net\/index.php?rest_route=%2Fwp%2Fv2%2Fcategories&post=226184"},{"taxonomy":"post_tag","embeddable":true,"href":"https:\/\/www.diarioimagen.net\/index.php?rest_route=%2Fwp%2Fv2%2Ftags&post=226184"}],"curies":[{"name":"wp","href":"https:\/\/api.w.org\/{rel}","templated":true}]}}