{"id":226339,"date":"2015-07-20T00:07:19","date_gmt":"2015-07-20T05:07:19","guid":{"rendered":"http:\/\/www.diarioimagen.net\/?p=226339"},"modified":"2015-07-21T03:50:20","modified_gmt":"2015-07-21T08:50:20","slug":"trabajo-en-unidad-con-alcaldes","status":"publish","type":"post","link":"https:\/\/www.diarioimagen.net\/?p=226339","title":{"rendered":"Trabajo en unidad con alcaldes"},"content":{"rendered":"<h2>Arco Norte<\/h2>\n<h5>Jos\u00e9 Luis Monta\u00f1ez Aguilar<\/h5>\n<p>&nbsp;<\/p>\n<p><a href=\"http:\/\/www.diarioimagen.net\/?attachment_id=226453\" rel=\"attachment wp-att-226453\"><img loading=\"lazy\" decoding=\"async\" class=\"aligncenter size-large wp-image-226453\" src=\"http:\/\/www.diarioimagen.net\/wp-content\/uploads\/2015\/07\/eruviel-alcaldes-2657-420x154.jpg\" alt=\"eruviel-alcaldes-2657\" width=\"420\" height=\"154\" srcset=\"https:\/\/www.diarioimagen.net\/wp-content\/uploads\/2015\/07\/eruviel-alcaldes-2657-420x154.jpg 420w, https:\/\/www.diarioimagen.net\/wp-content\/uploads\/2015\/07\/eruviel-alcaldes-2657-240x88.jpg 240w, https:\/\/www.diarioimagen.net\/wp-content\/uploads\/2015\/07\/eruviel-alcaldes-2657.jpg 1200w\" sizes=\"auto, (max-width: 420px) 100vw, 420px\" \/><\/a><\/p>\n<p>El gobernador Eruviel \u00c1vila Villegas asegur\u00f3 que trabajar\u00e1 de manera conjunta y haciendo equipo con las pr\u00f3ximas autoridades municipales en el Estado de M\u00e9xico, para dar respuesta a las demandas de la poblaci\u00f3n. \u201cMe dirijo a todos los presidentes municipales, de todas las expresiones pol\u00edticas, que por mandato legal y por convicci\u00f3n, con todos habr\u00e9 de trabajar en equipo porque lo que M\u00e9xico necesita, lo que el Estado de M\u00e9xico necesita es trabajar en unidad, hay tiempos para competir y hoy son tiempos para coincidir. Habr\u00e9 de trabajar en equipo con todas y con todos ustedes y con todas las expresiones pol\u00edticas\u201d, coment\u00f3. Al asistir como invitado a una reuni\u00f3n en Ocoyoacac con presidentes municipales electos de los partidos Revolucionario Institucional, Verde Ecologista de M\u00e9xico, Nueva Alianza y Encuentro Social, expres\u00f3 su disposici\u00f3n de trabajo conjunto, con pleno respeto a la autonom\u00eda municipal, para que tengan \u00e9xito en sus encomiendas con el apoyo del gobierno de la entidad y del gobierno federal que encabeza el presidente Enrique Pe\u00f1a Nieto. Ante Luis Castro Obreg\u00f3n, dirigente nacional del Partido Nueva Alianza y de Carlos Iriarte Mercado, presidente del Comit\u00e9 Directivo Estatal del PRI, el gobernador mexiquense coment\u00f3 que el trabajo que realicen al frente de los ayuntamientos a partir del primer d\u00eda del pr\u00f3ximo a\u00f1o, es determinante para prestigiar la pol\u00edtica, cumpli\u00e9ndole a la gente, poni\u00e9ndose en sus zapatos, en el entendido de que son los ciudadanos quienes los colocaron al frente de esas responsabilidades. Eruviel \u00c1vila consider\u00f3 que la responsabilidad de ser presidente municipal es una de las m\u00e1s importantes que un pol\u00edtico puede tener, porque implica estar cerca de la gente y servir a quien m\u00e1s lo necesita, en el momento m\u00e1s oportuno y permanente.<\/p>\n","protected":false},"excerpt":{"rendered":"<p><span style=\"color: #005497;\"><strong>Jos\u00e9 Luis Monta\u00f1ez Aguilar<\/strong><\/span><br \/>\n<br \/>\nEl gobernador Eruviel \u00c1vila Villegas asegur\u00f3 que trabajar\u00e1 de manera conjunta y haciendo equipo con las pr\u00f3ximas autoridades municipales en el Estado de M\u00e9xico, para dar respuesta a las demandas de la poblaci\u00f3n. \u201cMe dirijo a todos los presidentes municipales, de todas las expresiones pol\u00edticas, que por mandato legal y por convicci\u00f3n, con todos habr\u00e9 de trabajar en equipo porque lo que M\u00e9xico necesita, lo que el Estado de M\u00e9xico necesita es trabajar en unidad, hay tiempos para competir y hoy son tiempos para coincidir. <\/p>\n","protected":false},"author":3,"featured_media":226453,"comment_status":"open","ping_status":"open","sticky":false,"template":"","format":"standard","meta":{"_monsterinsights_skip_tracking":false,"_monsterinsights_sitenote_active":false,"_monsterinsights_sitenote_note":"","_monsterinsights_sitenote_category":0,"footnotes":""},"categories":[5],"tags":[13284,43704,43674],"class_list":["post-226339","post","type-post","status-publish","format-standard","has-post-thumbnail","hentry","category-estado-de-mexico","tag-arco-norte","tag-jose-luis-montanez-aguilar","tag-opinion"],"_links":{"self":[{"href":"https:\/\/www.diarioimagen.net\/index.php?rest_route=\/wp\/v2\/posts\/226339","targetHints":{"allow":["GET"]}}],"collection":[{"href":"https:\/\/www.diarioimagen.net\/index.php?rest_route=\/wp\/v2\/posts"}],"about":[{"href":"https:\/\/www.diarioimagen.net\/index.php?rest_route=\/wp\/v2\/types\/post"}],"author":[{"embeddable":true,"href":"https:\/\/www.diarioimagen.net\/index.php?rest_route=\/wp\/v2\/users\/3"}],"replies":[{"embeddable":true,"href":"https:\/\/www.diarioimagen.net\/index.php?rest_route=%2Fwp%2Fv2%2Fcomments&post=226339"}],"version-history":[{"count":0,"href":"https:\/\/www.diarioimagen.net\/index.php?rest_route=\/wp\/v2\/posts\/226339\/revisions"}],"wp:featuredmedia":[{"embeddable":true,"href":"https:\/\/www.diarioimagen.net\/index.php?rest_route=\/wp\/v2\/media\/226453"}],"wp:attachment":[{"href":"https:\/\/www.diarioimagen.net\/index.php?rest_route=%2Fwp%2Fv2%2Fmedia&parent=226339"}],"wp:term":[{"taxonomy":"category","embeddable":true,"href":"https:\/\/www.diarioimagen.net\/index.php?rest_route=%2Fwp%2Fv2%2Fcategories&post=226339"},{"taxonomy":"post_tag","embeddable":true,"href":"https:\/\/www.diarioimagen.net\/index.php?rest_route=%2Fwp%2Fv2%2Ftags&post=226339"}],"curies":[{"name":"wp","href":"https:\/\/api.w.org\/{rel}","templated":true}]}}