{"id":226417,"date":"2015-07-20T00:07:01","date_gmt":"2015-07-20T05:07:01","guid":{"rendered":"http:\/\/www.diarioimagen.net\/?p=226417"},"modified":"2015-07-20T05:06:20","modified_gmt":"2015-07-20T10:06:20","slug":"reconoce-el-rector-jorge-olvera-legado-de-juarez","status":"publish","type":"post","link":"https:\/\/www.diarioimagen.net\/?p=226417","title":{"rendered":"Reconoce el rector Jorge Olvera legado de Ju\u00e1rez"},"content":{"rendered":"<p><a href=\"http:\/\/www.diarioimagen.net\/?attachment_id=226461\" rel=\"attachment wp-att-226461\"><img loading=\"lazy\" decoding=\"async\" class=\"alignleft size-medium wp-image-226461\" src=\"http:\/\/www.diarioimagen.net\/wp-content\/uploads\/2015\/07\/UAEM-2657-240x135.jpg\" alt=\"UAEM-2657\" width=\"240\" height=\"135\" srcset=\"https:\/\/www.diarioimagen.net\/wp-content\/uploads\/2015\/07\/UAEM-2657-240x135.jpg 240w, https:\/\/www.diarioimagen.net\/wp-content\/uploads\/2015\/07\/UAEM-2657-420x236.jpg 420w, https:\/\/www.diarioimagen.net\/wp-content\/uploads\/2015\/07\/UAEM-2657-235x132.jpg 235w, https:\/\/www.diarioimagen.net\/wp-content\/uploads\/2015\/07\/UAEM-2657-202x114.jpg 202w, https:\/\/www.diarioimagen.net\/wp-content\/uploads\/2015\/07\/UAEM-2657-350x196.jpg 350w, https:\/\/www.diarioimagen.net\/wp-content\/uploads\/2015\/07\/UAEM-2657-220x123.jpg 220w, https:\/\/www.diarioimagen.net\/wp-content\/uploads\/2015\/07\/UAEM-2657-237x132.jpg 237w, https:\/\/www.diarioimagen.net\/wp-content\/uploads\/2015\/07\/UAEM-2657.jpg 480w\" sizes=\"auto, (max-width: 240px) 100vw, 240px\" \/><\/a>El legado de Benito Ju\u00e1rez Garc\u00eda inspira a la comunidad de la Universidad Aut\u00f3noma del Estado de M\u00e9xico a la b\u00fasqueda de una sociedad m\u00e1s justa, libre e igualitaria, asever\u00f3 el rector Jorge Olvera Garc\u00eda, quien reconoci\u00f3 en la figura del Benem\u00e9rito de las Am\u00e9ricas al m\u00e1ximo forjador del sendero de una patria democr\u00e1tica del M\u00e9xico naciente, tras la ocupaci\u00f3n extranjera.<\/p>\n<p>Luego de que acompa\u00f1ado por el subsecretario de Educaci\u00f3n Media Superior y Superior del Gobierno del Estado de M\u00e9xico, Bernardo Olvera Enciso, firm\u00f3 el Acuerdo por el cual se denomina Plaza \u201cBenito Ju\u00e1rez\u201d al patio que se encuentra al sur del Edificio de Rector\u00eda de la instituci\u00f3n, donde al centro fue colocada la estatua sedente del Benem\u00e9rito de las Am\u00e9ricas, devel\u00f3 la placa conmemorativa a la inauguraci\u00f3n del lugar.<\/p>\n","protected":false},"excerpt":{"rendered":"<p>El legado de Benito Ju\u00e1rez Garc\u00eda inspira a la comunidad de la Universidad Aut\u00f3noma del Estado de M\u00e9xico a la b\u00fasqueda de una sociedad m\u00e1s justa, libre e igualitaria, asever\u00f3 el rector Jorge Olvera Garc\u00eda, quien reconoci\u00f3 en la figura del Benem\u00e9rito de las Am\u00e9ricas al m\u00e1ximo forjador del sendero de una patria democr\u00e1tica del M\u00e9xico naciente, tras la ocupaci\u00f3n extranjera.<\/p>\n","protected":false},"author":3,"featured_media":226461,"comment_status":"open","ping_status":"open","sticky":false,"template":"","format":"standard","meta":{"_monsterinsights_skip_tracking":false,"_monsterinsights_sitenote_active":false,"_monsterinsights_sitenote_note":"","_monsterinsights_sitenote_category":0,"footnotes":""},"categories":[35155],"tags":[4092,43675,27015,1490],"class_list":["post-226417","post","type-post","status-publish","format-standard","has-post-thumbnail","hentry","category-estado-de-mexico-estado-de-mexico","tag-benito-juarez-garcia","tag-estado-de-mexico","tag-jorge-olvera-garcia","tag-universidad-autonoma-del-estado-de-mexico"],"_links":{"self":[{"href":"https:\/\/www.diarioimagen.net\/index.php?rest_route=\/wp\/v2\/posts\/226417","targetHints":{"allow":["GET"]}}],"collection":[{"href":"https:\/\/www.diarioimagen.net\/index.php?rest_route=\/wp\/v2\/posts"}],"about":[{"href":"https:\/\/www.diarioimagen.net\/index.php?rest_route=\/wp\/v2\/types\/post"}],"author":[{"embeddable":true,"href":"https:\/\/www.diarioimagen.net\/index.php?rest_route=\/wp\/v2\/users\/3"}],"replies":[{"embeddable":true,"href":"https:\/\/www.diarioimagen.net\/index.php?rest_route=%2Fwp%2Fv2%2Fcomments&post=226417"}],"version-history":[{"count":0,"href":"https:\/\/www.diarioimagen.net\/index.php?rest_route=\/wp\/v2\/posts\/226417\/revisions"}],"wp:featuredmedia":[{"embeddable":true,"href":"https:\/\/www.diarioimagen.net\/index.php?rest_route=\/wp\/v2\/media\/226461"}],"wp:attachment":[{"href":"https:\/\/www.diarioimagen.net\/index.php?rest_route=%2Fwp%2Fv2%2Fmedia&parent=226417"}],"wp:term":[{"taxonomy":"category","embeddable":true,"href":"https:\/\/www.diarioimagen.net\/index.php?rest_route=%2Fwp%2Fv2%2Fcategories&post=226417"},{"taxonomy":"post_tag","embeddable":true,"href":"https:\/\/www.diarioimagen.net\/index.php?rest_route=%2Fwp%2Fv2%2Ftags&post=226417"}],"curies":[{"name":"wp","href":"https:\/\/api.w.org\/{rel}","templated":true}]}}