{"id":226561,"date":"2015-07-21T00:13:39","date_gmt":"2015-07-21T05:13:39","guid":{"rendered":"http:\/\/www.diarioimagen.net\/?p=226561"},"modified":"2015-07-22T01:08:21","modified_gmt":"2015-07-22T06:08:21","slug":"ventajas-competitivas-del-estado","status":"publish","type":"post","link":"https:\/\/www.diarioimagen.net\/?p=226561","title":{"rendered":"Ventajas competitivas del estado"},"content":{"rendered":"<h2>Arco Norte<\/h2>\n<h5>Jos\u00e9 Luis Monta\u00f1ez Aguilar<\/h5>\n<p>&nbsp;<\/p>\n<div id=\"attachment_226640\" style=\"width: 250px\" class=\"wp-caption alignleft\"><a href=\"http:\/\/www.diarioimagen.net\/?attachment_id=226640\" rel=\"attachment wp-att-226640\"><img loading=\"lazy\" decoding=\"async\" aria-describedby=\"caption-attachment-226640\" class=\"wp-image-226640 size-medium\" src=\"http:\/\/www.diarioimagen.net\/wp-content\/uploads\/2015\/07\/liverpool-atizapan-2658-240x135.jpg\" alt=\"Con las obras a realizar se generar\u00e1n m\u00e1s de 6 mil 800 empleos.\" width=\"240\" height=\"135\" srcset=\"https:\/\/www.diarioimagen.net\/wp-content\/uploads\/2015\/07\/liverpool-atizapan-2658-240x135.jpg 240w, https:\/\/www.diarioimagen.net\/wp-content\/uploads\/2015\/07\/liverpool-atizapan-2658-420x236.jpg 420w, https:\/\/www.diarioimagen.net\/wp-content\/uploads\/2015\/07\/liverpool-atizapan-2658-235x132.jpg 235w, https:\/\/www.diarioimagen.net\/wp-content\/uploads\/2015\/07\/liverpool-atizapan-2658-202x114.jpg 202w, https:\/\/www.diarioimagen.net\/wp-content\/uploads\/2015\/07\/liverpool-atizapan-2658-350x196.jpg 350w, https:\/\/www.diarioimagen.net\/wp-content\/uploads\/2015\/07\/liverpool-atizapan-2658-220x123.jpg 220w, https:\/\/www.diarioimagen.net\/wp-content\/uploads\/2015\/07\/liverpool-atizapan-2658-237x132.jpg 237w, https:\/\/www.diarioimagen.net\/wp-content\/uploads\/2015\/07\/liverpool-atizapan-2658.jpg 480w\" sizes=\"auto, (max-width: 240px) 100vw, 240px\" \/><\/a><p id=\"caption-attachment-226640\" class=\"wp-caption-text\">Con las obras a realizar se generar\u00e1n m\u00e1s de 6 mil 800 empleos.<\/p><\/div>\n<p>Eruviel \u00c1vila destac\u00f3 que gracias a las ventajas competitivas que se brindan en el Estado de M\u00e9xico, aunado a las reformas transformadoras impulsadas por el gobierno federal, los empresarios saben que en esta entidad existen condiciones propicias para hacer crecer sus inversiones y generar m\u00e1s oportunidades de empleo para la poblaci\u00f3n. Ante este panorama, el mandatario estatal anunci\u00f3 que este a\u00f1o la empresa Liverpool realizar\u00e1 una inversi\u00f3n superior a los mil 900 millones de pesos para la construcci\u00f3n de dos nuevas tiendas de su cadena, en Coacalco y Tlalnepantla; la creaci\u00f3n de tres F\u00e1bricas de Francia, en Chimalhuac\u00e1n, Texcoco y\u00a0 Zumpango, y la ampliaci\u00f3n de los centros comerciales Galer\u00edas Atizap\u00e1n y Perinorte, con lo que se generar\u00e1n m\u00e1s de 6 mil 800 empleos, inversiones que ubican al Estado de M\u00e9xico como la entidad del pa\u00eds donde m\u00e1s recursos destina esta empresa mexicana, que cuenta ya con 16 establecimientos en operaci\u00f3n en territorio mexiquense. En el Sal\u00f3n del Pueblo del Palacio de Gobierno, Eruviel \u00c1vila indic\u00f3 que se han brindado todas las facilidades administrativas y el apoyo legal necesario para que la inversi\u00f3n de Liverpool genere bienestar a empresarios y a la sociedad, y garantiz\u00f3 que el gobierno estatal seguir\u00e1 propiciando condiciones para hacer del Estado de M\u00e9xico una entidad a\u00fan m\u00e1s atractiva para los inversionistas, por lo que se trabaja en coordinaci\u00f3n con instituciones educativas, como la UAEM para mejorar la formaci\u00f3n de las nuevas generaciones. El titular del Ejecutivo mexiquense refiri\u00f3 que durante la actual administraci\u00f3n, el estado ha captado m\u00e1s de nueve mil 900 millones de d\u00f3lares de inversiones nacionales y extranjeras, permitiendo generar m\u00e1s de 195 mil nuevas plazas formales de empleo.<\/p>\n<p><em><a href=\"mailto:montanezaguilar@gmail.com\" target=\"_blank\">montanezaguilar@gmail.com<\/a><\/em><\/p>\n","protected":false},"excerpt":{"rendered":"<p><span style=\"color: #005497;\"><strong>Jos\u00e9 Luis Monta\u00f1ez Aguilar<\/strong><\/span><br \/>\n<br \/>\nEruviel \u00c1vila destac\u00f3 que gracias a las ventajas competitivas que se brindan en el Estado de M\u00e9xico, aunado a las reformas transformadoras impulsadas por el gobierno federal, los empresarios saben que en esta entidad existen condiciones propicias para hacer crecer sus inversiones y generar m\u00e1s oportunidades de empleo para la poblaci\u00f3n. <\/p>\n","protected":false},"author":3,"featured_media":226640,"comment_status":"open","ping_status":"open","sticky":false,"template":"","format":"standard","meta":{"_monsterinsights_skip_tracking":false,"_monsterinsights_sitenote_active":false,"_monsterinsights_sitenote_note":"","_monsterinsights_sitenote_category":0,"footnotes":""},"categories":[5],"tags":[13284,43704,43674],"class_list":["post-226561","post","type-post","status-publish","format-standard","has-post-thumbnail","hentry","category-estado-de-mexico","tag-arco-norte","tag-jose-luis-montanez-aguilar","tag-opinion"],"_links":{"self":[{"href":"https:\/\/www.diarioimagen.net\/index.php?rest_route=\/wp\/v2\/posts\/226561","targetHints":{"allow":["GET"]}}],"collection":[{"href":"https:\/\/www.diarioimagen.net\/index.php?rest_route=\/wp\/v2\/posts"}],"about":[{"href":"https:\/\/www.diarioimagen.net\/index.php?rest_route=\/wp\/v2\/types\/post"}],"author":[{"embeddable":true,"href":"https:\/\/www.diarioimagen.net\/index.php?rest_route=\/wp\/v2\/users\/3"}],"replies":[{"embeddable":true,"href":"https:\/\/www.diarioimagen.net\/index.php?rest_route=%2Fwp%2Fv2%2Fcomments&post=226561"}],"version-history":[{"count":0,"href":"https:\/\/www.diarioimagen.net\/index.php?rest_route=\/wp\/v2\/posts\/226561\/revisions"}],"wp:featuredmedia":[{"embeddable":true,"href":"https:\/\/www.diarioimagen.net\/index.php?rest_route=\/wp\/v2\/media\/226640"}],"wp:attachment":[{"href":"https:\/\/www.diarioimagen.net\/index.php?rest_route=%2Fwp%2Fv2%2Fmedia&parent=226561"}],"wp:term":[{"taxonomy":"category","embeddable":true,"href":"https:\/\/www.diarioimagen.net\/index.php?rest_route=%2Fwp%2Fv2%2Fcategories&post=226561"},{"taxonomy":"post_tag","embeddable":true,"href":"https:\/\/www.diarioimagen.net\/index.php?rest_route=%2Fwp%2Fv2%2Ftags&post=226561"}],"curies":[{"name":"wp","href":"https:\/\/api.w.org\/{rel}","templated":true}]}}