{"id":226593,"date":"2015-07-21T00:08:16","date_gmt":"2015-07-21T05:08:16","guid":{"rendered":"http:\/\/www.diarioimagen.net\/?p=226593"},"modified":"2015-07-22T01:08:31","modified_gmt":"2015-07-22T06:08:31","slug":"neri-vela-comparte-experiencias-con-jovenes-de-nezahualcoyotl","status":"publish","type":"post","link":"https:\/\/www.diarioimagen.net\/?p=226593","title":{"rendered":"Neri Vela comparte experiencias con j\u00f3venes de Nezahualc\u00f3yotl"},"content":{"rendered":"<ul>\n<li><strong><em>Exhorto a seguir su ejemplo<\/em><\/strong><\/li>\n<\/ul>\n<div id=\"attachment_226649\" style=\"width: 250px\" class=\"wp-caption alignleft\"><a href=\"http:\/\/www.diarioimagen.net\/?attachment_id=226649\" rel=\"attachment wp-att-226649\"><img loading=\"lazy\" decoding=\"async\" aria-describedby=\"caption-attachment-226649\" class=\"wp-image-226649 size-medium\" src=\"http:\/\/www.diarioimagen.net\/wp-content\/uploads\/2015\/07\/neri-vela-2658-240x135.jpg\" alt=\"El primer astronauta mexicano, Rodolfo Neri Vela, recibi\u00f3 un reconocimiento de la instituci\u00f3n por el apoyo en infraestructura que le ha brindado.\" width=\"240\" height=\"135\" srcset=\"https:\/\/www.diarioimagen.net\/wp-content\/uploads\/2015\/07\/neri-vela-2658-240x135.jpg 240w, https:\/\/www.diarioimagen.net\/wp-content\/uploads\/2015\/07\/neri-vela-2658-420x236.jpg 420w, https:\/\/www.diarioimagen.net\/wp-content\/uploads\/2015\/07\/neri-vela-2658-235x132.jpg 235w, https:\/\/www.diarioimagen.net\/wp-content\/uploads\/2015\/07\/neri-vela-2658-202x114.jpg 202w, https:\/\/www.diarioimagen.net\/wp-content\/uploads\/2015\/07\/neri-vela-2658-350x196.jpg 350w, https:\/\/www.diarioimagen.net\/wp-content\/uploads\/2015\/07\/neri-vela-2658-220x123.jpg 220w, https:\/\/www.diarioimagen.net\/wp-content\/uploads\/2015\/07\/neri-vela-2658-237x132.jpg 237w, https:\/\/www.diarioimagen.net\/wp-content\/uploads\/2015\/07\/neri-vela-2658.jpg 480w\" sizes=\"auto, (max-width: 240px) 100vw, 240px\" \/><\/a><p id=\"caption-attachment-226649\" class=\"wp-caption-text\">El primer astronauta mexicano, Rodolfo Neri Vela, recibi\u00f3 un reconocimiento de la instituci\u00f3n por el apoyo en infraestructura que le ha brindado.<\/p><\/div>\n<p>Los j\u00f3venes de M\u00e9xico son nuestro presente, por eso deben estudiar y prepararse para ser las personas que lleven adelante al pa\u00eds y le garanticen un futuro, dijo el diputado Armando Soto Espino, a los egresados de la generaci\u00f3n 2012 -2015 de la Secundaria T\u00e9cnica 17 \u201cEmilio Portes Gil\u201d de Nezahualc\u00f3yotl, quienes tambi\u00e9n escucharon la conferencia \u201cLa vuelta al mundo en 90 minutos\u201d impartida por el primer astronauta mexicano Rodolfo Neri Vela.<\/p>\n<p>Como parte del ciclo de conferencias de Rodolfo Neri, quien tambi\u00e9n se present\u00f3 en el\u00a0Auditorio Alfredo del Mazo de este municipio, en presencia del diputado local Silvestre Garc\u00eda Moreno, adem\u00e1s de los diputados federales V\u00edctor Manuel Bautista L\u00f3pez y Joaquina Navarrete Contreras, el legislador convoc\u00f3 a los j\u00f3venes a asumir \u201cel compromiso de una batalla en contra de la injusticia social, la desigualdad, el abuso y la corrupci\u00f3n que nos envilecen y denigran, buscando consolidar un prestigio de honradez y trabajo\u201d.<\/p>\n<p>Acompa\u00f1ado de Ricardo Armando Ordiano P\u00e9rez, quinto regidor de Nezahualc\u00f3yotl; Ana Yeli Rodr\u00edguez Montiel, subdirectora del plantel, y del supervisor Jos\u00e9 Juan Rangel Estrada, adem\u00e1s de los integrantes de la Sociedad de Padres de Familia y del Consejo Escolar de Participaci\u00f3n Social, el diputado, tambi\u00e9n ex alumno de este plantel, indic\u00f3 que deben identificar tres grandes inercias que deben superar: la de la pereza, las pasiones y la desesperanza.<\/p>\n<p>Al t\u00e9rmino de su participaci\u00f3n, recibi\u00f3 un reconocimiento de la instituci\u00f3n por el apoyo en infraestructura que le ha brindado, como el teatro al aire libre y el sombreado de los patios, adem\u00e1s de pintura, impermeabilizante y otros insumos.<\/p>\n","protected":false},"excerpt":{"rendered":"<p>Los j\u00f3venes de M\u00e9xico son nuestro presente, por eso deben estudiar y prepararse para ser las personas que lleven adelante al pa\u00eds y le garanticen un futuro, dijo el diputado Armando Soto Espino, a los egresados de la generaci\u00f3n 2012 -2015 de la Secundaria T\u00e9cnica 17 \u201cEmilio Portes Gil\u201d de Nezahualc\u00f3yotl, quienes tambi\u00e9n escucharon la conferencia \u201cLa vuelta al mundo en 90 minutos\u201d impartida por el primer astronauta mexicano Rodolfo Neri Vela.<\/p>\n","protected":false},"author":3,"featured_media":226649,"comment_status":"open","ping_status":"open","sticky":false,"template":"","format":"standard","meta":{"_monsterinsights_skip_tracking":false,"_monsterinsights_sitenote_active":false,"_monsterinsights_sitenote_note":"","_monsterinsights_sitenote_category":0,"footnotes":""},"categories":[5],"tags":[43675,1577],"class_list":["post-226593","post","type-post","status-publish","format-standard","has-post-thumbnail","hentry","category-estado-de-mexico","tag-estado-de-mexico","tag-nezahualcoyotl"],"_links":{"self":[{"href":"https:\/\/www.diarioimagen.net\/index.php?rest_route=\/wp\/v2\/posts\/226593","targetHints":{"allow":["GET"]}}],"collection":[{"href":"https:\/\/www.diarioimagen.net\/index.php?rest_route=\/wp\/v2\/posts"}],"about":[{"href":"https:\/\/www.diarioimagen.net\/index.php?rest_route=\/wp\/v2\/types\/post"}],"author":[{"embeddable":true,"href":"https:\/\/www.diarioimagen.net\/index.php?rest_route=\/wp\/v2\/users\/3"}],"replies":[{"embeddable":true,"href":"https:\/\/www.diarioimagen.net\/index.php?rest_route=%2Fwp%2Fv2%2Fcomments&post=226593"}],"version-history":[{"count":0,"href":"https:\/\/www.diarioimagen.net\/index.php?rest_route=\/wp\/v2\/posts\/226593\/revisions"}],"wp:featuredmedia":[{"embeddable":true,"href":"https:\/\/www.diarioimagen.net\/index.php?rest_route=\/wp\/v2\/media\/226649"}],"wp:attachment":[{"href":"https:\/\/www.diarioimagen.net\/index.php?rest_route=%2Fwp%2Fv2%2Fmedia&parent=226593"}],"wp:term":[{"taxonomy":"category","embeddable":true,"href":"https:\/\/www.diarioimagen.net\/index.php?rest_route=%2Fwp%2Fv2%2Fcategories&post=226593"},{"taxonomy":"post_tag","embeddable":true,"href":"https:\/\/www.diarioimagen.net\/index.php?rest_route=%2Fwp%2Fv2%2Ftags&post=226593"}],"curies":[{"name":"wp","href":"https:\/\/api.w.org\/{rel}","templated":true}]}}