{"id":226600,"date":"2015-07-21T00:01:59","date_gmt":"2015-07-21T05:01:59","guid":{"rendered":"http:\/\/www.diarioimagen.net\/?p=226600"},"modified":"2015-07-21T02:35:28","modified_gmt":"2015-07-21T07:35:28","slug":"acto-de-fe","status":"publish","type":"post","link":"https:\/\/www.diarioimagen.net\/?p=226600","title":{"rendered":"Acto de fe"},"content":{"rendered":"<h2>Folclor urbano<\/h2>\n<h5>Salvador Estrada<\/h5>\n<p>&nbsp;<\/p>\n<p>Los\u00a0 programas sociales que organizan los pol\u00edticos requieren\u00a0 del dogma\u00a0 de la fe, porque sin \u00e9l\u00a0 no se puede creer lo que \u201chacen y dicen\u201d cuando se llega a la rendici\u00f3n de cuentas.<\/p>\n<p>El pr\u00f3ximo mi\u00e9rcoles, Gonzalo Hern\u00e1ndez\u00a0 Licona, secretario ejecutivo del Consejo Nacional de Evaluaci\u00f3n Pol\u00edtica de Desarrollo Social (Coneval), dar\u00e1 a conocer el \u00edndice de pobreza en M\u00e9xico, que se espera, aumentar\u00e1.<\/p>\n<p>El funcionario considera que el n\u00famero de familias en condici\u00f3n de precariedad aumentar\u00e1 en el pa\u00eds ya que no les ha ido muy bien en\u00a0 sus ingresos por el aumento en el precio de los\u00a0 alimentos.<\/p>\n<p>Y el Partido Acci\u00f3n Nacional, a trav\u00e9s de uno de sus diputados, Marcelo Torres, considera que no\u00a0 se ve ninguna mejor\u00eda en el combate a la pobreza, que el gobierno federal lleva a cabo mediante los programas, como Prospera.<\/p>\n<p>De inmediato, Rosario Robles, secretaria de Sedesol, asegura que la pol\u00edtica social en 2014, ha permitido\u00a0 que el ingreso de los pobres haya aumentado, frente al resto de la poblaci\u00f3n.<\/p>\n<p>Entonces es necesario saber qui\u00e9n\u00a0dice la verdad. La declaraci\u00f3n panista \u00bfes pura grilla? para atacar al gobierno federal y a sus instituciones, sin tener pruebas\u00a0 que sostengan\u00a0 el dicho.<\/p>\n<p>Rosario Robles est\u00e1 en su papel. Ella sabe bien cu\u00e1ntos son los pobres que viven en\u00a0 M\u00e9xico y a cu\u00e1ntos se ha ayudado a vivir mejor (es un decir).<\/p>\n<p>Pero como nadie tiene las pruebas en su mano entonces entra la duda. Y he\u00a0 aqu\u00ed que tenemos que recurrir a la fe para creer lo bueno, no lo malo.<\/p>\n<p>La pol\u00edtica ya se volvi\u00f3 \u201cacto de fe\u201d y los pol\u00edticos y sus partidos deben cumplir con sus programas y ganarse la confianza de la ciudadan\u00eda. Tienen tres a\u00f1os, los diputados y jefes delegacionales para cumplir sus promesas de campa\u00f1a. Si lo hacen bien podr\u00edan ser reelectos y si no\u2026\u201dque les vaya bien \u201c por no escribir palabras altisonantes porque da\u00f1ar\u00eda su imagen pol\u00edtica, que muchos la cuidan como si fuera la virginidad de una doncella.<\/p>\n<p><em><a href=\"mailto:chavasec@yahoo.com.mx\" target=\"_blank\">chavasec@yahoo.com.mx<\/a><\/em><\/p>\n","protected":false},"excerpt":{"rendered":"<p><span style=\"color: #005497;\"><strong>Salvador Estrada<\/strong><\/span><\/p>\n","protected":false},"author":3,"featured_media":0,"comment_status":"open","ping_status":"open","sticky":false,"template":"","format":"standard","meta":{"_monsterinsights_skip_tracking":false,"_monsterinsights_sitenote_active":false,"_monsterinsights_sitenote_note":"","_monsterinsights_sitenote_category":0,"footnotes":""},"categories":[41601],"tags":[41599,43674,41600],"class_list":["post-226600","post","type-post","status-publish","format-standard","hentry","category-salvador-estrada-opinion","tag-folclor-urbano","tag-opinion","tag-salvador-estrada"],"_links":{"self":[{"href":"https:\/\/www.diarioimagen.net\/index.php?rest_route=\/wp\/v2\/posts\/226600","targetHints":{"allow":["GET"]}}],"collection":[{"href":"https:\/\/www.diarioimagen.net\/index.php?rest_route=\/wp\/v2\/posts"}],"about":[{"href":"https:\/\/www.diarioimagen.net\/index.php?rest_route=\/wp\/v2\/types\/post"}],"author":[{"embeddable":true,"href":"https:\/\/www.diarioimagen.net\/index.php?rest_route=\/wp\/v2\/users\/3"}],"replies":[{"embeddable":true,"href":"https:\/\/www.diarioimagen.net\/index.php?rest_route=%2Fwp%2Fv2%2Fcomments&post=226600"}],"version-history":[{"count":0,"href":"https:\/\/www.diarioimagen.net\/index.php?rest_route=\/wp\/v2\/posts\/226600\/revisions"}],"wp:attachment":[{"href":"https:\/\/www.diarioimagen.net\/index.php?rest_route=%2Fwp%2Fv2%2Fmedia&parent=226600"}],"wp:term":[{"taxonomy":"category","embeddable":true,"href":"https:\/\/www.diarioimagen.net\/index.php?rest_route=%2Fwp%2Fv2%2Fcategories&post=226600"},{"taxonomy":"post_tag","embeddable":true,"href":"https:\/\/www.diarioimagen.net\/index.php?rest_route=%2Fwp%2Fv2%2Ftags&post=226600"}],"curies":[{"name":"wp","href":"https:\/\/api.w.org\/{rel}","templated":true}]}}