{"id":226754,"date":"2015-07-22T00:13:23","date_gmt":"2015-07-22T05:13:23","guid":{"rendered":"http:\/\/www.diarioimagen.net\/?p=226754"},"modified":"2015-07-22T04:29:19","modified_gmt":"2015-07-22T09:29:19","slug":"beneplacito-por-acciones-en-favor-de-la-ensenanza","status":"publish","type":"post","link":"https:\/\/www.diarioimagen.net\/?p=226754","title":{"rendered":"Benepl\u00e1cito por acciones en favor de la ense\u00f1anza"},"content":{"rendered":"<h2>Arco Norte<\/h2>\n<h5>Jos\u00e9 Luis Monta\u00f1ez Aguilar<\/h5>\n<p>&nbsp;<\/p>\n<p><a href=\"http:\/\/www.diarioimagen.net\/?attachment_id=226846\" rel=\"attachment wp-att-226846\"><img loading=\"lazy\" decoding=\"async\" class=\"alignleft size-medium wp-image-226846\" src=\"http:\/\/www.diarioimagen.net\/wp-content\/uploads\/2015\/07\/conago-2659-240x135.jpg\" alt=\"conago-2659\" width=\"240\" height=\"135\" srcset=\"https:\/\/www.diarioimagen.net\/wp-content\/uploads\/2015\/07\/conago-2659-240x135.jpg 240w, https:\/\/www.diarioimagen.net\/wp-content\/uploads\/2015\/07\/conago-2659-420x236.jpg 420w, https:\/\/www.diarioimagen.net\/wp-content\/uploads\/2015\/07\/conago-2659-235x132.jpg 235w, https:\/\/www.diarioimagen.net\/wp-content\/uploads\/2015\/07\/conago-2659-202x114.jpg 202w, https:\/\/www.diarioimagen.net\/wp-content\/uploads\/2015\/07\/conago-2659-350x196.jpg 350w, https:\/\/www.diarioimagen.net\/wp-content\/uploads\/2015\/07\/conago-2659-220x123.jpg 220w, https:\/\/www.diarioimagen.net\/wp-content\/uploads\/2015\/07\/conago-2659-237x132.jpg 237w, https:\/\/www.diarioimagen.net\/wp-content\/uploads\/2015\/07\/conago-2659.jpg 480w\" sizes=\"auto, (max-width: 240px) 100vw, 240px\" \/><\/a>Eruviel \u00c1vila Villegas, en su calidad de presidente de Conago, celebr\u00f3 la decisi\u00f3n del gobierno federal y estatal, de ir hacia adelante en la aplicaci\u00f3n de la reforma educativa en el estado de Oaxaca, en beneficio de la ni\u00f1ez y la juventud estudiantil de aquella entidad. \u201cLa reforma educativa es la m\u00e1s importante, la primera que impuls\u00f3 el presidente Enrique Pe\u00f1a Nieto y todos los gobiernos locales estamos obligados a hacer la parte que nos toca para que esa reforma tenga vigencia y se traduzca en mayor calidad educativa para nuestros alumnos que son quienes nos deben preocupar y ocupar siempre\u201d, expres\u00f3. El mandatario estatal afirm\u00f3 que la reforma educativa que impuls\u00f3 el presidente Enrique Pe\u00f1a Nieto es la primera y la m\u00e1s importante; en este sentido consider\u00f3 que todos los gobiernos locales deben hacer la parte que les corresponde para que tenga vigencia y se traduzca en mayor calidad de la ense\u00f1anza para los alumnos, por lo que la Conago seguir\u00e1 promovi\u00e9ndola. En este sentido, extern\u00f3 una felicitaci\u00f3n de los integrantes de la Conferencia Nacional de Gobernadores a su hom\u00f3logo de Oaxaca, Gabino Cu\u00e9, por la creaci\u00f3n de un nuevo Instituto de Educaci\u00f3n, que ser\u00e1 un organismo descentralizado, con personalidad jur\u00eddica y autonom\u00eda de gesti\u00f3n, hecho que marca el inicio de una nueva era en la que el estado recuperar\u00e1 la rector\u00eda en el tema educativo, con la creaci\u00f3n de un nuevo Instituto de Educaci\u00f3n, que antepondr\u00e1 los intereses de los ni\u00f1os y j\u00f3venes estudiantes, sin afectar los derechos de los maestros.<\/p>\n<p><em><a href=\"mailto:montanezaguilar@gmail.com\" target=\"_blank\">montanezaguilar@gmail.com<\/a><\/em><\/p>\n","protected":false},"excerpt":{"rendered":"<p><span style=\"color: #005497;\"><strong>Jos\u00e9 Luis Monta\u00f1ez Aguilar<\/strong><\/span><br \/>\n<br \/>\nEruviel \u00c1vila Villegas, en su calidad de presidente de Conago, celebr\u00f3 la decisi\u00f3n del gobierno federal y estatal, de ir hacia adelante en la aplicaci\u00f3n de la reforma educativa en el estado de Oaxaca, en beneficio de la ni\u00f1ez y la juventud estudiantil de aquella entidad.<\/p>\n","protected":false},"author":3,"featured_media":226846,"comment_status":"open","ping_status":"open","sticky":false,"template":"","format":"standard","meta":{"_monsterinsights_skip_tracking":false,"_monsterinsights_sitenote_active":false,"_monsterinsights_sitenote_note":"","_monsterinsights_sitenote_category":0,"footnotes":""},"categories":[5],"tags":[13284,43704,43674],"class_list":["post-226754","post","type-post","status-publish","format-standard","has-post-thumbnail","hentry","category-estado-de-mexico","tag-arco-norte","tag-jose-luis-montanez-aguilar","tag-opinion"],"_links":{"self":[{"href":"https:\/\/www.diarioimagen.net\/index.php?rest_route=\/wp\/v2\/posts\/226754","targetHints":{"allow":["GET"]}}],"collection":[{"href":"https:\/\/www.diarioimagen.net\/index.php?rest_route=\/wp\/v2\/posts"}],"about":[{"href":"https:\/\/www.diarioimagen.net\/index.php?rest_route=\/wp\/v2\/types\/post"}],"author":[{"embeddable":true,"href":"https:\/\/www.diarioimagen.net\/index.php?rest_route=\/wp\/v2\/users\/3"}],"replies":[{"embeddable":true,"href":"https:\/\/www.diarioimagen.net\/index.php?rest_route=%2Fwp%2Fv2%2Fcomments&post=226754"}],"version-history":[{"count":0,"href":"https:\/\/www.diarioimagen.net\/index.php?rest_route=\/wp\/v2\/posts\/226754\/revisions"}],"wp:featuredmedia":[{"embeddable":true,"href":"https:\/\/www.diarioimagen.net\/index.php?rest_route=\/wp\/v2\/media\/226846"}],"wp:attachment":[{"href":"https:\/\/www.diarioimagen.net\/index.php?rest_route=%2Fwp%2Fv2%2Fmedia&parent=226754"}],"wp:term":[{"taxonomy":"category","embeddable":true,"href":"https:\/\/www.diarioimagen.net\/index.php?rest_route=%2Fwp%2Fv2%2Fcategories&post=226754"},{"taxonomy":"post_tag","embeddable":true,"href":"https:\/\/www.diarioimagen.net\/index.php?rest_route=%2Fwp%2Fv2%2Ftags&post=226754"}],"curies":[{"name":"wp","href":"https:\/\/api.w.org\/{rel}","templated":true}]}}